{"id":111680,"date":"2025-12-12T19:55:10","date_gmt":"2025-12-12T19:55:10","guid":{"rendered":"https:\/\/www.europesays.com\/no\/111680\/"},"modified":"2025-12-12T19:55:10","modified_gmt":"2025-12-12T19:55:10","slug":"jo-nesbo-avslorer-ny-harry-hole-bok-i-2026","status":"publish","type":"post","link":"https:\/\/www.europesays.com\/no\/111680\/","title":{"rendered":"Jo Nesb\u00f8 avsl\u00f8rer ny Harry Hole-bok i 2026"},"content":{"rendered":"\n<ul class=\"_list_o9xde_3 _list_64s2r_85 _unordered_o9xde_106 text-sans-m\">\n<li class=\"_item_o9xde_30\">Jo Nesb\u00f8 jobber p\u00e5 en ny Harry Hole-bok som skal ut i 2026.<\/li>\n<li class=\"_item_o9xde_30\">TV-serien basert p\u00e5 Harry Hole med Tobias Santelmann har ogs\u00e5 premiere i 2026.<\/li>\n<li class=\"_item_o9xde_30\">Nesb\u00f8 har solgt over 60 millioner b\u00f8ker og er oversatt til 51 spr\u00e5k.<\/li>\n<li class=\"_item_o9xde_30\">Benedict Cumberbatch spiller hovedrollen i Hollywood-filmen \u00abBlood on Snow\u00bb basert p\u00e5 Nesb\u00f8s bok, med premiere p\u00e5 Sundance-festivalen.<\/li>\n<\/ul>\n<p>Vis mer <\/p>\n<p class=\"_paragraph_o9xde_4 _paragraph_xtcu6_10 layout-component text-serif-m layout-normal text-serif-m layout-padded\">2026 blir et Harry Hole-\u00e5r p\u00e5 flere vis. Det blir premiere p\u00e5 storsatsingen \u00ab<a href=\"https:\/\/www.vg.no\/tag\/jo-nesboe?utm_source=vg-article&amp;utm_medium=auto-tagger&amp;utm_campaign=wrE9EL\" class=\"_link_o9xde_39\" rel=\"nofollow noopener\" target=\"_blank\">Jo Nesb\u00f8s<\/a> Harry Hole\u00bb, en TV-serie p\u00e5 ni episoder med Tobias Santelmann i hovedrollen. <\/p>\n<p class=\"_paragraph_o9xde_4 _paragraph_xtcu6_10 layout-component text-serif-m layout-normal text-serif-m layout-padded\">Men det blir ogs\u00e5 en splitter ny bok i serien \u2013 fire \u00e5r etter at <a href=\"https:\/\/www.vg.no\/rampelys\/i\/pWJvAX\/ny-harry-hole-bok-et-redselskabinett-bokanmeldelse-jo-nesboe-blodmaane\" data-track-element-type=\"Link\" data-track-id=\"link:pWJvAX\" class=\"_link_o9xde_39\" rel=\"nofollow noopener\" target=\"_blank\">\u00abBlodm\u00e5ne\u00bb<\/a> kom ut i 2022.<\/p>\n<p class=\"_paragraph_o9xde_4 _paragraph_xtcu6_10 layout-component text-serif-m layout-normal text-serif-m layout-padded\"><strong class=\"_strong_o9xde_25\">\u2013 Jeg holder faktisk p\u00e5 med en ny Harry Hole-roman som etter planen skal ut i 2026, bekrefter han da VG m\u00f8ter ham p\u00e5 Harry Holes-stamsted, Restaurant Schr\u00f8der, tidligere denne uken. <\/strong><\/p>\n<p class=\"_paragraph_o9xde_4 _paragraph_xtcu6_10 layout-component text-serif-m layout-normal text-serif-m layout-padded\">Krimkongen har n\u00e5 solgt over 60 millioner b\u00f8ker og er oversatt til 51 spr\u00e5k. I \u00e5r har han ligget i ukevis p\u00e5 salgstoppen med \u00abMinnesota\u00bb, og mens han p\u00e5 dagtid har jobbet fulltid som showrunnershowrunnerEn showrunner har det \u00f8verste kreative ansvaret for produksjonen av TV-serier og har som oftest ogs\u00e5 skrevet hovedmanuset. for TV-serien, har han p\u00e5 kvelds- og nattetid skrevet p\u00e5 en ny bok om sin mest popul\u00e6re krimhelt.<\/p>\n<p><img alt=\"Foto: Mattis Sandblad \/ VG\" class=\"_image_qp4xg_65 layout-component layout-normal\" data-fullscreen- data-track-element-type=\"Article image fullscreen\" data-track-name=\"ImageFullscreen\" decoding=\"async\" loading=\"lazy\" height=\"4000\" itemprop=\"image\"  src=\"https:\/\/www.europesays.com\/no\/wp-content\/uploads\/2025\/12\/b65f5853-ff0f-4fd4-aa6e-4f4bd8117a92\"  style=\"object-position:0% 0%\" width=\"6000\"\/>Foto: Mattis Sandblad \/ VG<\/p>\n<p class=\"_paragraph_o9xde_4 _paragraph_xtcu6_10 layout-component text-serif-m layout-normal text-serif-m layout-padded\">\u2013 Det er umulig \u00e5 unng\u00e5 at det jeg holder p\u00e5 med ikke ender opp p\u00e5 papiret p\u00e5 en eller annen m\u00e5te, s\u00e5 i den nye boken er selvf\u00f8lgelig Harry Hole i en filmsetting. Det er en norsk film som spilles inn, ler Nesb\u00f8 og n\u00f8ler litt. <\/p>\n<p class=\"_paragraph_o9xde_4 _paragraph_xtcu6_10 layout-component text-serif-m layout-normal text-serif-m layout-padded\">\u2013 Jeg vet ikke om jeg skal si s\u00e5 mye mer, sier han, men ombestemmer seg:<\/p>\n<p class=\"_paragraph_o9xde_4 _paragraph_xtcu6_10 layout-component text-serif-m layout-normal text-serif-m layout-padded\">\u2013 Harry er jo ikke lenger i politiet, s\u00e5 n\u00e5r vi m\u00f8ter ham igjen, er han p\u00e5 jobbintervju hos et forsikringsselskap. Det er vinter i Oslo, og det er to personer som blir funnet drept. Det blir trukket forbindelseslinjer mellom de to ofrene, og det kan se ut som det ene drapet ligner veldig p\u00e5 en drapsscene i en kjent film. <\/p>\n<p class=\"_paragraph_o9xde_4 _paragraph_xtcu6_10 layout-component text-serif-m layout-normal text-serif-m layout-padded\"><strong class=\"_strong_o9xde_25\">\u2013 Og slik blir alts\u00e5 Harry dratt inn i filmmilj\u00f8et. <\/strong><\/p>\n<p class=\"_paragraph_o9xde_4 _paragraph_xtcu6_10 layout-component text-serif-m layout-normal text-serif-m layout-padded\">\u2013 Hvordan har det v\u00e6rt \u00e5 jobbe med to formater samtidig? <\/p>\n<p class=\"_paragraph_o9xde_4 _paragraph_xtcu6_10 layout-component text-serif-m layout-normal text-serif-m layout-padded\">\u2013 Det er to s\u00e5 forskjellige ting, s\u00e5 det ene blir p\u00e5 en m\u00e5te ferie fra det andre. Men det er et interessant sp\u00f8rsm\u00e5l, for selv om jeg holder de to tingene atskilt, s\u00e5 blir jeg p\u00e5virket av det som skjer rundt meg \u2013 og jeg har hatt det litt moro med \u00e5 plukke et par detaljer fra TV-serien og puttet det inn i boken, sier han og forteller at han for eksempel lar Harry flytte inn i ny leilighet.<\/p>\n<p class=\"_paragraph_o9xde_4 _paragraph_xtcu6_10 layout-component text-serif-m layout-normal text-serif-m layout-padded\"><strong class=\"_strong_o9xde_25\">\u2013 Vi brukte s\u00e5 mye tid og krefter p\u00e5 \u00e5 finne den perfekte Harry-leiligheten til TV-serien, s\u00e5 jeg m\u00e5tte nesten la ham f\u00e5 lov til \u00e5 flytte inn i den i boken ogs\u00e5.<\/strong><\/p>\n<p><img alt=\"Foto: Mattis Sandblad \/ VG\" class=\"_image_qp4xg_65 layout-component layout-normal\" data-fullscreen- data-track-element-type=\"Article image fullscreen\" data-track-name=\"ImageFullscreen\" decoding=\"async\" loading=\"lazy\" height=\"3833\" itemprop=\"image\"  src=\"https:\/\/www.europesays.com\/no\/wp-content\/uploads\/2025\/12\/aa2f9299-bc6a-400b-9e97-5db8e44e82e3\"  style=\"object-position:0% 0%\" width=\"5604\"\/>Foto: Mattis Sandblad \/ VG<\/p>\n<p class=\"_paragraph_o9xde_4 _paragraph_xtcu6_10 layout-component text-serif-m layout-normal text-serif-m layout-padded\">Dermed forlater Harry leiligheten i Sofies gate p\u00e5 Bislett og flytter til Gr\u00fcnerl\u00f8kka. Selv har Jo Nesb\u00f8 flyttet fra beste Majorstuen til enda bedre Majorstuen \u2013 og kan n\u00e5 boltre seg i en leilighet til 46 millioner kroner med utsikt over Frognerparken. Summen er tilfeldigvis akkurat den samme som han<a href=\"https:\/\/e24.no\/karriere-og-ledelse\/i\/LMr5mR\/millionene-renner-inn\" class=\"_link_o9xde_39\" rel=\"nofollow noopener\" target=\"_blank\"> tok ut i utbytte<\/a> i fjor. <\/p>\n<p class=\"_paragraph_o9xde_4 _paragraph_xtcu6_10 layout-component text-serif-m layout-normal text-serif-m layout-padded\">P\u00e5 sp\u00f8rsm\u00e5l om han er blitt samboer, kommer det kontant og med et oppgitt smil:<\/p>\n<p class=\"_paragraph_o9xde_4 _paragraph_xtcu6_10 layout-component text-serif-m layout-normal text-serif-m layout-padded\"><strong class=\"_strong_o9xde_25\">\u2013 Det der vet du at jeg ikke svarer p\u00e5, sier Nesb\u00f8 som st\u00e5r oppf\u00f8rt med en formue p\u00e5 over 440 millioner kroner i skattelistene for 2024. <\/strong><\/p>\n<p class=\"_paragraph_o9xde_4 _paragraph_xtcu6_10 layout-component text-serif-m layout-normal text-serif-m layout-padded\">Men det han gjerne svarer p\u00e5 er alle sp\u00f8rsm\u00e5l rundt klatring. Han fikk mye oppmerksomhet da han to m\u00e5neder f\u00f8r sin egen 63-\u00e5rsdag klatret 8a-ruten \u00abElephant\u00bb i Thailand etter \u00e5 ha trent knallhardt i lang tid. <\/p>\n<p class=\"_paragraph_o9xde_4 _paragraph_xtcu6_10 layout-component text-serif-m layout-normal text-serif-m layout-padded\">N\u00e5 forteller 65-\u00e5ringen at han faktisk har klatret en ny 8a-rute. En rute kalt Helios p\u00e5 den greske \u00f8ya Kalymnos. For som han sier: <\/p>\n<p class=\"_paragraph_o9xde_4 _paragraph_xtcu6_10 layout-component text-serif-m layout-normal text-serif-m layout-padded\"><strong class=\"_strong_o9xde_25\">\u2013 What to do with all this fitness!?<\/strong><\/p>\n<p><img alt=\"Nesb\u00f8 trente knallhardt i flere \u00e5r - og formen holdt seg lenge.   Foto: Jarli &amp; Jordan \/ Jarli &amp; Jordan\" class=\"_image_qp4xg_65 layout-component layout-normal\" data-fullscreen- data-track-element-type=\"Article image fullscreen\" data-track-name=\"ImageFullscreen\" decoding=\"async\" loading=\"lazy\" height=\"3174\" itemprop=\"image\"  src=\"https:\/\/www.europesays.com\/no\/wp-content\/uploads\/2025\/12\/fb6753d1-fdb8-427e-85b8-c865777c0107\"  style=\"object-position:0% 0%\" width=\"4761\"\/>Nesb\u00f8 trente knallhardt i flere \u00e5r &#8211; og formen holdt seg lenge.   Foto: Jarli &amp; Jordan \/ Jarli &amp; Jordan<\/p>\n<p class=\"_paragraph_o9xde_4 _paragraph_xtcu6_10 layout-component text-serif-m layout-normal text-serif-m layout-padded\">Han gliser og forklarer at dette var noe hans klatreforbilde Lynn Hill svarte da han spurte henne om hvorfor hun gikk klatreruten The Nose  The Nose The Nose p\u00e5 El Capitan er den mest ikoniske og ber\u00f8mte storveggklatreruten i verden, lokalisert p\u00e5 den massive granittveggen El Capitan i Yosemite nasjonalpark, California.etter at hun hadde blitt verdensmester og lagt opp som konkurranseklatrer.<\/p>\n<p class=\"_paragraph_o9xde_4 _paragraph_xtcu6_10 layout-component text-serif-m layout-normal text-serif-m layout-padded\">\u2013 Hun m\u00e5tte bruke formen hun hadde bygget opp, ikke sant. Hun ble da den f\u00f8rste klatrer noensinne til \u00e5 friklatre den legendariske ruta. Og s\u00e5nn var det med meg. Jeg trente mindre, men var s\u00e5 godt trent \u2013 at jeg klarte \u00e5 karre meg opp min andre 8a, sier han og legger til:<\/p>\n<p class=\"_paragraph_o9xde_4 _paragraph_xtcu6_10 layout-component text-serif-m layout-normal text-serif-m layout-padded\"><strong class=\"_strong_o9xde_25\">\u2013 Men n\u00e5 begynner jeg jo \u00e5 merke mangelen p\u00e5 trening, jeg er blitt mye svakere n\u00e5. <\/strong><\/p>\n<p class=\"_paragraph_o9xde_4 _paragraph_xtcu6_10 layout-component text-serif-m layout-normal text-serif-m layout-padded\">\u2013 Og i mars fyller du 66 \u00e5r \u2013 og tipper mot et nytt rundt tall. Hvordan holder du det g\u00e5ende med alt det du holder p\u00e5 med? <\/p>\n<p class=\"_paragraph_o9xde_4 _paragraph_xtcu6_10 layout-component text-serif-m layout-normal text-serif-m layout-padded\">\u2013 Da vil jeg si som Noam Chomsky, som n\u00e5 er 97 \u00e5r og fortsatt er med i samfunnsdebatten i USA: N\u00e5r du sitter p\u00e5 sykkelen, m\u00e5 du ikke stoppe \u00e5 tr\u00e5kke. For hvis du slutter \u00e5 tr\u00e5kke og g\u00e5r av sykkelen, s\u00e5 er det kj\u00f8rt.<\/p>\n<p class=\"_paragraph_o9xde_4 _paragraph_xtcu6_10 layout-component text-serif-m layout-normal text-serif-m layout-padded\">\u2013 S\u00e5 du tr\u00e5kker p\u00e5 for fullt?<\/p>\n<p class=\"_paragraph_o9xde_4 _paragraph_xtcu6_10 layout-component text-serif-m layout-normal text-serif-m layout-padded\"><strong class=\"_strong_o9xde_25\">\u2013 Jaja, jeg m\u00e5 for guds skyld ikke bremse opp farten, her er det bare \u00e5 fortsette \u00e5 tr\u00e5kke p\u00e5. <\/strong><\/p>\n<p><img alt=\"Her fra fjor\u00e5rets presselansering - der Netflix og Jo Nesb\u00f8 slapp flere av de st\u00f8rste rollene. Fra venstre: Jo Nesb\u00f8, Joel Kinnaman, Pia Tjelta, Tobias Santelmann og regiss\u00f8r \u00d8ystein Karlsen.   Foto: Helge Mikalsen \/ VG\" class=\"_image_qp4xg_65 layout-component layout-normal\" data-fullscreen- data-track-element-type=\"Article image fullscreen\" data-track-name=\"ImageFullscreen\" decoding=\"async\" loading=\"lazy\" height=\"5504\" itemprop=\"image\"  src=\"https:\/\/www.europesays.com\/no\/wp-content\/uploads\/2025\/12\/bd0267aa-3440-4f28-ba25-044efcde8ca9\"  style=\"object-position:0% 0%\" width=\"8256\"\/>Her fra fjor\u00e5rets presselansering &#8211; der Netflix og Jo Nesb\u00f8 slapp flere av de st\u00f8rste rollene. Fra venstre: Jo Nesb\u00f8, Joel Kinnaman, Pia Tjelta, Tobias Santelmann og regiss\u00f8r \u00d8ystein Karlsen.   Foto: Helge Mikalsen \/ VG<\/p>\n<p class=\"_paragraph_o9xde_4 _paragraph_xtcu6_10 layout-component text-serif-m layout-normal text-serif-m layout-padded\">\u2013 Og du har jo bokstavelig talt tatt sykkelen hit i dag ogs\u00e5?<\/p>\n<p class=\"_paragraph_o9xde_4 _paragraph_xtcu6_10 layout-component text-serif-m layout-normal text-serif-m layout-padded\">\u2013 Ja, sykkelen st\u00e5r utenfor. Jeg pr\u00f8vde elsykkel en liten periode, men den m\u00e5tte jeg gi fra meg, det ble for lite tr\u00e5kking. <\/p>\n<p class=\"_paragraph_o9xde_4 _paragraph_xtcu6_10 layout-component text-serif-m layout-normal text-serif-m layout-padded\">\u2013 Men hender det ogs\u00e5 at selv Jo Nesb\u00f8 blir sliten \u2013 2025 har v\u00e6rt et fullpakket \u00e5r?<\/p>\n<p class=\"_paragraph_o9xde_4 _paragraph_xtcu6_10 layout-component text-serif-m layout-normal text-serif-m layout-padded\">\u2013 Det er klart. Og det er mer himmel og helvete med en s\u00e5nn filminnspilling. Som forfatter bestemmer jeg alt og har full kontroll, men med en stor TV-serieproduksjon blir konsekvensene av sm\u00e5 feil s\u00e5 store. Det er ikke bare \u00e5 trykke p\u00e5 delete som i et bokmanus. Det blir litt mer f\u00f8lelser og frustrasjon n\u00e5r jeg har sett folk slitt r\u00e6va av seg for \u00e5 gj\u00f8re noe som jeg i ettertid ser var min d\u00e5rlige id\u00e9 \u2013 og m\u00e5 kuttes. <\/p>\n<p class=\"_paragraph_o9xde_4 _paragraph_xtcu6_10 layout-component text-serif-m layout-normal text-serif-m layout-padded\">\u2013 Emosjonelt har det v\u00e6rt en berg og dalbane, men j\u00e6vlig g\u00f8y og et privilegium \u00e5 f\u00e5 jobbe med s\u00e5 mye flinke folk.<\/p>\n<p> Cumberbatch i ny Nesb\u00f8 Hollywood-film<img alt=\"Benedict Cumberbatch skal spille Fiskeren i en ny storfilm som er basert p\u00e5 Nesb\u00f8s bok \u00abBlod p\u00e5 Sn\u00f8\u00bb - og som regiseres av Cary Fukunaga.   Foto: CJ Rivera \/ AP \/ NTB\" class=\"_image_qp4xg_65 layout-component layout-normal\" data-fullscreen- data-track-element-type=\"Article image fullscreen\" data-track-name=\"ImageFullscreen\" decoding=\"async\" loading=\"lazy\" height=\"2148\" itemprop=\"image\"  src=\"https:\/\/www.europesays.com\/no\/wp-content\/uploads\/2025\/12\/33368b0b-46f5-4b15-9ffd-5be7f79f64e1\"  style=\"object-position:0% 0%\" width=\"3250\"\/>Benedict Cumberbatch skal spille Fiskeren i en ny storfilm som er basert p\u00e5 Nesb\u00f8s bok \u00abBlod p\u00e5 Sn\u00f8\u00bb &#8211; og som regiseres av Cary Fukunaga.   Foto: CJ Rivera \/ AP \/ NTB<\/p>\n<p class=\"_paragraph_o9xde_4 _paragraph_xtcu6_10 layout-component text-serif-m layout-normal text-serif-m layout-padded\"><strong class=\"_strong_o9xde_25\">Psst! <\/strong>2026 blir ogs\u00e5 \u00e5ret der Hollywood-filmen \u00abBlood on snow\u00bb, basert p\u00e5 Nesb\u00f8s filmmanus og bok med samme tittel, f\u00e5r premiere. P\u00e5 selveste Sundance-festivalen i slutten av januar. Her er det stjerneskuespilleren Benedict Cumberbatch som har overtatt den ene hovedrollen etter at Tom Hardy m\u00e5tte trekke seg. I andre roller finner vi stjerner som Aaron Taylor-Johnson, Ben Mendelsohn, Eva Green og Emma Laird. <\/p>\n","protected":false},"excerpt":{"rendered":"Jo Nesb\u00f8 jobber p\u00e5 en ny Harry Hole-bok som skal ut i 2026. TV-serien basert p\u00e5 Harry Hole&hellip;\n","protected":false},"author":2,"featured_media":111681,"comment_status":"","ping_status":"","sticky":false,"template":"","format":"standard","meta":{"footnotes":""},"categories":[58],"tags":[150,71,9238,3315,152,30,28,29,72],"class_list":{"0":"post-111680","1":"post","2":"type-post","3":"status-publish","4":"format-standard","5":"has-post-thumbnail","7":"category-underholdning","8":"tag-bok","9":"tag-entertainment","10":"tag-harry-hole","11":"tag-jo-nesbo","12":"tag-litteratur","13":"tag-no","14":"tag-norge","15":"tag-norway","16":"tag-underholdning"},"share_on_mastodon":{"url":"https:\/\/pubeurope.com\/@no\/115708358081992889","error":""},"_links":{"self":[{"href":"https:\/\/www.europesays.com\/no\/wp-json\/wp\/v2\/posts\/111680","targetHints":{"allow":["GET"]}}],"collection":[{"href":"https:\/\/www.europesays.com\/no\/wp-json\/wp\/v2\/posts"}],"about":[{"href":"https:\/\/www.europesays.com\/no\/wp-json\/wp\/v2\/types\/post"}],"author":[{"embeddable":true,"href":"https:\/\/www.europesays.com\/no\/wp-json\/wp\/v2\/users\/2"}],"replies":[{"embeddable":true,"href":"https:\/\/www.europesays.com\/no\/wp-json\/wp\/v2\/comments?post=111680"}],"version-history":[{"count":0,"href":"https:\/\/www.europesays.com\/no\/wp-json\/wp\/v2\/posts\/111680\/revisions"}],"wp:featuredmedia":[{"embeddable":true,"href":"https:\/\/www.europesays.com\/no\/wp-json\/wp\/v2\/media\/111681"}],"wp:attachment":[{"href":"https:\/\/www.europesays.com\/no\/wp-json\/wp\/v2\/media?parent=111680"}],"wp:term":[{"taxonomy":"category","embeddable":true,"href":"https:\/\/www.europesays.com\/no\/wp-json\/wp\/v2\/categories?post=111680"},{"taxonomy":"post_tag","embeddable":true,"href":"https:\/\/www.europesays.com\/no\/wp-json\/wp\/v2\/tags?post=111680"}],"curies":[{"name":"wp","href":"https:\/\/api.w.org\/{rel}","templated":true}]}}