{"id":111683,"date":"2025-12-12T20:04:09","date_gmt":"2025-12-12T20:04:09","guid":{"rendered":"https:\/\/www.europesays.com\/no\/111683\/"},"modified":"2025-12-12T20:04:09","modified_gmt":"2025-12-12T20:04:09","slug":"brann-rana-full-fyr-i-omsorgsbolig-pa-gruben","status":"publish","type":"post","link":"https:\/\/www.europesays.com\/no\/111683\/","title":{"rendered":"Brann, Rana | Full fyr i omsorgsbolig p\u00e5 Gruben"},"content":{"rendered":"\n<p>Det er Nordland politidistrikt som like etter klokken 2000 fredag kveld melder at n\u00f8detatene rykker ut etter melding om brann i en bolig i Svalbardgaten p\u00e5 Gruben i Rana. <\/p>\n<p><b>Oppdatert:<\/b> Rana Blads journalist Kathinka Kappfjell Herbst melder at det er veldig mye r\u00f8yk i omr\u00e5det. N\u00f8detatene skal ha kommet seg frem til stedet. Etter det Herbst klarer \u00e5 se skal det v\u00e6re full fyr i boligen. <\/p>\n<p><b>Oppdatert:<\/b> 110-sentralen i Bod\u00f8 opplyser at brannvesenet akkurat har kommet frem. Det er full fyr i boligen og de har ikke kontroll. <\/p>\n<p><b>Oppdatert<\/b>: Rana Blads journalist Vilde Haugen er p\u00e5 stedet. Hun opplyser at det brenner fra taket av det som er en kombinert omsorgsbolig og eldrebolig i Rana kommune. <\/p>\n<p>\u2013 Det jobbes frenetisk p\u00e5 stedet. Det er full fyr i boligen og flammer fra taket. Alt av n\u00f8detater er p\u00e5 stedet og det er voldsomme r\u00f8ykskyer, forteller Haugen. <\/p>\n<p>Politiet i Nordland bekrefter at det er snakk om en omsorgsbolig. Det p\u00e5g\u00e5r n\u00e5 evakuering fra boligen.<\/p>\n<p><b>Oppdatert: <\/b>Overfor Rana Blad opplyser kommunikasjonssjef i Rana kommune, Tore Bratt, at kommunen har satt en stab fra helse som f\u00f8lger med p\u00e5 utviklingen. Kommunen kommer tilbake med mer informasjon etter hvert. <\/p>\n<p><b>Oppdatert:<\/b> Litt f\u00f8r klokken 2100 opplyser politiet at de beboere i omr\u00e5det om \u00e5 lukke d\u00f8rer og vinduer p\u00e5 grunn av at det er mye r\u00f8yk i omr\u00e5det. Politiet sier videre at det er full fyr i leiligheten i omsorgsboligen hvor selve brannen har startet. Brannmannskaper jobber fortsatt for \u00e5 f\u00e5 kontroll p\u00e5 brannen. <\/p>\n<p>Rana Blad velger forel\u00f8pig \u00e5 ikke publisere bilder av selve boligen som st\u00e5r i brann.<\/p>\n<p>Vi oppdaterer saken.<\/p>\n","protected":false},"excerpt":{"rendered":"Det er Nordland politidistrikt som like etter klokken 2000 fredag kveld melder at n\u00f8detatene rykker ut etter melding&hellip;\n","protected":false},"author":2,"featured_media":5826,"comment_status":"","ping_status":"","sticky":false,"template":"","format":"standard","meta":{"footnotes":""},"categories":[10],"tags":[36,367,20,21,24,25,11557,15,22,23,13,30,28,29,14,16,1360,1510,26,27],"class_list":{"0":"post-111683","1":"post","2":"type-post","3":"status-publish","4":"format-standard","5":"has-post-thumbnail","7":"category-norge","8":"tag-art","9":"tag-brann","10":"tag-breaking-news","11":"tag-breakingnews","12":"tag-featured-news","13":"tag-featurednews","14":"tag-gruben","15":"tag-headlines","16":"tag-latest-news","17":"tag-latestnews","18":"tag-news","19":"tag-no","20":"tag-norge","21":"tag-norway","22":"tag-nyheter","23":"tag-overskrifter","24":"tag-rana","25":"tag-story","26":"tag-top-stories","27":"tag-topstories"},"share_on_mastodon":{"url":"https:\/\/pubeurope.com\/@no\/115708393131278933","error":""},"_links":{"self":[{"href":"https:\/\/www.europesays.com\/no\/wp-json\/wp\/v2\/posts\/111683","targetHints":{"allow":["GET"]}}],"collection":[{"href":"https:\/\/www.europesays.com\/no\/wp-json\/wp\/v2\/posts"}],"about":[{"href":"https:\/\/www.europesays.com\/no\/wp-json\/wp\/v2\/types\/post"}],"author":[{"embeddable":true,"href":"https:\/\/www.europesays.com\/no\/wp-json\/wp\/v2\/users\/2"}],"replies":[{"embeddable":true,"href":"https:\/\/www.europesays.com\/no\/wp-json\/wp\/v2\/comments?post=111683"}],"version-history":[{"count":0,"href":"https:\/\/www.europesays.com\/no\/wp-json\/wp\/v2\/posts\/111683\/revisions"}],"wp:featuredmedia":[{"embeddable":true,"href":"https:\/\/www.europesays.com\/no\/wp-json\/wp\/v2\/media\/5826"}],"wp:attachment":[{"href":"https:\/\/www.europesays.com\/no\/wp-json\/wp\/v2\/media?parent=111683"}],"wp:term":[{"taxonomy":"category","embeddable":true,"href":"https:\/\/www.europesays.com\/no\/wp-json\/wp\/v2\/categories?post=111683"},{"taxonomy":"post_tag","embeddable":true,"href":"https:\/\/www.europesays.com\/no\/wp-json\/wp\/v2\/tags?post=111683"}],"curies":[{"name":"wp","href":"https:\/\/api.w.org\/{rel}","templated":true}]}}