{"id":111688,"date":"2025-12-12T20:12:15","date_gmt":"2025-12-12T20:12:15","guid":{"rendered":"https:\/\/www.europesays.com\/no\/111688\/"},"modified":"2025-12-12T20:12:15","modified_gmt":"2025-12-12T20:12:15","slug":"hun-er-fortsatt-i-fare","status":"publish","type":"post","link":"https:\/\/www.europesays.com\/no\/111688\/","title":{"rendered":"\u2013 Hun er fortsatt i fare"},"content":{"rendered":"\n<p class=\"_paragraph_o9xde_4 _paragraph_xtcu6_10 layout-component text-serif-m layout-normal text-serif-m layout-padded\">Det er ekssoldaten Bryan Stern som sto bak oppdraget med \u00e5 frakte Machado til Norge \u2013 han uttaler seg p\u00e5 en pressekonferanse fredag kveld \u2013 som foreg\u00e5r i et Zoom-m\u00f8te som VG deltar i. <\/p>\n<p class=\"_paragraph_o9xde_4 _paragraph_xtcu6_10 layout-component text-serif-m layout-normal text-serif-m layout-padded\">\u2013 Alle aspektene ved denne operasjonen var farlig. Jeg vil si at hun fortsatt er i fare i dag, selv om hun er i Norge. Maduro-regimet har lange armer, sier Stern til pressen. <\/p>\n<p><img alt=\"Bryan Stern i \u00abGrey Bull Rescue\u00bb  Foto: Skjermbilde\" class=\"_image_qp4xg_65 layout-component layout-normal\" data-fullscreen- data-track-element-type=\"Article image fullscreen\" data-track-name=\"ImageFullscreen\" decoding=\"async\" loading=\"lazy\" height=\"793\" itemprop=\"image\"  src=\"https:\/\/www.europesays.com\/no\/wp-content\/uploads\/2025\/12\/310beef7-0e91-47f7-9e47-192564699de2\"  style=\"object-position:0% 0%\" width=\"1432\"\/>Bryan Stern i \u00abGrey Bull Rescue\u00bb  Foto: Skjermbilde<\/p>\n<p class=\"_paragraph_o9xde_4 _paragraph_xtcu6_10 layout-component text-serif-m layout-normal text-serif-m layout-padded\">Fredsprisvinneren var p\u00e5 plass i Oslo natt til torsdag. <\/p>\n<p class=\"_paragraph_o9xde_4 _paragraph_xtcu6_10 layout-component text-serif-m layout-normal text-serif-m layout-padded\">Selv beskrev hun det som et mirakel at hun endelig var kommet til Norge. <\/p>\n<p class=\"_paragraph_o9xde_4 _paragraph_xtcu6_10 layout-component text-serif-m layout-normal text-serif-m layout-padded\">\u2013 Folk har risikert livet for at jeg skal v\u00e6re her, uttalte hun. <\/p>\n<p class=\"_paragraph_o9xde_4 _paragraph_xtcu6_10 layout-component text-serif-m layout-normal text-serif-m layout-padded\">Datteren, Ana Corina Sosa, tok onsdag imot fredsprisen p\u00e5 vegne av moren, som ikke rakk fram tidsnok til seremonien. <\/p>\n<p class=\"_paragraph_o9xde_4 _paragraph_xtcu6_10 layout-component text-serif-m layout-normal text-serif-m layout-padded\">Ekssoldat Stern omtaler fredsprisvinneren som sin store helt. <\/p>\n<p class=\"_paragraph_o9xde_4 _paragraph_xtcu6_10 layout-component text-serif-m layout-normal text-serif-m layout-padded\">\u2013 Vi i Grey Bull har reddet folk fra de farligste stedene i verden. Men vi har aldri reddet en nobelprisvinner f\u00f8r \u2013 noen med en egen Wikipedia-side \u2013 det forandrer ting dramatisk, sier Stern. <\/p>\n<p><img alt=\"Foto: Lise \u00c5serud \/ NTB\" class=\"_image_qp4xg_65 layout-component layout-normal\" data-fullscreen- data-track-element-type=\"Article image fullscreen\" data-track-name=\"ImageFullscreen\" decoding=\"async\" loading=\"lazy\" height=\"2138\" itemprop=\"image\"  src=\"https:\/\/www.europesays.com\/no\/wp-content\/uploads\/2025\/12\/10cfc1fa-b612-46e6-814b-875bda03697c\"  style=\"object-position:0% 0%\" width=\"2990\"\/>Foto: Lise \u00c5serud \/ NTB\u2013 Den eneste som ikke var bekymret<\/p>\n<p class=\"_paragraph_o9xde_4 _paragraph_xtcu6_10 layout-component text-serif-m layout-normal text-serif-m layout-padded\">Flukten til Norge involverte blant annet over 10 timer i bil \u2013 forbi en rekke milit\u00e6re sjekkpunkter. Hun ble ogs\u00e5 fraktet med fiskeb\u00e5t \u2013 og siste etappen var med privatfly. <\/p>\n<p class=\"_paragraph_o9xde_4 _paragraph_xtcu6_10 layout-component text-serif-m layout-normal text-serif-m layout-padded\">Fredsprisvinneren hadde forkledd seg med blant annet en parykk, skriver <a href=\"https:\/\/www.wsj.com\/world\/americas\/disguised-and-in-danger-how-a-nobel-peace-prize-winner-escaped-venezuela-8146dc9d?utm_source=sdrn%3Avg%3Aarticle%3AV6Rkd3\" class=\"_link_o9xde_39\" rel=\"nofollow noopener\" target=\"_blank\">Wall Street Journal. <\/a><\/p>\n<p class=\"_paragraph_o9xde_4 _paragraph_xtcu6_10 layout-component text-serif-m layout-normal text-serif-m layout-padded\">Bryan Stern beskriver operasjonen som sv\u00e6rt vanskelig, og farlig. <\/p>\n<p class=\"_paragraph_o9xde_4 _paragraph_xtcu6_10 layout-component text-serif-m layout-normal text-serif-m layout-padded\">\u2013 Hun var den eneste som ikke var bekymret, sier han om fredsprisvinneren. <\/p>\n<p class=\"_paragraph_o9xde_4 _paragraph_xtcu6_10 layout-component text-serif-m layout-normal text-serif-m layout-padded\">Under pressekonferansen ble Stern spurt om hvor langt unna de var fra \u00e5 bli oppdaget av venezuelanske myndigheter. <\/p>\n<p class=\"_paragraph_o9xde_4 _paragraph_xtcu6_10 layout-component text-serif-m layout-normal text-serif-m layout-padded\">\u2013 Jeg vet ikke hvor n\u00e6rt vi var \u00e5 bli oppdaget. Men jeg kan si at vi vet vi ikke ble det. Hadde vi blitt oppdaget, ville de definitivt drept oss alle, sier Stern. <\/p>\n<p>Snakket om datteren \u2013 ikke prisen <\/p>\n<p class=\"_paragraph_o9xde_4 _paragraph_xtcu6_10 layout-component text-serif-m layout-normal text-serif-m layout-padded\">Redningsoperasjonen fikk navnet Golden Dynamite. <\/p>\n<p class=\"_paragraph_o9xde_4 _paragraph_xtcu6_10 layout-component text-serif-m layout-normal text-serif-m layout-padded\">P\u00e5 et tidspunkt, mens Machado ble fraktet i en fiskeb\u00e5t, mistet de kontakten med henne. Stern forteller at han uttalte \u00abJackpot, jackpot, jackpot\u00bb da de endelig fant henne igjen. <\/p>\n<p class=\"_paragraph_o9xde_4 _paragraph_xtcu6_10 layout-component text-serif-m layout-normal text-serif-m layout-padded\">\u2013 Da vi fant henne gikk blodtrykket mitt opp. Vi m\u00e5 f\u00e5 henne fram trygt. Det gikk ikke ned f\u00f8r jeg s\u00e5 henne i Norge da hun ga en klem til datteren sin, sier Stern. <\/p>\n<p class=\"_paragraph_o9xde_4 _paragraph_xtcu6_10 layout-component text-serif-m layout-normal text-serif-m layout-padded\">Den venezuelanske opposisjonslederen er i hjemlandet fratatt sine politiske rettigheter. Hun har levd i skjul i lang tid. <\/p>\n<p class=\"_paragraph_o9xde_4 _paragraph_xtcu6_10 layout-component text-serif-m layout-normal text-serif-m layout-padded\">Stern forteller under pressekonferansen at han fryktet at amerikanske myndigheter skulle tro de var narkosmuglere og angripe dem p\u00e5 reisen. <\/p>\n<p><img alt=\"Foto: Lise \u00c5serud \/ NTB\" class=\"_image_qp4xg_65 layout-component layout-normal\" data-fullscreen- data-track-element-type=\"Article image fullscreen\" data-track-name=\"ImageFullscreen\" decoding=\"async\" loading=\"lazy\" height=\"3347\" itemprop=\"image\"  src=\"https:\/\/www.europesays.com\/no\/wp-content\/uploads\/2025\/12\/1540f38c-c112-4385-8b8e-1a853ece8d83\"  style=\"object-position:0% 0%\" width=\"5021\"\/>Foto: Lise \u00c5serud \/ NTB<\/p>\n<p class=\"_paragraph_o9xde_4 _paragraph_xtcu6_10 layout-component text-serif-m layout-normal text-serif-m layout-padded\">\u2013 B\u00e5ter midt p\u00e5 natten kan feiloppfattes som at vi gj\u00f8r noe ondsinnet. I denne delen av verden faller det ting fra lufta p\u00e5 b\u00e5ter \u2013 ganske ofte, og som regel med suksess. Vi sa ifra til amerikanske myndigheter om at vi holdt p\u00e5 med en operasjon i regionen, s\u00e5 de visste hvor vi opererte, sier Stern.<\/p>\n<p class=\"_paragraph_o9xde_4 _paragraph_xtcu6_10 layout-component text-serif-m layout-normal text-serif-m layout-padded\">\u2013 Da vi var p\u00e5 b\u00e5ten snakket hun ikke om Nobelprisen i det hele tatt. Hun snakket om \u00e5 f\u00e5 m\u00f8te datteren sin igjen for f\u00f8rste gang p\u00e5 to \u00e5r, forteller Stern. <\/p>\n<p>\u2013 Verdt det <\/p>\n<p class=\"_paragraph_o9xde_4 _paragraph_xtcu6_10 layout-component text-serif-m layout-normal text-serif-m layout-padded\">Machado har ikke vist seg offentlig p\u00e5 elleve m\u00e5neder \u2013 og det var lenge usikkert om hun i det hele tatt ville klare \u00e5 komme til Norge. <\/p>\n<p class=\"_paragraph_o9xde_4 _paragraph_xtcu6_10 layout-component text-serif-m layout-normal text-serif-m layout-padded\">\u2013 Selvf\u00f8lgelig mener de som er glade i meg, og som bryr seg om meg, at det ikke var n\u00f8dvendig at jeg dro. Jeg er uenig. Det var en av de viktigste og mest presserende beslutningene jeg har m\u00e5ttet ta. Jeg m\u00e5tte v\u00e6re her. Jeg mener at risikoen, selv om den var sv\u00e6rt h\u00f8y, var verdt det. Det er det alltid, <a href=\"https:\/\/www.vg.no\/nyheter\/i\/8pwz6E\/venezuela-ekspert-maria-corina-machados-hjemreise-blir-ekstremt-farlig\" data-track-element-type=\"Link\" data-track-id=\"link:8pwz6E\" class=\"_link_o9xde_39\" rel=\"nofollow noopener\" target=\"_blank\">uttalte Machado torsdag.<\/a><\/p>\n<p class=\"_paragraph_o9xde_4 _paragraph_xtcu6_10 layout-component text-serif-m layout-normal text-serif-m layout-padded\">Machado planlegger n\u00e5 \u00e5 vende tilbake til <a href=\"https:\/\/www.vg.no\/tag\/venezuela?utm_source=vg-article&amp;utm_medium=auto-tagger&amp;utm_campaign=2p1lWv\" class=\"_link_o9xde_39\" rel=\"nofollow noopener\" target=\"_blank\">Venezuela<\/a><\/p>\n<p class=\"_paragraph_o9xde_4 _paragraph_xtcu6_10 layout-component text-serif-m layout-normal text-serif-m layout-padded\">Bryan Stern sier til VG at de ikke er blitt bedt om \u00e5 bist\u00e5 Maria Corina Machado med \u00e5 komme seg tilbake til Venezuela. <\/p>\n<p class=\"_paragraph_o9xde_4 _paragraph_xtcu6_10 layout-component text-serif-m layout-normal text-serif-m layout-padded\">\u2013 Jeg har sagt til Maria at hun ikke burde dra tilbake. Verden trenger henne, svarer Stern p\u00e5 VGs sp\u00f8rsm\u00e5l. <\/p>\n<p><img alt=\"Foto: Heiko Junge \/ NTB\" class=\"_image_qp4xg_65 layout-component layout-normal\" data-fullscreen- data-track-element-type=\"Article image fullscreen\" data-track-name=\"ImageFullscreen\" decoding=\"async\" loading=\"lazy\" height=\"4886\" itemprop=\"image\"  src=\"https:\/\/www.europesays.com\/no\/wp-content\/uploads\/2025\/12\/834e4dd9-b041-4b64-9096-d6ee8a99b1ae\"  style=\"object-position:0% 0%\" width=\"7329\"\/>Foto: Heiko Junge \/ NTB<\/p>\n<p class=\"_paragraph_o9xde_4 _paragraph_xtcu6_10 layout-component text-serif-m layout-normal text-serif-m layout-padded\">\u2013 Jeg har tryglet henne om \u00e5 ikke dra tilbake, sier han. <\/p>\n<p class=\"_paragraph_o9xde_4 _paragraph_xtcu6_10 layout-component text-serif-m layout-normal text-serif-m layout-padded\"><strong class=\"_strong_o9xde_25\">\u2013 Men hun er ganske lik meg. Eller, jeg er ganske lik henne. Jeg liker \u00e5 lede mine folk fra frontlinjen. Jeg vil ikke at de skal lide, mens jeg sitter i et kontor med aircondition. Hun er en leder for sitt folk, og hun vil v\u00e6re med sitt folk, sier Stern. <\/strong><\/p>\n<p class=\"_paragraph_o9xde_4 _paragraph_xtcu6_10 layout-component text-serif-m layout-normal text-serif-m layout-padded\">En ekspert har tidligere sagt til VG at hjemreisen kommer til \u00e5 bli ekstremt farlig. <\/p>\n<p class=\"_paragraph_o9xde_4 _paragraph_xtcu6_10 layout-component text-serif-m layout-normal text-serif-m layout-padded\">\u2013 \u00c5 komme seg inn igjen blir nok et stort problem, lokale myndigheter kommer til \u00e5 v\u00e6re veldig p\u00e5 vakt, uttalte UiO-professor Benedicte Bull til <a href=\"https:\/\/www.vg.no\/nyheter\/i\/8pwz6E\/venezuela-ekspert-maria-corina-machados-hjemreise-blir-ekstremt-farlig\" data-track-element-type=\"Link\" data-track-id=\"link:8pwz6E\" class=\"_link_o9xde_39\" rel=\"nofollow noopener\" target=\"_blank\">VG torsdag. <\/a><\/p>\n<p class=\"_paragraph_o9xde_4 _paragraph_xtcu6_10 layout-component text-serif-m layout-normal text-serif-m layout-padded\">\u2013 Dette krever kreativitet. Det viser jo m\u00e5ten hun kom\u00a0<a href=\"https:\/\/www.vg.no\/nyheter\/i\/V6Rkd3\/fredsprisvinneren-i-norge-etter-dramatisk-flukt\" data-track-element-type=\"Link\" data-track-id=\"link:V6Rkd3\" class=\"_link_o9xde_39\" rel=\"nofollow noopener\" target=\"_blank\">seg ut\u00a0<\/a>p\u00e5, p\u00e5 mirakul\u00f8st vis. Det har ikke v\u00e6rt enkelt og det er veldig farlig.<\/p>\n<p><img decoding=\"async\" alt=\"Bilde av Benedicte Bull\" class=\"_image_ygndg_42\" height=\"27\" itemprop=\"image\" loading=\"lazy\"  src=\"https:\/\/www.europesays.com\/no\/wp-content\/uploads\/2025\/12\/8f03ac94-e10e-4c64-a301-b96d707434cc\"  width=\"40\"\/><strong class=\"_name_ygndg_51 title-serif-xs\">Benedicte Bull<\/strong><\/p>\n<p class=\"_paragraph_o9xde_4 text-sans-m _description_ygndg_56\">UiO-professor<\/p>\n<p>    <img decoding=\"async\" alt=\"Tips oss illustrasjon\" src=\"https:\/\/www.europesays.com\/no\/wp-content\/uploads\/2025\/10\/pssst-small.webp.webp\"\/>    <\/p>\n<p class=\"title-serif-s\">Har du tips?<\/p>\n<p class=\"text-sans-m\">Send oss informasjon, bilder eller video.<\/p>\n<p>  <a href=\"https:\/\/www.vg.no\/tips-oss\" rel=\"nofollow noopener\" target=\"_blank\"> Tips oss <\/a>      <\/p>\n","protected":false},"excerpt":{"rendered":"Det er ekssoldaten Bryan Stern som sto bak oppdraget med \u00e5 frakte Machado til Norge \u2013 han uttaler&hellip;\n","protected":false},"author":2,"featured_media":111689,"comment_status":"","ping_status":"","sticky":false,"template":"","format":"standard","meta":{"footnotes":""},"categories":[10],"tags":[31,20,21,24,25,15,22,23,8707,13,30,1125,28,29,14,16,26,27,95],"class_list":{"0":"post-111688","1":"post","2":"type-post","3":"status-publish","4":"format-standard","5":"has-post-thumbnail","7":"category-norge","8":"tag-breaking","9":"tag-breaking-news","10":"tag-breakingnews","11":"tag-featured-news","12":"tag-featurednews","13":"tag-headlines","14":"tag-latest-news","15":"tag-latestnews","16":"tag-maria-corina-machado","17":"tag-news","18":"tag-no","19":"tag-nobels-fredspris","20":"tag-norge","21":"tag-norway","22":"tag-nyheter","23":"tag-overskrifter","24":"tag-top-stories","25":"tag-topstories","26":"tag-venezuela"},"share_on_mastodon":{"url":"https:\/\/pubeurope.com\/@no\/115708424803131487","error":""},"_links":{"self":[{"href":"https:\/\/www.europesays.com\/no\/wp-json\/wp\/v2\/posts\/111688","targetHints":{"allow":["GET"]}}],"collection":[{"href":"https:\/\/www.europesays.com\/no\/wp-json\/wp\/v2\/posts"}],"about":[{"href":"https:\/\/www.europesays.com\/no\/wp-json\/wp\/v2\/types\/post"}],"author":[{"embeddable":true,"href":"https:\/\/www.europesays.com\/no\/wp-json\/wp\/v2\/users\/2"}],"replies":[{"embeddable":true,"href":"https:\/\/www.europesays.com\/no\/wp-json\/wp\/v2\/comments?post=111688"}],"version-history":[{"count":0,"href":"https:\/\/www.europesays.com\/no\/wp-json\/wp\/v2\/posts\/111688\/revisions"}],"wp:featuredmedia":[{"embeddable":true,"href":"https:\/\/www.europesays.com\/no\/wp-json\/wp\/v2\/media\/111689"}],"wp:attachment":[{"href":"https:\/\/www.europesays.com\/no\/wp-json\/wp\/v2\/media?parent=111688"}],"wp:term":[{"taxonomy":"category","embeddable":true,"href":"https:\/\/www.europesays.com\/no\/wp-json\/wp\/v2\/categories?post=111688"},{"taxonomy":"post_tag","embeddable":true,"href":"https:\/\/www.europesays.com\/no\/wp-json\/wp\/v2\/tags?post=111688"}],"curies":[{"name":"wp","href":"https:\/\/api.w.org\/{rel}","templated":true}]}}