{"id":111690,"date":"2025-12-12T20:14:21","date_gmt":"2025-12-12T20:14:21","guid":{"rendered":"https:\/\/www.europesays.com\/no\/111690\/"},"modified":"2025-12-12T20:14:21","modified_gmt":"2025-12-12T20:14:21","slug":"katrine-lunde-avslutter-handballkarrieren-med-imponerende-formue","status":"publish","type":"post","link":"https:\/\/www.europesays.com\/no\/111690\/","title":{"rendered":"Katrine Lunde avslutter h\u00e5ndballkarrieren med imponerende formue"},"content":{"rendered":"<p class=\"kicker \" style=\"\">Katrine Lunde:<\/p>\n<p>  Norges m\u00e5lvakt har definitivt til salt i gr\u00f8ten, selv om hun spiller sitt siste mesterskap for landslaget.<\/p>\n<p>\n    DOLLAR-GLISET: Katrine Lunde sitter p\u00e5 en enorm formue! Foto: Paul S. Amundsen \/ NTB\n  <\/p>\n<p>H\u00e5ndballjentene er godt i gang med VM, og ligger n\u00e5 an til \u00e5 hente hjem nok en medalje f\u00f8r julen kommer. Det er jo n\u00e6rmest blitt en f\u00f8rjulstradisjon for mange \u00e5 f\u00f8lge mesterskapene til h\u00e5ndballjentene, og de har stukket av med medalje oftere enn de ikke har gjort det de siste \u00e5rene.<\/p>\n<p>    <a itemprop=\"url\" href=\"https:\/\/www.seher.no\/kjendis\/brast-i-grat\/83529184\" rel=\"nofollow noopener\" target=\"_blank\"><\/p>\n<p>        <img loading=\"lazy\" decoding=\"async\" src=\"https:\/\/www.europesays.com\/no\/wp-content\/uploads\/2025\/12\/83529210.webp\" width=\"980\" height=\"441\" title=\"Brast i gr\u00e5t\" alt=\"\" class=\"lazyload\" style=\"--aspect-ratio-image: 2.22; \"\/><\/p>\n<p>        Brast i gr\u00e5t<\/p>\n<p>    <\/a><\/p>\n<p>I \u00e5r er det en p\u00e5 laget som er med p\u00e5 galskapen for alle siste gang. Katrine Lunde (45) har v\u00e6rt m\u00e5lvakt for Norge i over 20 \u00e5r, og har ved flere anledninger blitt utropt til verdens beste m\u00e5lvakt.<\/p>\n<p>        <img loading=\"lazy\" decoding=\"async\" src=\"https:\/\/www.europesays.com\/no\/wp-content\/uploads\/2025\/12\/83971348.webp\" width=\"686\" height=\"460\" title=\"H\u00c5NDBALLJENTENE: Det har v\u00e6rt mye jubling for de norske jentene i \u00e5rets mesterskap. I skrivende stund er de nemlig klare for semifinale, og er ubeseiret. Foto: Beate Oma Dahle \/ NTB\" alt=\"\" class=\"\" style=\"--aspect-ratio-image: 1.49; \"\/><\/p>\n<p>\n        H\u00c5NDBALLJENTENE: Det har v\u00e6rt mye jubling for de norske jentene i \u00e5rets mesterskap. I skrivende stund er de nemlig klare for semifinale, og er ubeseiret. Foto: Beate Oma Dahle \/ NTB\n    <\/p>\n<p>Ogs\u00e5 i det p\u00e5g\u00e5ende VM kan hun skilte med en imponerende redningsprosent.\u00a0<\/p>\n<p>If\u00f8lge <a href=\"https:\/\/www.fvn.no\/sport\/i\/wrE0gd\/lunde-45-forbloeffer-ekspertene-det-har-overrasket-meg\" rel=\"nofollow noopener\" target=\"_blank\">F\u00e6drelandsvennen<\/a> har hun hatt en redningsprosent p\u00e5 svimlende 54 prosent &#8211; og ingen andre har en redningsprosent over 50.<\/p>\n<p>        IKKE VENNER: Sebastian Solberg g\u00e5r hardt ut mot sine meddeltakere i den kommende sesongen av \u00abSpillet\u00bb. Influenseren r\u00f8per ogs\u00e5 hvorfor, like f\u00f8r \u00e9n av dem avbryter intervjuet med en uhyggelig beskjed. Reporter: Thea Hope. Video: Nora Skavhaug. \u00abSpillet\u00bb \/ TV2.<\/p>\n<p>Ellevill formue\t<\/p>\n<p>Katrine gir seg med andre ord p\u00e5 topp. Etter \u00e5rets mesterskap gir hun seg nemlig p\u00e5 landslaget.<\/p>\n<p>    <a itemprop=\"url\" href=\"https:\/\/www.seher.no\/kjendis\/gift-i-mai-skilt-i-juli\/83965985\" rel=\"nofollow noopener\" target=\"_blank\"><\/p>\n<p>        <img loading=\"lazy\" decoding=\"async\" src=\"https:\/\/www.europesays.com\/no\/wp-content\/uploads\/2025\/12\/1765570457_948_83966003.webp\" width=\"980\" height=\"441\" title=\"Gift og skilt for 5. gang\" alt=\"\" class=\"lazyload\" style=\"--aspect-ratio-image: 2.22; \"\/><\/p>\n<p>        Gift og skilt for 5. gang<\/p>\n<p>    <\/a><\/p>\n<p>&#8211; Etter grundige overveielser har jeg bestemt meg for at VM 2025 blir mitt siste mesterskap med H\u00e5ndballjentene, sa hun i en pressemelding sendt ut av H\u00e5ndballforbundet i november.<\/p>\n<p>Selv om hun stiller seg disponibel for landslagskamper i v\u00e5ren 2026, har hun v\u00e6rt tydelig p\u00e5 at et nytt mesterskap er uaktuelt.<\/p>\n<p>        <img loading=\"lazy\" decoding=\"async\" src=\"https:\/\/www.europesays.com\/no\/wp-content\/uploads\/2025\/12\/83971367.webp\" width=\"686\" height=\"508\" title=\"REDNING: Katrine Lunde er kjent for \u00e5 v\u00e6re blant verdens beste m\u00e5lvakter. Her midt i en imponerende redning under VM i 2007. Foto: Charles Platiau \/ Reuters \/ NTB\" alt=\"\" class=\"\" style=\"--aspect-ratio-image: 1.35; \"\/><\/p>\n<p>\n        REDNING: Katrine Lunde er kjent for \u00e5 v\u00e6re blant verdens beste m\u00e5lvakter. Her midt i en imponerende redning under VM i 2007. Foto: Charles Platiau \/ Reuters \/ NTB\n    <\/p>\n<p>N\u00e5r man spiller for landslaget f\u00e5r man ogs\u00e5 l\u00f8nn for det, noe Katrine \u00e5penbart har f\u00e5tt de siste dr\u00f8ye 20 \u00e5rene. Men selv om den inntekten forsvinner vil hun ha mer enn nok til salt i gr\u00f8ten.<\/p>\n<p class=\"font-weight-bold m-font-weight-bold\" data-lab-font_weight=\"font-weight-bold\">If\u00f8lge skattelistene sitter nemlig Norges m\u00e5lvakt p\u00e5 en helt enormt formue.<\/p>\n<p>S\u00f8steren, Kristine Lunde-Borgersen (45), som tidligere var en profilert h\u00e5ndballspiller, har ogs\u00e5 en gigantisk formue.<\/p>\n<p>Familiebedrift\t<\/p>\n<p>If\u00f8lge <a href=\"https:\/\/www.nettavisen.no\/sport\/dette-tjener-handballjentene\/s\/5-95-2759838\" rel=\"nofollow noopener\" target=\"_blank\">Nettavisen<\/a> kommer den enorme summen fra familiens holdingselskap \u00c5nund Lunde AS. Selskapet er opparbeidet av Katrines far, \u00c5nund (72), som har gitt d\u00f8trene en del av kaka.<\/p>\n<p>    <a itemprop=\"url\" href=\"https:\/\/www.seher.no\/kjendis\/lagde-drommehuset-selv\/82610018\" rel=\"nofollow noopener\" target=\"_blank\"><\/p>\n<p>        <img loading=\"lazy\" decoding=\"async\" src=\"https:\/\/www.europesays.com\/no\/wp-content\/uploads\/2025\/12\/82610045.webp\" width=\"147\" height=\"98\" title=\"Lagde sitt eget dr\u00f8mmehus\" alt=\"\" class=\"lazyload\" style=\"--aspect-ratio-image: 1.50; \"\/><\/p>\n<p>        Lagde sitt eget dr\u00f8mmehus<\/p>\n<p>    <\/a><\/p>\n<p>Tilbake i 2023 uttalte 45-\u00e5ringen seg om formuen.<\/p>\n<p>&#8211; Det er en familiebusiness som g\u00e5r veldig bra. Der det g\u00e5r i forvaltning av eiendommer, ulike bygninger og lagerlokaler, sa hun til <a href=\"https:\/\/www.nettavisen.no\/sport\/stjernens-ukjente-gigantformue-ser-det-ikke-for-meg\/s\/5-95-1511316\" rel=\"nofollow noopener\" target=\"_blank\">Nettavisen<\/a>.<\/p>\n<p>        <img loading=\"lazy\" decoding=\"async\" src=\"https:\/\/www.europesays.com\/no\/wp-content\/uploads\/2025\/12\/83971353.webp\" width=\"686\" height=\"536\" title=\"TVILLINGER: B\u00e5de Kristine og Katrine Lunde har gjort det stort p\u00e5 h\u00e5ndballbanen. Kristine la derimot opp for dr\u00f8ye ti \u00e5r siden. Foto: Jonas Ekstr\u00f6mer \/ NTB\" alt=\"\" class=\"\" style=\"--aspect-ratio-image: 1.28; \"\/><\/p>\n<p>\n        TVILLINGER: B\u00e5de Kristine og Katrine Lunde har gjort det stort p\u00e5 h\u00e5ndballbanen. Kristine la derimot opp for dr\u00f8ye ti \u00e5r siden. Foto: Jonas Ekstr\u00f6mer \/ NTB\n    <\/p>\n<p>P\u00e5 sp\u00f8rsm\u00e5l om hun selv vil v\u00e6re en st\u00f8rre del av firmaet etter at hun legger opp som h\u00e5ndballspiller, svarte hun avkreftende.<\/p>\n<p>&#8211; Jeg ser egentlig ikke for meg \u00e5 g\u00e5 noe s\u00e6rlig inn i det, nei. Det har ogs\u00e5 v\u00e6rt veldig lite bidrag fra min side underveis i karrieren.<\/p>\n<p>        NY SESONG: En stor endring er avsl\u00f8rt f\u00f8r sesong 4 av \u00abSpillet\u00bb kommer til v\u00e5ren. Video: TV 2<\/p>\n<p>\u00c5nund har pensjonert seg, men Katrines svoger har tatt over en del av styringen, forklarte hun.<\/p>\n<p>&#8211; S\u00e5 det er fortsatt familiefolk i businessen.<\/p>\n","protected":false},"excerpt":{"rendered":"Katrine Lunde: Norges m\u00e5lvakt har definitivt til salt i gr\u00f8ten, selv om hun spiller sitt siste mesterskap for&hellip;\n","protected":false},"author":2,"featured_media":111691,"comment_status":"","ping_status":"","sticky":false,"template":"","format":"standard","meta":{"footnotes":""},"categories":[59],"tags":[4104,4668,5927,1526,479,30,28,29,13668,83,82],"class_list":{"0":"post-111690","1":"post","2":"type-post","3":"status-publish","4":"format-standard","5":"has-post-thumbnail","7":"category-sport","8":"tag-eksklusivt","9":"tag-formue","10":"tag-handballjentene","11":"tag-katrine-lunde","12":"tag-kjendis","13":"tag-no","14":"tag-norge","15":"tag-norway","16":"tag-skatteliste","17":"tag-sport","18":"tag-sports"},"share_on_mastodon":{"url":"https:\/\/pubeurope.com\/@no\/115708432642485201","error":""},"_links":{"self":[{"href":"https:\/\/www.europesays.com\/no\/wp-json\/wp\/v2\/posts\/111690","targetHints":{"allow":["GET"]}}],"collection":[{"href":"https:\/\/www.europesays.com\/no\/wp-json\/wp\/v2\/posts"}],"about":[{"href":"https:\/\/www.europesays.com\/no\/wp-json\/wp\/v2\/types\/post"}],"author":[{"embeddable":true,"href":"https:\/\/www.europesays.com\/no\/wp-json\/wp\/v2\/users\/2"}],"replies":[{"embeddable":true,"href":"https:\/\/www.europesays.com\/no\/wp-json\/wp\/v2\/comments?post=111690"}],"version-history":[{"count":0,"href":"https:\/\/www.europesays.com\/no\/wp-json\/wp\/v2\/posts\/111690\/revisions"}],"wp:featuredmedia":[{"embeddable":true,"href":"https:\/\/www.europesays.com\/no\/wp-json\/wp\/v2\/media\/111691"}],"wp:attachment":[{"href":"https:\/\/www.europesays.com\/no\/wp-json\/wp\/v2\/media?parent=111690"}],"wp:term":[{"taxonomy":"category","embeddable":true,"href":"https:\/\/www.europesays.com\/no\/wp-json\/wp\/v2\/categories?post=111690"},{"taxonomy":"post_tag","embeddable":true,"href":"https:\/\/www.europesays.com\/no\/wp-json\/wp\/v2\/tags?post=111690"}],"curies":[{"name":"wp","href":"https:\/\/api.w.org\/{rel}","templated":true}]}}