{"id":111694,"date":"2025-12-12T20:19:31","date_gmt":"2025-12-12T20:19:31","guid":{"rendered":"https:\/\/www.europesays.com\/no\/111694\/"},"modified":"2025-12-12T20:19:31","modified_gmt":"2025-12-12T20:19:31","slug":"skogvern-sunndal-12-13-kvadratkilometer-skog-pa-nordmore-blir-naturreservater","status":"publish","type":"post","link":"https:\/\/www.europesays.com\/no\/111694\/","title":{"rendered":"Skogvern, Sunndal | 12\u201313 kvadratkilometer skog p\u00e5 Nordm\u00f8re blir naturreservater"},"content":{"rendered":"\n<p>Det skjedde etter at Kongen i statsr\u00e5d fredag formiddag besluttet \u00e5 verne \u00e5tte nye omr\u00e5der i M\u00f8re og Romsdal som naturreservater. Det aller meste av de vernede omr\u00e5dene ligger p\u00e5 Nordm\u00f8re.<\/p>\n<p>Dette opplyser seniorr\u00e5dgiver og prosjektleder Ola Betten hos<a href=\"https:\/\/www.statsforvalteren.no\/nn\/More-og-Romsdal\/Miljo-og-klima\/Verneomrade\/ny-rekord-for-frivillig-skogvern\/\" rel=\"Follow nofollow noopener\" target=\"_blank\"> Statsforvalteren i M\u00f8re og Romsdal<\/a> til Tidens Krav. Det samlede arealet som vernes, er p\u00e5 om lag 12.750 dekar.<\/p>\n<p>P\u00e5 denne m\u00e5ten vil regjeringa ta vare p\u00e5 naturmangfoldet med skogens mange truede arter og utforminger.<\/p>\n<p>   <img decoding=\"async\" width=\"8256\" height=\"5504\" fetchpriority=\"low\"  loading=\"lazy\"  src=\"https:\/\/www.europesays.com\/no\/wp-content\/uploads\/2025\/12\/Viromdalen2-%C3%98ivind+Leren.jpg\" alt=\"\" class=\"brick-c-cFOWSL\" style=\"--brick-image-ratio: 8256 \/ 5504;\"\/><\/p>\n<p>      Glimt fra det 4.100 dekar store omr\u00e5det i Viromdalen i Sunndal som n\u00e5 blir vernet.<br \/>\n      Foto: \u00d8ivind Leren\n    <\/p>\n<p>  Roser t\u00e5lmodige grunneiere<\/p>\n<p>\u2013 Det er gledelig at man n\u00e5 har f\u00e5tt en avgj\u00f8relse p\u00e5 vernetilbud som kom helt tilbake i 2020-21, sier Ola Betten hos Statsforvalteren. Han takker samtidig grunneierne for \u00e5 ha vist stor t\u00e5lmodighet i ventetida.<\/p>\n<p>Fl\u00f8ystaddalen i Tingvoll og Viromdalen i Sunndal blir med sine 6.500 og 4.100 dekar blant fylkets st\u00f8rste skogreservater. Disse inneholder mest l\u00f8vskog av ulike typer, men ogs\u00e5 gamle furuskoger. Dette gir en stor variasjon som ogs\u00e5 fremmer et stort naturmangfold.<\/p>\n<p>De to siste naturreservatene p\u00e5 Nordm\u00f8re ligger p\u00e5 Stabblandet og Ertv\u00e5gs\u00f8ya i Aure, og inneholder rike, s\u00f8rvendte edell\u00f8vskoger langs Arasvikfjorden. Omr\u00e5det Slettbakken er p\u00e5 ca. 1.350 dekar, mens Brattset har et areal p\u00e5 om lag 800 dekar.<\/p>\n<p>Viromdalen naturreservat skal forvaltes lokalt av Sunndal kommune, mens de andre omr\u00e5dene blir lagt til Statsforvalteren. Dette betyr behandling av dispensasjonss\u00f8knader, skilting og informasjon, samt skj\u00f8tsel og fjerning av fremmede treslag.<\/p>\n<p>   <img decoding=\"async\" width=\"8256\" height=\"5504\" fetchpriority=\"low\"  loading=\"lazy\"  src=\"https:\/\/www.europesays.com\/no\/wp-content\/uploads\/2025\/12\/Viromdalen-%C3%98ivind+Leren.jpg\" alt=\"\" class=\"brick-c-cFOWSL\" style=\"--brick-image-ratio: 8256 \/ 5504;\"\/><\/p>\n<p>      Omr\u00e5dene som n\u00e5 vernes, inneholder mest l\u00f8vskog av ulike typer, men ogs\u00e5 gamle furuskoger. Dette bildet er fra Viromdalen i Sunndal.<br \/>\n      Foto: \u00d8ivind Leren\n    <\/p>\n<p>  Uv\u00e6ret Amy \u00f8dela mye skog<\/p>\n<p>Mange er spente p\u00e5 hvordan det gikk med disse omr\u00e5dene under uv\u00e6ret Amy der store mengder skog p\u00e5 Nordm\u00f8re ble \u00f8delagt. Seniorr\u00e5dgiver Hege Steigedal hos Statsforvalteren i M\u00f8re og Romsdal forsikrer imidlertid at dette ikke f\u00e5r noen betydning for erstatninga.<\/p>\n<p>\u2013 D\u00f8d ved er ogs\u00e5 gunstig for mange arter i skogen, og vi er n\u00e5 i gang med \u00e5 skaffe oss bedre oversikt i Fl\u00f8ystaddalen der vi mistenker en del vindfall, sier hun.<\/p>\n<p>De nye naturreservatene er kommet til gjennom ordningen med frivillig skogvern der det er avtalt erstatning f\u00f8r omr\u00e5dene blir vernet.<\/p>\n<p>   <img decoding=\"async\" width=\"636\" height=\"866\" fetchpriority=\"low\"  loading=\"lazy\"  src=\"https:\/\/www.europesays.com\/no\/wp-content\/uploads\/2025\/12\/Ola%2BBetten.jpg\" alt=\"\" class=\"brick-c-cFOWSL\" style=\"--brick-image-ratio: 636 \/ 866;\"\/><\/p>\n<p>Fortsatt ligger rundt 10 omr\u00e5der fra fylket i Milj\u00f8direktoratet for videre avklaring, og i enda flere skal man kartlegge verneverdiene. Dette skyldes begrensede budsjettrammer. Etter den historisk store rammen for skogvern i statsbudsjettet for 2026, er det imidlertid h\u00e5p om at mange av disse blir avklart neste \u00e5r, forteller Ola Betten og Hege Steigedal.<\/p>\n<p>P\u00e5 vegne av Statsforvalteren oppfordrer de fortsatt grunneiere p\u00e5 Nordm\u00f8re og i resten av fylket om \u00e5 vurdere \u00e5 tilby skog for vern gjennom skogeierforeningene.<\/p>\n<p>  <a href=\"https:\/\/www.tk.no\/5-51-1775194\" class=\"related-teaser has-image default-story-teaser article--c-eRUmMG article--c-eRUmMG-jKCPdD-design-default\" rel=\"nofollow noopener\" target=\"_blank\"><\/p>\n<p>    <img decoding=\"async\" loading=\"lazy\"  src=\"https:\/\/www.europesays.com\/no\/wp-content\/uploads\/2025\/12\/Peder+Aasprang+DSC_2551+kopi.jpg\" alt=\"\" class=\"brick-c-cFOWSL\" style=\"\"\/><\/p>\n<p>\n            Les ogs\u00e5<\/p>\n<p>              Her rammet \u00abAmy hardest\u00bb \u2013 n\u00e5 blir det krisem\u00f8te\n        <\/p>\n<p>  <\/a><\/p>\n<p>  <a href=\"https:\/\/www.tk.no\/5-51-1770343\" class=\"related-teaser has-image default-story-teaser article--c-eRUmMG article--c-eRUmMG-jKCPdD-design-default\" rel=\"nofollow noopener\" target=\"_blank\"><\/p>\n<p>    <img decoding=\"async\" loading=\"lazy\"  src=\"https:\/\/www.europesays.com\/no\/wp-content\/uploads\/2025\/12\/image_3379F398-90FD-42F2-B752-7F5C645C6564_1762939457.heic\" alt=\"\" class=\"brick-c-cFOWSL\" style=\"\"\/><\/p>\n<p>\n            Les ogs\u00e5<\/p>\n<p>              Skogkonferansen Yggdrasil: \u2013 Skulle gjerne v\u00e6rt flere\n        <\/p>\n<p>  <\/a><\/p>\n","protected":false},"excerpt":{"rendered":"Det skjedde etter at Kongen i statsr\u00e5d fredag formiddag besluttet \u00e5 verne \u00e5tte nye omr\u00e5der i M\u00f8re og&hellip;\n","protected":false},"author":2,"featured_media":111695,"comment_status":"","ping_status":"","sticky":false,"template":"","format":"standard","meta":{"footnotes":""},"categories":[10],"tags":[36,2054,20,21,24,25,15,22,23,13,30,28,29,14,16,8828,1510,5032,7810,26,27],"class_list":{"0":"post-111694","1":"post","2":"type-post","3":"status-publish","4":"format-standard","5":"has-post-thumbnail","7":"category-norge","8":"tag-art","9":"tag-aure","10":"tag-breaking-news","11":"tag-breakingnews","12":"tag-featured-news","13":"tag-featurednews","14":"tag-headlines","15":"tag-latest-news","16":"tag-latestnews","17":"tag-news","18":"tag-no","19":"tag-norge","20":"tag-norway","21":"tag-nyheter","22":"tag-overskrifter","23":"tag-skogvern","24":"tag-story","25":"tag-sunndal","26":"tag-tingvoll","27":"tag-top-stories","28":"tag-topstories"},"share_on_mastodon":{"url":"https:\/\/pubeurope.com\/@no\/115708452363241359","error":""},"_links":{"self":[{"href":"https:\/\/www.europesays.com\/no\/wp-json\/wp\/v2\/posts\/111694","targetHints":{"allow":["GET"]}}],"collection":[{"href":"https:\/\/www.europesays.com\/no\/wp-json\/wp\/v2\/posts"}],"about":[{"href":"https:\/\/www.europesays.com\/no\/wp-json\/wp\/v2\/types\/post"}],"author":[{"embeddable":true,"href":"https:\/\/www.europesays.com\/no\/wp-json\/wp\/v2\/users\/2"}],"replies":[{"embeddable":true,"href":"https:\/\/www.europesays.com\/no\/wp-json\/wp\/v2\/comments?post=111694"}],"version-history":[{"count":0,"href":"https:\/\/www.europesays.com\/no\/wp-json\/wp\/v2\/posts\/111694\/revisions"}],"wp:featuredmedia":[{"embeddable":true,"href":"https:\/\/www.europesays.com\/no\/wp-json\/wp\/v2\/media\/111695"}],"wp:attachment":[{"href":"https:\/\/www.europesays.com\/no\/wp-json\/wp\/v2\/media?parent=111694"}],"wp:term":[{"taxonomy":"category","embeddable":true,"href":"https:\/\/www.europesays.com\/no\/wp-json\/wp\/v2\/categories?post=111694"},{"taxonomy":"post_tag","embeddable":true,"href":"https:\/\/www.europesays.com\/no\/wp-json\/wp\/v2\/tags?post=111694"}],"curies":[{"name":"wp","href":"https:\/\/api.w.org\/{rel}","templated":true}]}}