{"id":111696,"date":"2025-12-12T20:20:06","date_gmt":"2025-12-12T20:20:06","guid":{"rendered":"https:\/\/www.europesays.com\/no\/111696\/"},"modified":"2025-12-12T20:20:06","modified_gmt":"2025-12-12T20:20:06","slug":"linea-oppdatering-alle-pa-nett-igjen-helgelendingen","status":"publish","type":"post","link":"https:\/\/www.europesays.com\/no\/111696\/","title":{"rendered":"Linea-oppdatering: Alle p\u00e5 nett igjen &#8211; Helgelendingen"},"content":{"rendered":"<ol>\n<li><a href=\"https:\/\/news.google.com\/rss\/articles\/CBMiekFVX3lxTE9Ic2J4dDVqbG1keGhnX3k0WmY5T01FVkxKTmpYR2xlaXUxZC1BSXgzN0FrSDJsdWx4b2JHR0w5aWltWTlZcnlVNGFMaVdzRFk2TWI2ZzVoRzNmYW9MZzl4U0g5TEk4UFRQVGhrbmJOOElRMldkQS1yb2VB?oc=5\" target=\"_blank\" rel=\"nofollow noopener\">Linea-oppdatering: Alle p\u00e5 nett igjen<\/a>&nbsp;&nbsp;Helgelendingen<\/li>\n<li><a href=\"https:\/\/news.google.com\/rss\/articles\/CBMigwFBVV95cUxNdWdGS2RSNUhJR191bEk0Q0gxMjhBU201MDRWMnVGTkd5ajRSRnRqc1hkcFM3WjdyOTRMZGl1cV9hYlVPME14Uk9jZHQ5X1JleFM5cndqcFJVMzhwWGlGSG5tZEg4VGJOTjBoaHd5RnpOQUV4LS1USHNpQXFnQUhlaGhJZw?oc=5\" target=\"_blank\" rel=\"nofollow noopener\">Str\u00f8mbrudd, Rana | N\u00e6rmere 3.000 var uten str\u00f8m i Mo i Rana fredag ettermiddag<\/a>&nbsp;&nbsp;Rana Blad<\/li>\n<li><a href=\"https:\/\/news.google.com\/rss\/articles\/CBMitwFBVV95cUxQaXVHSndaZ1BqekppVDV4YW5pdHNBeUpEWlpBZDEyUDhVWlI4RUVvVjBjckJlOWpBdGNYZVp1TDFrYkhRS2dVempnSEhqV2NiYi1acEs3eUFoSmpDWTlYcy14Yk9WeW9Kd1Z6c2o3S1NFQjlEODFXUmRqVEVmc09XaFBWRUtKVnJfcmtvSnJFT3BxQ2ZJcTJsNVgzWnlvSENqR2ljU2N2ejgxVWRnclQ5M0RRczRnVVE?oc=5\" target=\"_blank\" rel=\"nofollow noopener\">Nesten 3000 uten str\u00f8m &#8211; forel\u00f8pig er 19:30 estimert tidspunkt for p\u00e5kobling igjen<\/a>&nbsp;&nbsp;Rana No<\/li>\n<li><a href=\"https:\/\/news.google.com\/rss\/articles\/CBMi9AFBVV95cUxPTWY2QjBaREI1Y3llVTFjUjctcDExNWExdk45UkYxZjlaMkR5djktZFR2b3FiYmlUT1F4ZVNfdkpJMUFNMUZzVldxQU5VbWtXS0JmZDQxa1BZaF9TbHpRSUxKUW1xY1NMbDAxSXM1cHJGMzBkalFrVGtuV2duOGpER3Z6LTF6NnpmQmhvbXI5U0tMV2ZsaU5JczlQUHY1SDRSbmZWQU1GWUNVc3dCNHVQZklIdThVeURfUmRTZkNLTGZaZENwZmZFZ3NUT3k0dV9FWGJXRlRvWHMwNDR4emZFS0xtdUFZVTRsQkF6R05rYWlibm5K?oc=5\" target=\"_blank\" rel=\"nofollow noopener\">Meldte selv inn at det var de som for\u00e5rsaket str\u00f8mbruddet fredag &#8211; men der tok de feil. \u2013 De holdt p\u00e5 \u00e5 p\u00e6le, og s\u00e5 ble det m\u00f8rkt<\/a>&nbsp;&nbsp;Rana Blad<\/li>\n<li><a href=\"https:\/\/news.google.com\/rss\/articles\/CBMimAFBVV95cUxQWTVsSnh4Yy1jQ1BuWHRTT3lSX0F3LTVyV1pvWkcxa29DNUdobkh1M1VneE9UeTgybW8yZF9kemNleVFfY1k1MHVBZlBCRmdJWHpBOFkwekFoRG5WSnc3Xzhwd0JKZzJEd05ZLW5vRktSN2E0ckU3bkpYRkQ5ekdBS084N3phSUEzQWxyZFZKZzZ4YXk1dTBjRw?oc=5\" target=\"_blank\" rel=\"nofollow noopener\">Nesten 3000 uten str\u00f8m: &#8211; Vi har ikke funnet feilkilden enn\u00e5<\/a>&nbsp;&nbsp;Rana No<\/li>\n<\/ol>\n","protected":false},"excerpt":{"rendered":"Linea-oppdatering: Alle p\u00e5 nett igjen&nbsp;&nbsp;Helgelendingen Str\u00f8mbrudd, Rana | N\u00e6rmere 3.000 var uten str\u00f8m i Mo i Rana fredag&hellip;\n","protected":false},"author":2,"featured_media":111697,"comment_status":"","ping_status":"","sticky":false,"template":"","format":"standard","meta":{"footnotes":""},"categories":[5],"tags":[20,21,24,25,15,19,22,23,17,18,13,30,28,29,14,16,26,27],"class_list":{"0":"post-111696","1":"post","2":"type-post","3":"status-publish","4":"format-standard","5":"has-post-thumbnail","7":"category-overskrifter","8":"tag-breaking-news","9":"tag-breakingnews","10":"tag-featured-news","11":"tag-featurednews","12":"tag-headlines","13":"tag-hovedoppslag","14":"tag-latest-news","15":"tag-latestnews","16":"tag-main-news","17":"tag-mainnews","18":"tag-news","19":"tag-no","20":"tag-norge","21":"tag-norway","22":"tag-nyheter","23":"tag-overskrifter","24":"tag-top-stories","25":"tag-topstories"},"share_on_mastodon":{"url":"https:\/\/pubeurope.com\/@no\/115708456132703374","error":""},"_links":{"self":[{"href":"https:\/\/www.europesays.com\/no\/wp-json\/wp\/v2\/posts\/111696","targetHints":{"allow":["GET"]}}],"collection":[{"href":"https:\/\/www.europesays.com\/no\/wp-json\/wp\/v2\/posts"}],"about":[{"href":"https:\/\/www.europesays.com\/no\/wp-json\/wp\/v2\/types\/post"}],"author":[{"embeddable":true,"href":"https:\/\/www.europesays.com\/no\/wp-json\/wp\/v2\/users\/2"}],"replies":[{"embeddable":true,"href":"https:\/\/www.europesays.com\/no\/wp-json\/wp\/v2\/comments?post=111696"}],"version-history":[{"count":0,"href":"https:\/\/www.europesays.com\/no\/wp-json\/wp\/v2\/posts\/111696\/revisions"}],"wp:featuredmedia":[{"embeddable":true,"href":"https:\/\/www.europesays.com\/no\/wp-json\/wp\/v2\/media\/111697"}],"wp:attachment":[{"href":"https:\/\/www.europesays.com\/no\/wp-json\/wp\/v2\/media?parent=111696"}],"wp:term":[{"taxonomy":"category","embeddable":true,"href":"https:\/\/www.europesays.com\/no\/wp-json\/wp\/v2\/categories?post=111696"},{"taxonomy":"post_tag","embeddable":true,"href":"https:\/\/www.europesays.com\/no\/wp-json\/wp\/v2\/tags?post=111696"}],"curies":[{"name":"wp","href":"https:\/\/api.w.org\/{rel}","templated":true}]}}