{"id":11170,"date":"2025-08-18T09:50:09","date_gmt":"2025-08-18T09:50:09","guid":{"rendered":"https:\/\/www.europesays.com\/no\/11170\/"},"modified":"2025-08-18T09:50:09","modified_gmt":"2025-08-18T09:50:09","slug":"37-prosent-sier-dyrere-mat-har-endret-kostholdet-deres","status":"publish","type":"post","link":"https:\/\/www.europesays.com\/no\/11170\/","title":{"rendered":"37 prosent sier dyrere mat har endret kostholdet deres"},"content":{"rendered":"\n<p class=\"_lead_1bvmi_2 _lead_xtcu6_50 layout-component text-serif-m layout-normal text-serif-l layout-component layout-wide layout-padded _wide_17hqh_1 layout-padded\">I en Sifo-unders\u00f8kelse sier 10 prosent at \u00f8kte priser har bidratt til store endringer i kostholdet deres. Ytterligere 27 prosent sier seg delvis enige i dette. <\/p>\n<p><img alt=\"PRIS OVER KOSTHOLD? I en ny Sifo-unders\u00f8kelse svarer 10 prosent at \u00f8kte Foto: Amanda Pedersen Giske \/ NTB\" class=\"_image_qp4xg_65 layout-component layout-wide\" data-fullscreen- data-track-element-type=\"Article image fullscreen\" data-track-name=\"ImageFullscreen\" fetchpriority=\"high\" decoding=\"sync\" loading=\"eager\" height=\"5365\" itemprop=\"image\"  src=\"https:\/\/www.europesays.com\/no\/wp-content\/uploads\/2025\/08\/6b335e4a-8bc6-4769-bc09-9152e80e4491\"  style=\"object-position:0% 0%\" width=\"8044\"\/>PRIS OVER KOSTHOLD? I en ny Sifo-unders\u00f8kelse svarer 10 prosent at \u00f8kte Foto: Amanda Pedersen Giske \/ NTB<\/p>\n<ul aria-hidden=\"true\" class=\"_images_1y6fe_106\">\n<li><a class=\"_link_1y6fe_111\" href=\"https:\/\/www.vg.no\/forfatter\/ntb\" style=\"z-index:1\" title=\"NTB\" rel=\"nofollow noopener\" target=\"_blank\"><img alt=\"Bilde av NTB\" class=\"_image_1y6fe_88\" fetchpriority=\"low\" loading=\"lazy\" decoding=\"async\" itemprop=\"image\"  src=\"https:\/\/www.europesays.com\/no\/wp-content\/uploads\/2025\/08\/1755510608_716_c33980b0-5d07-4027-84a1-813f90a7c8d6\"  width=\"480\"\/><\/a><\/li>\n<\/ul>\n<p> Oppdatert mandag 18. august kl. 10:19    <\/p>\n<ul class=\"_list_1bvmi_3 _list_1flq1_85 _unordered_1bvmi_99 text-sans-m\">\n<li class=\"_item_1bvmi_30\">37 prosent av nordmenn sier \u00f8kte matpriser har p\u00e5virket kostholdet deres, if\u00f8lge en ny befolkningsunder\u00f8kselse fra Sifo.<\/li>\n<li class=\"_item_1bvmi_30\">Sifo er overrasket over at ikke flere var \u00abhelt enige\u00bb i utsagnet om at prisene har endret kostholdet p\u00e5 grunn av pris\u00f8kningen p\u00e5 mat.<\/li>\n<li class=\"_item_1bvmi_30\">Sifos analyser viser at \u00f8konomien p\u00e5virker hvordan husholdningene tilpasser seg pris\u00f8kning.<\/li>\n<\/ul>\n<p>Vis mer <\/p>\n<p class=\"_paragraph_1bvmi_4 _paragraph_xtcu6_10 layout-component text-serif-m layout-normal text-serif-m layout-padded\">Svarene er gitt i en fersk befolkningsunders\u00f8kelse fra forskningsinstituttet Sifo om nordmenns meninger og holdninger knyttet til mat. <\/p>\n<p class=\"_paragraph_1bvmi_4 _paragraph_xtcu6_10 layout-component text-serif-m layout-normal text-serif-m layout-padded\">Unders\u00f8kelsen ble gjort <a href=\"https:\/\/www.vg.no\/nyheter\/i\/lwo10L\/matforsker-tror-paa-nytt-prishopp-i-juli\" data-track-element-type=\"Link\" data-track-id=\"link:lwo10L\" class=\"_link_1bvmi_39\" rel=\"nofollow noopener\" target=\"_blank\">f\u00f8r den siste prisveksten i juli. <\/a><\/p>\n<p class=\"_paragraph_1bvmi_4 _paragraph_xtcu6_10 layout-component text-serif-m layout-normal text-serif-m layout-padded\">Et landsrepresentativt utvalg svarte p\u00e5 om de var enige i utsagnet \u00abDe \u00f8kte matvareprisene de seneste to-tre \u00e5rene har bidratt til store endringer i mitt kosthold\u00bb. <\/p>\n<ul class=\"_list_1bvmi_3 _list_xtcu6_9 _unordered_1bvmi_99 layout-component text-serif-m layout-normal text-serif-m layout-padded\">\n<li class=\"_item_1bvmi_30\">10 prosent sa seg helt enige, mens 27 prosent var delvis enige \u2013 totalt 37 prosent. <\/li>\n<li class=\"_item_1bvmi_30\">Omtrent like mange, 38 prosent, mente at pris\u00f8kningen ikke hadde f\u00f8rt til store endringer, mens 25 prosent stilte seg n\u00f8ytrale.<\/li>\n<\/ul>\n<p class=\"_paragraph_1bvmi_4 _paragraph_xtcu6_10 layout-component text-serif-m layout-normal text-serif-m layout-padded\">\u2013 Vi ble litt overrasket over at ikke flere sa seg helt enige utsagnet, med tanke p\u00e5 at det har v\u00e6rt en markant \u00f8kning i matvareprisene, noe som har f\u00f8rt til at en st\u00f8rre andel av  husholdningsbudsjettet n\u00e5 g\u00e5r til mat og drikke, sier matforsker Annechen Bahr Bugge fra Sifo ved Oslo Met til NTB.<\/p>\n<ul class=\"_list_1bvmi_3 _list_xtcu6_9 _unordered_1bvmi_99 layout-component text-serif-m layout-normal text-serif-m layout-padded\">\n<li class=\"_item_1bvmi_30\"><strong class=\"_strong_1bvmi_25\">Vet du om en konkret matvare som har \u00f8kt i pris? <a href=\"https:\/\/www.vg.no\/nyheter\/i\/wgWoRd\/mailto:2200@vg.no\" class=\"_link_1bvmi_39\" rel=\"nofollow noopener\" target=\"_blank\">Tips oss her med f\u00f8r- og etterpris. <\/a><\/strong><\/li>\n<\/ul>\n<p>Kan forsterke forskjeller<\/p>\n<p class=\"_paragraph_1bvmi_4 _paragraph_xtcu6_10 layout-component text-serif-m layout-normal text-serif-m layout-padded\">Videre analyser viser if\u00f8lge Sifo at husholdningsinntekt var den eneste faktoren som har en tydelig sammenheng med svarene. <\/p>\n<p class=\"_paragraph_1bvmi_4 _paragraph_xtcu6_10 layout-component text-serif-m layout-normal text-serif-m layout-padded\">Blant dem med lavere husholdningsinntekt oppga 43 prosent at pris\u00f8kningen har f\u00f8rt til store endringer i kostholdet. Blant dem med h\u00f8yere inntekt var det bare 29 prosent som svarte det samme.<\/p>\n<p class=\"_paragraph_1bvmi_4 _paragraph_xtcu6_10 layout-component text-serif-m layout-normal text-serif-m layout-padded\">\u2013 Dette tyder p\u00e5 at \u00f8konomisk handlingsrom spiller en viktig rolle i hvordan husholdninger tilpasser seg \u00f8kte matvarepriser, skriver Sifo i analysen.<\/p>\n<p class=\"_paragraph_1bvmi_4 _paragraph_xtcu6_10 layout-component text-serif-m layout-normal text-serif-m layout-padded\"><a href=\"https:\/\/www.helsedirektoratet.no\/rapporter\/norkost-4\" class=\"_link_1bvmi_39\" rel=\"nofollow noopener\" target=\"_blank\">Norkost 4, en nasjonal kostholdsunders\u00f8kelse om spisevanene v\u00e5re som kom i fjor,<\/a> viste at kostholdet til voksne i liten grad er i tr\u00e5d med de nasjonale kostr\u00e5dene. Det var nedgang i inntak av grovbr\u00f8d, poteter, frukt, fisk og melk. Studien viste ogs\u00e5 at prisen er den viktigste faktoren n\u00e5r vi velger hva vi putter i oss. Vi er opptatt av smak og helse, men prisen trumfer begge to n\u00e5r vi er i butikken. <\/p>\n<p class=\"_paragraph_1bvmi_4 _paragraph_xtcu6_10 layout-component text-serif-m layout-normal text-serif-m layout-padded\">I snitt har personer med lav husholdningsinntekt et kosthold som i mindre grad samsvarer med nasjonale kostr\u00e5d. Dette betyr lavere inntak av frukt, gr\u00f8nnsaker og fisk enn anbefalt og lavere enn for resten av befolkningen.<\/p>\n<p class=\"_paragraph_1bvmi_4 _paragraph_xtcu6_10 layout-component text-serif-m layout-normal text-serif-m layout-padded\"><strong class=\"_strong_1bvmi_25\">\u2013 N\u00e5r matprisene stiger, kan slike forskjeller forsterkes ytterligere, ettersom \u00f8konomiske rammer i st\u00f8rre grad begrenser hva folk har mulighet til \u00e5 prioritere i matveien, p\u00e5peker Sifo.<\/strong><\/p>\n<p class=\"_paragraph_1bvmi_4 _paragraph_xtcu6_10 layout-component text-serif-m layout-normal layout-padded\"><strong class=\"_strong_1bvmi_25\">Les ogs\u00e5:<\/strong> <a href=\"https:\/\/www.vg.no\/i\/kweQpQ\" data-track-element-type=\"Link\" data-track-id=\"link:kweQpQ\" class=\"_link_1bvmi_39\" rel=\"nofollow noopener\" target=\"_blank\">Helsedirektoratet med varsko om kosthold: Skylder p\u00e5 dyr mat<\/a><\/p>\n<p>Det sunneste har \u00f8kt mest i pris<\/p>\n<p class=\"_paragraph_1bvmi_4 _paragraph_xtcu6_10 layout-component text-serif-m layout-normal text-serif-m layout-padded\">Prisveksten p\u00e5 matvarer og alkoholfri drikke har siden midten av 2022 v\u00e6rt h\u00f8yere enn den generelle prisstigningen i samfunnet. Bare fra juni til juli i \u00e5r var prisveksten p\u00e5 4,4 prosent \u2013 en uvanlig kraftig \u00f8kning if\u00f8lge SSB. Pris\u00f8kningen har v\u00e6rt s\u00e6rlig merkbar p\u00e5 en rekke basisvarer, som meieriprodukter, gr\u00f8nnsaker og kj\u00f8tt.<\/p>\n<p class=\"_paragraph_1bvmi_4 _paragraph_xtcu6_10 layout-component text-serif-m layout-normal text-serif-m layout-padded\">N\u00e6ringsminister Cecilie Myrseth reagerer kraftig p\u00e5 utviklingen. Hun <a href=\"http:\/\/vg.no\/nyheter\/i\/Xjy2xb\/naeringsministeren-innkaller-dagligvarebransjen-til-nye-moeter-om-hoeye-matpriser\" class=\"_link_1bvmi_39\" rel=\"nofollow noopener\" target=\"_blank\">har innkalt dagligvarekjedene Coop, Norgesgruppen, Reitan Retail og Oda, samt leverand\u00f8rene Nortura og Orkla, til nye m\u00f8ter den 25. august. <\/a><\/p>\n<p class=\"_paragraph_1bvmi_4 _paragraph_xtcu6_10 layout-component text-serif-m layout-normal text-serif-m layout-padded\"><strong class=\"_strong_1bvmi_25\">Tema er den kraftige prisveksten p\u00e5 mat og drikke.<\/strong><\/p>\n<p><img decoding=\"async\" alt=\"Bilde av Cecilie Myrseth\" class=\"_image_ygndg_42\" height=\"27\" itemprop=\"image\" loading=\"lazy\"  src=\"https:\/\/www.europesays.com\/no\/wp-content\/uploads\/2025\/08\/db7768b1-0f45-4a65-b54e-28a1ce7f363f\"  width=\"40\"\/><strong class=\"_name_ygndg_51 title-serif-xs\">Cecilie Myrseth<\/strong><\/p>\n<p class=\"_paragraph_1bvmi_4 text-sans-m _description_ygndg_56\">N\u00e6ringsminister (Ap)<\/p>\n<p class=\"_paragraph_1bvmi_4 _paragraph_xtcu6_10 layout-component text-serif-m layout-normal text-serif-m layout-padded\">\u2013 Pris\u00f8kningen er uakseptabel. Jeg vil ikke sitte stille og se p\u00e5 at bekymringen blant forbrukerne \u00f8ker, mens prisene stiger, sier Myrseth i pressemeldingen om m\u00f8tet.<\/p>\n<p class=\"_paragraph_1bvmi_4 _paragraph_xtcu6_10 layout-component text-serif-m layout-normal text-serif-m layout-padded\">Et forslag som tidligere har v\u00e6rt p\u00e5 for det fra Helsedirektoratet, er sunn skatteveksling \u2013 \u00e5 kutte skatter p\u00e5 det som er sunt og gj\u00f8re de usunne matvarene dyrere. Det krever imidlertid politiske grep, som kan bli upopul\u00e6re.<\/p>\n","protected":false},"excerpt":{"rendered":"I en Sifo-unders\u00f8kelse sier 10 prosent at \u00f8kte priser har bidratt til store endringer i kostholdet deres. Ytterligere&hellip;\n","protected":false},"author":2,"featured_media":11171,"comment_status":"","ping_status":"","sticky":false,"template":"","format":"standard","meta":{"footnotes":""},"categories":[5],"tags":[20,21,24,25,15,19,2294,22,23,17,18,2036,1229,13,30,28,29,14,16,26,27],"class_list":{"0":"post-11170","1":"post","2":"type-post","3":"status-publish","4":"format-standard","5":"has-post-thumbnail","7":"category-overskrifter","8":"tag-breaking-news","9":"tag-breakingnews","10":"tag-featured-news","11":"tag-featurednews","12":"tag-headlines","13":"tag-hovedoppslag","14":"tag-kosthold","15":"tag-latest-news","16":"tag-latestnews","17":"tag-main-news","18":"tag-mainnews","19":"tag-mat-og-drikke","20":"tag-matpriser","21":"tag-news","22":"tag-no","23":"tag-norge","24":"tag-norway","25":"tag-nyheter","26":"tag-overskrifter","27":"tag-top-stories","28":"tag-topstories"},"share_on_mastodon":{"url":"","error":""},"_links":{"self":[{"href":"https:\/\/www.europesays.com\/no\/wp-json\/wp\/v2\/posts\/11170","targetHints":{"allow":["GET"]}}],"collection":[{"href":"https:\/\/www.europesays.com\/no\/wp-json\/wp\/v2\/posts"}],"about":[{"href":"https:\/\/www.europesays.com\/no\/wp-json\/wp\/v2\/types\/post"}],"author":[{"embeddable":true,"href":"https:\/\/www.europesays.com\/no\/wp-json\/wp\/v2\/users\/2"}],"replies":[{"embeddable":true,"href":"https:\/\/www.europesays.com\/no\/wp-json\/wp\/v2\/comments?post=11170"}],"version-history":[{"count":0,"href":"https:\/\/www.europesays.com\/no\/wp-json\/wp\/v2\/posts\/11170\/revisions"}],"wp:featuredmedia":[{"embeddable":true,"href":"https:\/\/www.europesays.com\/no\/wp-json\/wp\/v2\/media\/11171"}],"wp:attachment":[{"href":"https:\/\/www.europesays.com\/no\/wp-json\/wp\/v2\/media?parent=11170"}],"wp:term":[{"taxonomy":"category","embeddable":true,"href":"https:\/\/www.europesays.com\/no\/wp-json\/wp\/v2\/categories?post=11170"},{"taxonomy":"post_tag","embeddable":true,"href":"https:\/\/www.europesays.com\/no\/wp-json\/wp\/v2\/tags?post=11170"}],"curies":[{"name":"wp","href":"https:\/\/api.w.org\/{rel}","templated":true}]}}