{"id":111704,"date":"2025-12-12T20:28:12","date_gmt":"2025-12-12T20:28:12","guid":{"rendered":"https:\/\/www.europesays.com\/no\/111704\/"},"modified":"2025-12-12T20:28:12","modified_gmt":"2025-12-12T20:28:12","slug":"ikke-en-gjeng-bitterfitter","status":"publish","type":"post","link":"https:\/\/www.europesays.com\/no\/111704\/","title":{"rendered":"\u2013 Ikke en gjeng bitterfitter"},"content":{"rendered":"\n<ul class=\"_list_o9xde_3 _list_64s2r_85 _unordered_o9xde_106 text-sans-m\">\n<li class=\"_item_o9xde_30\">Musikksjefen i n\u00e5 nedlagte P13, Kristin Winsents, reagerer p\u00e5 at musikklederroller i NRK ble fylt uten mulighet til \u00e5 s\u00f8ke.<\/li>\n<li class=\"_item_o9xde_30\">Winsents frykter NRK svekker musikktilbudet P13 har bygget opp i 11 \u00e5r.<\/li>\n<li class=\"_item_o9xde_30\">Flere programmer fra P13 forsvinner i overgangen til den nye kanalen P3 Musikk.<\/li>\n<li class=\"_item_o9xde_30\">Det har kommet skarpe reaksjoner fra musikksynsere, NRK-veteraner og artister.<\/li>\n<li class=\"_item_o9xde_30\">NRKs kulturredakt\u00f8r forsvarer prosessen, men erkjenner at Winsents ikke ble optimalt informert om sin posisjon.<\/li>\n<\/ul>\n<p>Vis mer <\/p>\n<p class=\"_paragraph_o9xde_4 _paragraph_xtcu6_10 layout-component text-serif-m layout-normal text-serif-m layout-padded\">Kristin Winsents (58) frykter samtidig at <a href=\"https:\/\/www.vg.no\/tag\/nrk?utm_source=vg-article&amp;utm_medium=auto-tagger&amp;utm_campaign=V6lBpl\" class=\"_link_o9xde_39\" rel=\"nofollow noopener\" target=\"_blank\">NRK<\/a> er i ferd med \u00e5 svekke bredden i musikktilbudet P13 har bygd opp gjennom et dr\u00f8yt ti\u00e5r.<\/p>\n<p class=\"_paragraph_o9xde_4 _paragraph_xtcu6_10 layout-component text-serif-m layout-normal text-serif-m layout-padded\">Den erfarne journalisten var musikksjefmusikksjefI stillingsutlysningen fra 2013 ble jobben omtalt som &laquo;musikkansvarlig&raquo; for P13. Winsents ble omtalt som &laquo;musikksjef&raquo; i NRKs egen omtale av hennes nye stilling h\u00f8sten 2013. Hun hadde ogs\u00e5 programmet &laquo;Musikksjefen&raquo; i hele kanalens levetid. i musikkanalen P13 siden oppstarten i 2013.<\/p>\n<p class=\"_paragraph_o9xde_4 _paragraph_xtcu6_10 layout-component text-serif-m layout-normal text-serif-m layout-padded\">N\u00e5 er P13 historie, mens b\u00e5de programmer og medarbeidere er overf\u00f8rt til nyvinningen P3 MusikkP3 MusikkP3 Musikk er en spesialisert kanal rettet mot musikkinteresserte i alle aldre, if\u00f8lge NRK. Dette i motsetning til P3, som sikter spesifikt mot et ungt publikum..<\/p>\n<p class=\"_paragraph_o9xde_4 _paragraph_xtcu6_10 layout-component text-serif-m layout-normal text-serif-m layout-padded\">\u2013 Jeg er bekymret for musikkdekningen i NRK, sier Winsents til VG.<\/p>\n<p> Skarpe reaksjoner<\/p>\n<p class=\"_paragraph_o9xde_4 _paragraph_xtcu6_10 layout-component text-serif-m layout-normal text-serif-m layout-padded\">Nylig ble det kjent at en god h\u00e5ndfull etablerte og sjangerspesialiserte programmer fra P13 forsvinner.<\/p>\n<p class=\"_paragraph_o9xde_4 _paragraph_xtcu6_10 layout-component text-serif-m layout-normal text-serif-m layout-padded\">Disse erstattes med nye der musikken i st\u00f8rre grad hentes fra NRKs spillelister, hvor utvalgte l\u00e5ter g\u00e5r i fast rotasjon.<\/p>\n<p class=\"_paragraph_o9xde_4 _paragraph_xtcu6_10 layout-component text-serif-m layout-normal text-serif-m layout-padded\">Reaksjonene har v\u00e6rt skarpe, b\u00e5de fra <a href=\"https:\/\/www.vg.no\/nyheter\/i\/xrA948\/egon-holstad-nrks-aktive-doedshjelp-til-forfallet\" data-track-element-type=\"Link\" data-track-id=\"link:xrA948\" class=\"_link_o9xde_39\" rel=\"nofollow noopener\" target=\"_blank\">musikksynsere<\/a>, <a href=\"https:\/\/www.vg.no\/rampelys\/i\/0pjry6\/reagerer-paa-nrk-nedleggelser-i-p3-musikk-fuck-em\" data-track-element-type=\"Link\" data-track-id=\"link:0pjry6\" class=\"_link_o9xde_39\" rel=\"nofollow noopener\" target=\"_blank\">NRK-veteraner<\/a>, <a href=\"https:\/\/www.vg.no\/nyheter\/i\/gkajGJ\/skuffende-nrk\" data-track-element-type=\"Link\" data-track-id=\"link:gkajGJ\" class=\"_link_o9xde_39\" rel=\"nofollow noopener\" target=\"_blank\">artister<\/a> og <a href=\"https:\/\/www.vg.no\/nyheter\/i\/lng52o\/vi-trenger-ikke-et-statsfinansiert-spotify\" data-track-element-type=\"Link\" data-track-id=\"link:lng52o\" class=\"_link_o9xde_39\" rel=\"nofollow noopener\" target=\"_blank\">artistorganisasjoner<\/a> \u2013 og NRK har <a href=\"https:\/\/www.vg.no\/nyheter\/i\/0pjJG0\/nrk-om-musikktilbudet-endring-i-koleraens-tid\" data-track-element-type=\"Link\" data-track-id=\"link:0pjJG0\" class=\"_link_o9xde_39\" rel=\"nofollow noopener\" target=\"_blank\">svart<\/a>.<\/p>\n<p class=\"_paragraph_o9xde_4 _paragraph_xtcu6_10 layout-component text-serif-m layout-normal text-serif-m layout-padded\">P\u00e5 nett sirkulerer n\u00e5 et <a href=\"https:\/\/www.opprop.net\/stopp_forfallet_i_nrk_musikkradio\" class=\"_link_o9xde_39\" rel=\"nofollow noopener\" target=\"_blank\">opprop<\/a> titulert \u00abStopp forfallet i NRK musikk!\u00bb, knyttet til endringene.<\/p>\n<p class=\"_paragraph_o9xde_4 _paragraph_xtcu6_10 layout-component text-serif-m layout-normal text-serif-m layout-padded\">Tidlig i \u00e5r omorganiserte NRK ansvaret for musikk, og samlet det i \u00e9n avdeling.<\/p>\n<p class=\"_paragraph_o9xde_4 _paragraph_xtcu6_10 layout-component text-serif-m layout-normal text-serif-m layout-padded\">If\u00f8lge Winsents kom det beskjed om hvem de ansvarlige i den nye musikkavdelingen skulle v\u00e6re, i desember 2024.<\/p>\n<p>De styrer musikken<\/p>\n<p class=\"_paragraph_o9xde_4 _paragraph_xtcu6_10 _paragraph_16v91_10 layout-component text-serif-m layout-normal text-sans-m layout-padded\">Disse fire har leder- og arbeidslederansvar i P3 Musikk (og ungdomskanalen P3):<\/p>\n<ul class=\"_list_o9xde_3 _list_xtcu6_9 _list_16v91_9 _unordered_o9xde_106 layout-component text-serif-m layout-normal text-sans-m layout-padded\">\n<li class=\"_item_o9xde_30\">Mats Borch Bugge \u2013 NRKs musikksjef med overordnet strategisk ansvar.<\/li>\n<li class=\"_item_o9xde_30\">Ida Eline Tangen \u2013 redaksjonssjef for musikkinnhold i kulturavdelingen.<\/li>\n<li class=\"_item_o9xde_30\">Daniel Ramberg \u2013 portef\u00f8ljeleder i popul\u00e6rmusikkportef\u00f8ljen.<\/li>\n<li class=\"_item_o9xde_30\">Janne Monsen Tveit \u2013 vaktsjef, leder ukentlige spillelistem\u00f8ter.<\/li>\n<\/ul>\n<p>Vis mer<\/p>\n<p class=\"_paragraph_o9xde_4 _paragraph_xtcu6_10 layout-component text-serif-m layout-normal text-serif-m layout-padded\">Selv skulle hun ikke lenger v\u00e6re musikksjef, kun programleder, fikk hun vite \u2013 etter hvert.<\/p>\n<p class=\"_paragraph_o9xde_4 _paragraph_xtcu6_10 layout-component text-serif-m layout-normal text-serif-m layout-padded\">Mandag 3. februar i \u00e5r flyttet P13-gjengen til ny avdeling.<\/p>\n<p class=\"_paragraph_o9xde_4 _paragraph_xtcu6_10 layout-component text-serif-m layout-normal text-serif-m layout-padded\">\u2013 Min egen posisjon i den nye organisasjonen ble jeg f\u00f8rst informert om fredag ettermiddag, 31. januar.<\/p>\n<p class=\"_paragraph_o9xde_4 _paragraph_xtcu6_10 layout-component text-serif-m layout-normal text-serif-m layout-padded\">Samtidig var lederstillinger og arbeidslederroller i den nye avdelingen allerede utpekt.<\/p>\n<p class=\"_paragraph_o9xde_4 _paragraph_xtcu6_10 layout-component text-serif-m layout-normal text-serif-m layout-padded\">\u2013 Jeg ble overrasket. Vi var flere som ikke engang visste at det var stillinger i oml\u00f8p. Som ansatt kunne jeg jo v\u00e6rt interessert i \u00e5 s\u00f8ke, hvis jeg hadde visst at det var en mulighet.<\/p>\n<p class=\"_paragraph_o9xde_4 _paragraph_xtcu6_10 layout-component text-serif-m layout-normal text-serif-m layout-padded\">Hun legger ikke skjul p\u00e5 at prosessen opplevdes uryddig.<\/p>\n<p class=\"_paragraph_o9xde_4 _paragraph_xtcu6_10 layout-component text-serif-m layout-normal text-serif-m layout-padded\">\u2013 Offentlige virksomheter skal jo lyse ut stillinger. Det skjedde ikke her.<\/p>\n<p class=\"_paragraph_o9xde_4 _paragraph_xtcu6_10 layout-component text-serif-m layout-normal text-serif-m layout-padded\">Det skjedde derimot i 2013, da NRK skulle finne den rette til \u00e5 v\u00e6re musikkansvarlig i P13.<\/p>\n<p class=\"_paragraph_o9xde_4 _paragraph_xtcu6_10 layout-component text-serif-m layout-normal text-serif-m layout-padded\">Stillingen ble utlyst, og gikk til Winsents.<\/p>\n<p><img decoding=\"async\" alt=\"Bilde av Ingerid Nordstrand\" class=\"_image_ygndg_42\" height=\"27\" itemprop=\"image\" loading=\"lazy\"  src=\"https:\/\/www.europesays.com\/no\/wp-content\/uploads\/2025\/12\/2a428b28-302a-418c-9a4a-f5939ca17bd7\"  width=\"40\"\/><strong class=\"_name_ygndg_51 title-serif-xs\">Ingerid Nordstrand<\/strong><\/p>\n<p class=\"_paragraph_o9xde_4 text-sans-m _description_ygndg_56\">Kulturredakt\u00f8r i NRK<\/p>\n<p class=\"_paragraph_o9xde_4 _paragraph_xtcu6_10 layout-component text-serif-m layout-normal text-serif-m layout-padded\">NRKs kulturredakt\u00f8r Ingerid Nordstrand skriver i en epost til VG via NRKs kommunikasjonsavdeling at utlysning var den riktige m\u00e5ten \u00e5 gj\u00f8re det p\u00e5 \u2013 den gang.<\/p>\n<p class=\"_paragraph_o9xde_4 _paragraph_xtcu6_10 layout-component text-serif-m layout-normal text-serif-m layout-padded\">\u2013 Men siden har det skjedd store endringer b\u00e5de i kanalen og i NRK for \u00f8vrig.<\/p>\n<p> \u2013 Litt rart?<\/p>\n<p class=\"_paragraph_o9xde_4 _paragraph_xtcu6_10 layout-component text-serif-m layout-normal text-serif-m layout-padded\">Winsents sier hun aldri f\u00f8r har v\u00e6rt borti en prosess som den hun n\u00e5 kritiserer.<\/p>\n<p class=\"_paragraph_o9xde_4 _paragraph_xtcu6_10 layout-component text-serif-m layout-normal text-serif-m layout-padded\">\u2013 Man tenker jo i etterkant: Var ikke dette litt rart?<\/p>\n<p class=\"_paragraph_o9xde_4 _paragraph_xtcu6_10 layout-component text-serif-m layout-normal text-serif-m layout-padded\">NRK sier til VG at omorganiseringen ble dr\u00f8ftet med tillitsvalgte.<\/p>\n<p class=\"_paragraph_o9xde_4 _paragraph_xtcu6_10 layout-component text-serif-m layout-normal text-serif-m layout-padded\">Norsk Journalistlag i NRK \u00f8nsker ikke \u00e5 kommentere saken.<\/p>\n<p class=\"_paragraph_o9xde_4 _paragraph_xtcu6_10 layout-component text-serif-m layout-normal text-serif-m layout-padded\">Winsents fortsetter:<\/p>\n<p class=\"_paragraph_o9xde_4 _paragraph_xtcu6_10 layout-component text-serif-m layout-normal text-serif-m layout-padded\">\u2013 Jeg er bekymret over den ekstremt lukkede prosessen vi har v\u00e6rt gjennom, hvor ingenting blir sagt til oss f\u00f8r ting er avgjort. Det har v\u00e6rt veldig f\u00e5 skriftlige spor i hele denne prosessen.<\/p>\n<p><img alt=\"Foto: Mattis Sandblad \/ VG\" class=\"_image_qp4xg_65 layout-component layout-normal\" data-fullscreen- data-track-element-type=\"Article image fullscreen\" data-track-name=\"ImageFullscreen\" decoding=\"async\" loading=\"lazy\" height=\"4000\" itemprop=\"image\"  src=\"https:\/\/www.europesays.com\/no\/wp-content\/uploads\/2025\/12\/7bba93b7-386c-4766-9994-81dd46b1c543\"  style=\"object-position:0% 0%\" width=\"5727\"\/>Foto: Mattis Sandblad \/ VG<\/p>\n<p class=\"_paragraph_o9xde_4 _paragraph_xtcu6_10 layout-component text-serif-m layout-normal text-serif-m layout-padded\">Kulturredakt\u00f8r Nordstrand erkjenner at det har v\u00e6rt store og krevende endringer i NRK de siste \u00e5rene.<\/p>\n<p class=\"_paragraph_o9xde_4 _paragraph_xtcu6_10 layout-component text-serif-m layout-normal text-serif-m layout-padded\">\u2013 Men jeg kjenner meg ikke igjen i beskrivelsen av at vi driver med lukkede prosesser, skriver hun.<\/p>\n<p class=\"_paragraph_o9xde_4 _paragraph_xtcu6_10 layout-component text-serif-m layout-normal text-serif-m layout-padded\">\u2013 Vi har informert fortl\u00f8pende om alt som er klart, b\u00e5de i samarbeidsutvalg med fagforening, allm\u00f8ter, redaksjonsm\u00f8ter, skriftlig og i samtaler med hver enkelt.<\/p>\n<p class=\"_paragraph_o9xde_4 _paragraph_xtcu6_10 layout-component text-serif-m layout-normal text-serif-m layout-padded\">Videre skriver NRKs kulturredakt\u00f8r at de nye rollene ikke kunne s\u00f8kes p\u00e5 fordi de var innplasseringer i en ny organisasjonsstruktur, ikke opprettelse av nye stillinger.<\/p>\n<p class=\"_paragraph_o9xde_4 _paragraph_xtcu6_10 layout-component text-serif-m layout-normal text-serif-m layout-padded\">\u2013 I slike endringsprosesser er det vanlig at ledere og medarbeidere f\u00e5r nye roller uten utlysning. Funksjoner som portef\u00f8ljeleder og vaktsjef er en del av ordin\u00e6r bemanning og krever ikke utlysning.<\/p>\n<p> \u2013 Krevende<\/p>\n<p class=\"_paragraph_o9xde_4 _paragraph_xtcu6_10 layout-component text-serif-m layout-normal text-serif-m layout-padded\">Nordstrand erkjenner at tidspunktet Winsents fikk beskjed om at musikksjeftittelen hennes r\u00f8k \u2013 siste virkedag f\u00f8r overf\u00f8ring til ny avdeling \u2013 ikke var optimal.<\/p>\n<p class=\"_paragraph_o9xde_4 _paragraph_xtcu6_10 layout-component text-serif-m layout-normal text-serif-m layout-padded\">\u2013 At selve bortfallet av tittelen ble formidlet kort tid f\u00f8r ny organisering tr\u00e5dte i kraft, kan vi forst\u00e5 oppleves som krevende. N\u00e5r det er sagt, ble Winsents informert s\u00e5 fort dette ble klart.<\/p>\n<p><img alt=\"Kristin Winsents har m\u00f8tt sin andel rocklegender. Her i 2000 sammen med Gary \u00abMani\u00bb Mounfield, bassisten i The Stone Roses og Primal Scream som d\u00f8de 20. november i \u00e5r.  Foto: Julie Forchhammer\" class=\"_image_qp4xg_65 layout-component layout-normal\" data-fullscreen- data-track-element-type=\"Article image fullscreen\" data-track-name=\"ImageFullscreen\" decoding=\"async\" loading=\"lazy\" height=\"959\" itemprop=\"image\"  src=\"https:\/\/www.europesays.com\/no\/wp-content\/uploads\/2025\/12\/936ae315-93a5-4ff4-9eef-3951efb90c42\"  style=\"object-position:0% 0%\" width=\"1440\"\/>Kristin Winsents har m\u00f8tt sin andel rocklegender. Her i 2000 sammen med Gary \u00abMani\u00bb Mounfield, bassisten i The Stone Roses og Primal Scream som d\u00f8de 20. november i \u00e5r.  Foto: Julie Forchhammer<\/p>\n<p class=\"_paragraph_o9xde_4 _paragraph_xtcu6_10 layout-component text-serif-m layout-normal text-serif-m layout-padded\">If\u00f8lge Winsents ble stadig flere arbeidsoppgaver knyttet til musikksjefstillingen etter hvert som antallet ansatte i kanalen krympet.<\/p>\n<p class=\"_paragraph_o9xde_4 _paragraph_xtcu6_10 layout-component text-serif-m layout-normal text-serif-m layout-padded\">\u2013 S\u00e5 jeg endte opp som prosjektleder for samtlige programmer.<\/p>\n<p><img alt=\"P13-redaksjonen som startet i 2014. Fra venstre: Bj\u00f8rnar Pedersen, Svein Terje Torvik, Tarjei Str\u00f8m, Siri Knudsen, Kristin Winsents, Shaun Henrik Matheson, Grete Str\u00f8m, Knut Folkestad, Totto Mjelde, Thomas Felberg, Kari Slaatsveen, Guttorm Andreasen og Gro Narvestad Lund.  Foto: NRK\" class=\"_image_qp4xg_65 layout-component layout-normal\" data-fullscreen- data-track-element-type=\"Article image fullscreen\" data-track-name=\"ImageFullscreen\" decoding=\"async\" loading=\"lazy\" height=\"1573\" itemprop=\"image\"  src=\"https:\/\/www.europesays.com\/no\/wp-content\/uploads\/2025\/12\/03256fce-05fd-428c-bbc1-108e43e73ee6\"  style=\"object-position:0% 0%\" width=\"2404\"\/>P13-redaksjonen som startet i 2014. Fra venstre: Bj\u00f8rnar Pedersen, Svein Terje Torvik, Tarjei Str\u00f8m, Siri Knudsen, Kristin Winsents, Shaun Henrik Matheson, Grete Str\u00f8m, Knut Folkestad, Totto Mjelde, Thomas Felberg, Kari Slaatsveen, Guttorm Andreasen og Gro Narvestad Lund.  Foto: NRK<\/p>\n<p class=\"_paragraph_o9xde_4 _paragraph_xtcu6_10 layout-component text-serif-m layout-normal text-serif-m layout-padded\">Den tidligere musikksjefen understreker at hun ikke f\u00f8ler seg \u00abkastet\u00bb \u2013 men at hun er blitt usikker p\u00e5 hvordan NRK vurderer fagkunnskapen hun og kollegene i P13-milj\u00f8et sitter p\u00e5 etter mange \u00e5r.<\/p>\n<p class=\"_paragraph_o9xde_4 _paragraph_xtcu6_10 layout-component text-serif-m layout-normal text-serif-m layout-padded\">\u2013 Jeg f\u00f8ler meg trygg p\u00e5 hva jeg kan. Men jeg er usikker p\u00e5 om kompetansen min er \u00f8nsket i veldig lang tid fremover.<\/p>\n<p><img alt=\"Promoplakat for P3 Musikk slik kanalen skal bli i 2026.  Foto: NRK\" class=\"_image_qp4xg_65 layout-component layout-normal\" data-fullscreen- data-track-element-type=\"Article image fullscreen\" data-track-name=\"ImageFullscreen\" decoding=\"async\" loading=\"lazy\" height=\"1080\" itemprop=\"image\"  src=\"https:\/\/www.europesays.com\/no\/wp-content\/uploads\/2025\/12\/004e690d-50a8-444b-b0b9-f82a2199ceee\"  style=\"object-position:0% 0%\" width=\"1920\"\/>Promoplakat for P3 Musikk slik kanalen skal bli i 2026.  Foto: NRK<\/p>\n<p class=\"_paragraph_o9xde_4 _paragraph_xtcu6_10 layout-component text-serif-m layout-normal text-serif-m layout-padded\">Winsents viser til en betydelig musikkfaglig tyngde hos de ansatte som inntil nylig utgjorde P13.<\/p>\n<p class=\"_paragraph_o9xde_4 _paragraph_xtcu6_10 layout-component text-serif-m layout-normal text-serif-m layout-padded\">\u2013 Vi har ganske mange ti\u00e5rs erfaring samlet. Vi har formidlet musikk, konserter, intervjuer \u2013 alt. Derfor er det rart \u00e5 ikke bli lyttet til n\u00e5r man legger opp en ny musikkanal. Det er skuffende at vi som har bygd opp P13 ikke har blitt inkludert i prosessen.<\/p>\n<p><img alt=\"Kristin Winsents ble tildelt \u00e5rets Bjellesaupris av plateselskapsorganisasjonen FONO i h\u00f8st. \u00abDu har vist oss hvor viktig det er med redaksjonell tyngde og engasjement i en tid der algoritmene og str\u00f8mmetjenester dominerer mer og mer\u00bb, het det blant annet i begrunnelsen.  Foto: FONO\" class=\"_image_qp4xg_65 layout-component layout-normal\" data-fullscreen- data-track-element-type=\"Article image fullscreen\" data-track-name=\"ImageFullscreen\" decoding=\"async\" loading=\"lazy\" height=\"541\" itemprop=\"image\"  src=\"https:\/\/www.europesays.com\/no\/wp-content\/uploads\/2025\/12\/7e5f976f-2768-4af2-a1e5-a7ffbddeff78\"  style=\"object-position:0% 0%\" width=\"882\"\/>Kristin Winsents ble tildelt \u00e5rets Bjellesaupris av plateselskapsorganisasjonen FONO i h\u00f8st. \u00abDu har vist oss hvor viktig det er med redaksjonell tyngde og engasjement i en tid der algoritmene og str\u00f8mmetjenester dominerer mer og mer\u00bb, het det blant annet i begrunnelsen.  Foto: FONO<\/p>\n<p class=\"_paragraph_o9xde_4 _paragraph_xtcu6_10 layout-component text-serif-m layout-normal text-serif-m layout-padded\">NRKs kulturredakt\u00f8r skriver at det var et poeng i den nye organiseringen \u00e5 tydeliggj\u00f8re redakt\u00f8rlinjen og ansvar rundt utvelgelse av musikk.<\/p>\n<p class=\"_paragraph_o9xde_4 _paragraph_xtcu6_10 layout-component text-serif-m layout-normal text-serif-m layout-padded\">\u2013 Derfor falt tittelen musikksjef for b\u00e5de P13 og P3 bort. Ansvaret ligger n\u00e5 hos redaksjonssjef Ida Eline Tangen. Det var ogs\u00e5 naturlig \u00e5 rydde i titler slik at disse ble korrekte opp mot oppgaver og ansvar.<\/p>\n<p class=\"_paragraph_o9xde_4 _paragraph_xtcu6_10 layout-component text-serif-m layout-normal text-serif-m layout-padded\">Ingerid Nordstrand presiserer at Winsents har v\u00e6rt og er en veldig viktig musikkprofil for NRK, med et to timer langt program fire ganger i uken p\u00e5 P3 Musikk. <\/p>\n<p class=\"_paragraph_o9xde_4 _paragraph_xtcu6_10 layout-component text-serif-m layout-normal text-serif-m layout-padded\">\u2013 Hun har satt sitt preg p\u00e5 musikkvalgene, og skal fortsatt gj\u00f8re det.<\/p>\n<p> \u2013 Sjokkert<\/p>\n<p class=\"_paragraph_o9xde_4 _paragraph_xtcu6_10 layout-component text-serif-m layout-normal text-serif-m layout-padded\">Winsents sier hun f\u00f8rst oppriktig trodde at omorganiseringen skulle styrke milj\u00f8et rundt statskanalens musikkformidling.<\/p>\n<p class=\"_paragraph_o9xde_4 _paragraph_xtcu6_10 layout-component text-serif-m layout-normal text-serif-m layout-padded\">1. september postet hun med hjerte p\u00e5 Facebook og Instagram om sitt nye program \u2013 titulert \u00abWinsents\u00bb, siden \u00abMusikksjefen\u00bb ikke passet s\u00e5 godt lenger \u2013 og navnebyttet fra P13 til P3 Musikk.<\/p>\n<p class=\"_paragraph_o9xde_4 _paragraph_xtcu6_10 layout-component text-serif-m layout-normal text-serif-m layout-padded\">S\u00e5 kom oktober, og NRK-ledelsen la frem sendeskjemaet for 2026 internt. Der fremgikk det hva som skulle \u00f8kses.<\/p>\n<p class=\"_paragraph_o9xde_4 _paragraph_xtcu6_10 layout-component text-serif-m layout-normal text-serif-m layout-padded\">\u2013 Jeg ble veldig, veldig overrasket. Jeg ble rett og slett sjokkert.<\/p>\n<p><img decoding=\"async\" alt=\"Bilde av Mats Borch Bugge\" class=\"_image_ygndg_42\" height=\"27\" itemprop=\"image\" loading=\"lazy\"  src=\"https:\/\/www.europesays.com\/no\/wp-content\/uploads\/2025\/12\/4c19c61c-273c-4a3c-9d29-3f5c2a99f890\"  width=\"40\"\/><strong class=\"_name_ygndg_51 title-serif-xs\">Mats Borch Bugge<\/strong><\/p>\n<p class=\"_paragraph_o9xde_4 text-sans-m _description_ygndg_56\">Musikksjef i NRK<\/p>\n<p class=\"_paragraph_o9xde_4 _paragraph_xtcu6_10 layout-component text-serif-m layout-normal text-serif-m layout-padded\">I september gikk det ut en pressemelding fra NRK hvor statskanalens musikksjef Mats Borch Bugge blant annet uttalte at P13-programmet \u00abSelskapssjuk\u00bb skulle fortsette p\u00e5 P3 Musikk.<\/p>\n<p class=\"_paragraph_o9xde_4 _paragraph_xtcu6_10 layout-component text-serif-m layout-normal text-serif-m layout-padded\">Det er n\u00e5 lagt ned.<\/p>\n<p class=\"_paragraph_o9xde_4 _paragraph_xtcu6_10 layout-component text-serif-m layout-normal text-serif-m layout-padded\">Winsents sier at optimismen hun ga uttrykk for den f\u00f8rste dagen i september, n\u00e5 f\u00f8les gitt p\u00e5 feil premisser.<\/p>\n<p class=\"_paragraph_o9xde_4 _paragraph_xtcu6_10 layout-component text-serif-m layout-normal text-serif-m layout-padded\">\u2013 Fordi vi ikke visste hva de egentlig hadde planlagt.<\/p>\n<p>Slik blir nye P3 Musikk<\/p>\n<p class=\"_paragraph_o9xde_4 _paragraph_xtcu6_10 _paragraph_16v91_10 layout-component text-serif-m layout-normal text-sans-m layout-padded\">I en pressemelding 1. desember la NRK frem dette som programmene i P3 Musikk 2026:<\/p>\n<ul class=\"_list_o9xde_3 _list_xtcu6_9 _list_16v91_9 _unordered_o9xde_106 layout-component text-serif-m layout-normal text-sans-m layout-padded\">\n<li class=\"_item_o9xde_30\">Kristin Winsents presenterer kuraterte l\u00e5ter i<strong class=\"_strong_o9xde_25\"> \u00abWinsents\u00bb<\/strong>, to timer fire ganger i uken.<\/li>\n<li class=\"_item_o9xde_30\"><strong class=\"_strong_o9xde_25\">\u00abDr\u00f8mmemorgen\u00bb <\/strong>med Ali Soufi-Grimsrud og Helen Anker sikter mot en behagelig start p\u00e5 dagen med kuraterte l\u00e5ter.<\/li>\n<li class=\"_item_o9xde_30\"><strong class=\"_strong_o9xde_25\">\u00abUr\u00f8rt\u00bb <\/strong>vil fire dager i uken presentere to timer med ny, norsk musikk og artister som har sin bakgrunn fra Ur\u00f8rt. Med Nina Gjertsen i studio.<\/li>\n<li class=\"_item_o9xde_30\">Et nytt <strong class=\"_strong_o9xde_25\">livemusikkonsept<\/strong> vil g\u00e5 p\u00e5 radio tre timer daglig mandag til torsdag. Programmet ledes av Arian Engeb\u00f8.<\/li>\n<li class=\"_item_o9xde_30\">Et nytt<strong class=\"_strong_o9xde_25\"> musikkjournalistisk quizprogram<\/strong>. Mandag til fredag kl. 11\u201312.<\/li>\n<li class=\"_item_o9xde_30\"><strong class=\"_strong_o9xde_25\">\u00abTaran og Kaja\u00bb<\/strong>: Hver fredag vil Taran Hofvind og Kaja Stoltenberg presentere musikknyheter, tendenser og trender, med blikk p\u00e5 sosiale medier og internett.<\/li>\n<li class=\"_item_o9xde_30\"><strong class=\"_strong_o9xde_25\">\u00abToppl\u00e5ter med Ronny\u00bb<\/strong>: Ronny Brede Aase skal spille musikk som setter deg i helgemodus.<\/li>\n<li class=\"_item_o9xde_30\"><strong class=\"_strong_o9xde_25\">\u00abStjernepose\u00bb<\/strong>: Gjester, spalter, humor, konkurranser og musikk med Totto Mjelde og Kjartan Ericsson.<\/li>\n<li class=\"_item_o9xde_30\"><strong class=\"_strong_o9xde_25\">\u00abBest akkurat n\u00e5\u00bb<\/strong>: Den samlede musikkredaksjonens favoritter fra uken som er g\u00e5tt og dagsferske l\u00e5ter. Sendes fredager.<\/li>\n<li class=\"_item_o9xde_30\">Sandeep Singh leder <strong class=\"_strong_o9xde_25\">\u00abIndiskotek\u00bb <\/strong>med sine egne favoritter hver fredag ettermiddag.<\/li>\n<li class=\"_item_o9xde_30\"><strong class=\"_strong_o9xde_25\">\u00abNational rap show\u00bb. <\/strong>Hip hop-programmet som overlever alle endringer i NRK fortsetter p\u00e5 P3 Musikk. Med Tommy Tee og Cely.<\/li>\n<li class=\"_item_o9xde_30\"><strong class=\"_strong_o9xde_25\">\u00abP3 Klubb\u00bb <\/strong>med Abiel Tee vil l\u00f8rdager by p\u00e5 fire timer med DJs og dansbar musikk fra ulike folk og sjangre. DJs som Arne Berg og Mats Frantzvaag og flere vil alternere bak spakene.<\/li>\n<li class=\"_item_o9xde_30\">Espen Omdahl fortsetter sine \u00e5ttitallsstudier i <strong class=\"_strong_o9xde_25\">\u00abTransmission\u00bb <\/strong>frem til juli 2026.<\/li>\n<\/ul>\n<p class=\"_paragraph_o9xde_4 _paragraph_xtcu6_10 _paragraph_16v91_10 layout-component text-serif-m layout-normal text-sans-m layout-padded\"><strong class=\"_strong_o9xde_25\">Disse P13-programmene forsvinner:<\/strong><\/p>\n<ul class=\"_list_o9xde_3 _list_xtcu6_9 _list_16v91_9 _unordered_o9xde_106 layout-component text-serif-m layout-normal text-sans-m layout-padded\">\n<li class=\"_item_o9xde_30\">\u00abSelskapssjuk\u00bb<\/li>\n<li class=\"_item_o9xde_30\">\u00abFrika fredag\u00bb<\/li>\n<li class=\"_item_o9xde_30\">\u00abFelbergs loft\u00bb<\/li>\n<li class=\"_item_o9xde_30\">\u00abMusikklunsj\u00bb<\/li>\n<li class=\"_item_o9xde_30\">\u00abFrantzvaag\u00bb<\/li>\n<li class=\"_item_o9xde_30\">\u00abTransmission\u00bb<\/li>\n<\/ul>\n<p class=\"_paragraph_o9xde_4 _paragraph_xtcu6_10 _paragraph_16v91_10 layout-component text-serif-m layout-normal text-sans-m layout-padded\">I tillegg skal \u00abStjernepose\u00bb sendes fire dager i uken, mot fem tidligere.<\/p>\n<p class=\"_paragraph_o9xde_4 _paragraph_xtcu6_10 _paragraph_16v91_10 layout-component text-serif-m layout-normal text-sans-m layout-padded\">Spesialprogrammet for hardrock, metal og punk, \u00abGitar\u00bb, forsvant allerede i sommer.<\/p>\n<p>Vis mer<\/p>\n<p class=\"_paragraph_o9xde_4 _paragraph_xtcu6_10 layout-component text-serif-m layout-normal text-serif-m layout-padded\">Ingerid Nordstrand melder at det var kjent i redaksjonen fra \u00abtidlig i september\u00bb n\u00e5 i h\u00f8st at sendeskjemaet skulle jobbes med og at endringer kunne komme.<\/p>\n<p class=\"_paragraph_o9xde_4 _paragraph_xtcu6_10 layout-component text-serif-m layout-normal text-serif-m layout-padded\">\u2013 Det er uansett veldig leit \u00e5 h\u00f8re at dialogen om endringene oppleves som utydelig, skriver Nordstrand.<\/p>\n<p class=\"_paragraph_o9xde_4 _paragraph_xtcu6_10 layout-component text-serif-m layout-normal text-serif-m layout-padded\">\u2013 Vi hadde et infol\u00f8p som gikk over tid. I m\u00f8ter med hver enkelt medarbeider som ble ber\u00f8rt av endringene, klargjorde vi i flere samtaler forest\u00e5ende endringer i oppgaver og ansvar.<\/p>\n<p class=\"_paragraph_o9xde_4 _paragraph_xtcu6_10 layout-component text-serif-m layout-normal text-serif-m layout-padded\">Kulturredakt\u00f8ren mener at alle innplasseringer skjedde p\u00e5 et saklig grunnlag.<\/p>\n<p class=\"_paragraph_o9xde_4 _paragraph_xtcu6_10 layout-component text-serif-m layout-normal text-serif-m layout-padded\">\u2013 Der vurderte vi de ansattes kompetanse og innsikt fra kartleggingssamtalene opp mot de nye stillingskravene.<\/p>\n<p> \u2013 Ikke bitterfitter<\/p>\n<p class=\"_paragraph_o9xde_4 _paragraph_xtcu6_10 layout-component text-serif-m layout-normal text-serif-m layout-padded\">Winsents er bekymret over at f\u00e6rre stemmer vil f\u00e5 noe \u00e5 si i den nye kanalen.<\/p>\n<p class=\"_paragraph_o9xde_4 _paragraph_xtcu6_10 layout-component text-serif-m layout-normal text-serif-m layout-padded\">Hun frykter at musikk som ikke naturlig havner i NRKs spillelister \u2013 men som P13 har l\u00f8ftet opp \u2013 vil f\u00e5 d\u00e5rligere k\u00e5r.<\/p>\n<p class=\"_paragraph_o9xde_4 _paragraph_xtcu6_10 layout-component text-serif-m layout-normal text-serif-m layout-padded\">Hun viser til norske artister som trenger nettopp de kuraterte musikkflatene for \u00e5 bli oppdaget.<\/p>\n<p><img alt=\"Kristin Winsents p\u00e5 \u00d8yafestivalen i 2006. Da hadde hun ni \u00e5r bak seg i NRK.  Foto: Mattis Sandblad \/ VG\" class=\"_image_qp4xg_65 layout-component layout-normal\" data-fullscreen- data-track-element-type=\"Article image fullscreen\" data-track-name=\"ImageFullscreen\" decoding=\"async\" loading=\"lazy\" height=\"4368\" itemprop=\"image\"  src=\"https:\/\/www.europesays.com\/no\/wp-content\/uploads\/2025\/12\/6d18e5dc-833a-4c3b-b4f5-3546f656fd01\"  style=\"object-position:0% 0%\" width=\"2912\"\/>Kristin Winsents p\u00e5 \u00d8yafestivalen i 2006. Da hadde hun ni \u00e5r bak seg i NRK.  Foto: Mattis Sandblad \/ VG<\/p>\n<p class=\"_paragraph_o9xde_4 _paragraph_xtcu6_10 layout-component text-serif-m layout-normal text-serif-m layout-padded\">Winsents er lite begeistret over tyngre satsning p\u00e5 sentralstyrte spillelister.<\/p>\n<p class=\"_paragraph_o9xde_4 _paragraph_xtcu6_10 layout-component text-serif-m layout-normal text-serif-m layout-padded\">\u2013 Da faller mye musikk utenfor. Man mister bredden, sier Winsents \u2013 antagelig med en viss tyngde; hun er selv med i spillelistegruppen for P3 Musikk.<\/p>\n<p class=\"_paragraph_o9xde_4 _paragraph_xtcu6_10 layout-component text-serif-m layout-normal text-serif-m layout-padded\">Winsents understreker at hun ikke mener det er en menneskerett \u00e5 v\u00e6re mellomleder.<\/p>\n<p class=\"_paragraph_o9xde_4 _paragraph_xtcu6_10 layout-component text-serif-m layout-normal text-serif-m layout-padded\">\u2013 Eller programleder, for den saks skyld.<\/p>\n<p><img alt=\"Foto: Mattis Sandblad \/ VG\" class=\"_image_qp4xg_65 layout-component layout-normal\" data-fullscreen- data-track-element-type=\"Article image fullscreen\" data-track-name=\"ImageFullscreen\" decoding=\"async\" loading=\"lazy\" height=\"4000\" itemprop=\"image\"  src=\"https:\/\/www.europesays.com\/no\/wp-content\/uploads\/2025\/12\/e281f569-96d2-469a-af71-47923c5c81e5\"  style=\"object-position:0% 0%\" width=\"6000\"\/>Foto: Mattis Sandblad \/ VG<\/p>\n<p class=\"_paragraph_o9xde_4 _paragraph_xtcu6_10 layout-component text-serif-m layout-normal text-serif-m layout-padded\">Hun synes imidlertid at hun og andre som taler P13-musikkens sak \u2013 med plass til smalere sjangre \u2013 n\u00e5 beskyldes for \u00e5 v\u00e6re bitre og for \u00e5 synes at alt var bedre f\u00f8r.<\/p>\n<p class=\"_paragraph_o9xde_4 _paragraph_xtcu6_10 layout-component text-serif-m layout-normal text-serif-m layout-padded\">\u2013 Jeg mener at vi absolutt ikke er en gjeng bitterfitter. S\u00e5 tror jeg kanskje vi som har jobbet i P13 har f\u00f8lt stort eierskap til kanalen. Og vi kunne ha kommet med konstruktive forslag til nye programmer.<\/p>\n","protected":false},"excerpt":{"rendered":"Musikksjefen i n\u00e5 nedlagte P13, Kristin Winsents, reagerer p\u00e5 at musikklederroller i NRK ble fylt uten mulighet til&hellip;\n","protected":false},"author":2,"featured_media":111705,"comment_status":"","ping_status":"","sticky":false,"template":"","format":"standard","meta":{"footnotes":""},"categories":[5],"tags":[20,21,24,25,15,19,22,23,17,18,13,30,28,29,787,14,16,26,27],"class_list":{"0":"post-111704","1":"post","2":"type-post","3":"status-publish","4":"format-standard","5":"has-post-thumbnail","7":"category-overskrifter","8":"tag-breaking-news","9":"tag-breakingnews","10":"tag-featured-news","11":"tag-featurednews","12":"tag-headlines","13":"tag-hovedoppslag","14":"tag-latest-news","15":"tag-latestnews","16":"tag-main-news","17":"tag-mainnews","18":"tag-news","19":"tag-no","20":"tag-norge","21":"tag-norway","22":"tag-nrk","23":"tag-nyheter","24":"tag-overskrifter","25":"tag-top-stories","26":"tag-topstories"},"share_on_mastodon":{"url":"https:\/\/pubeurope.com\/@no\/115708487882347511","error":""},"_links":{"self":[{"href":"https:\/\/www.europesays.com\/no\/wp-json\/wp\/v2\/posts\/111704","targetHints":{"allow":["GET"]}}],"collection":[{"href":"https:\/\/www.europesays.com\/no\/wp-json\/wp\/v2\/posts"}],"about":[{"href":"https:\/\/www.europesays.com\/no\/wp-json\/wp\/v2\/types\/post"}],"author":[{"embeddable":true,"href":"https:\/\/www.europesays.com\/no\/wp-json\/wp\/v2\/users\/2"}],"replies":[{"embeddable":true,"href":"https:\/\/www.europesays.com\/no\/wp-json\/wp\/v2\/comments?post=111704"}],"version-history":[{"count":0,"href":"https:\/\/www.europesays.com\/no\/wp-json\/wp\/v2\/posts\/111704\/revisions"}],"wp:featuredmedia":[{"embeddable":true,"href":"https:\/\/www.europesays.com\/no\/wp-json\/wp\/v2\/media\/111705"}],"wp:attachment":[{"href":"https:\/\/www.europesays.com\/no\/wp-json\/wp\/v2\/media?parent=111704"}],"wp:term":[{"taxonomy":"category","embeddable":true,"href":"https:\/\/www.europesays.com\/no\/wp-json\/wp\/v2\/categories?post=111704"},{"taxonomy":"post_tag","embeddable":true,"href":"https:\/\/www.europesays.com\/no\/wp-json\/wp\/v2\/tags?post=111704"}],"curies":[{"name":"wp","href":"https:\/\/api.w.org\/{rel}","templated":true}]}}