{"id":111706,"date":"2025-12-12T20:30:11","date_gmt":"2025-12-12T20:30:11","guid":{"rendered":"https:\/\/www.europesays.com\/no\/111706\/"},"modified":"2025-12-12T20:30:11","modified_gmt":"2025-12-12T20:30:11","slug":"kultur-underholdning-saerp-tropez","status":"publish","type":"post","link":"https:\/\/www.europesays.com\/no\/111706\/","title":{"rendered":"Kultur &#038; underholdning, S\u00e6rp Tropez"},"content":{"rendered":"\n<p>\u2013 Hvorfor kommer det s\u00e5 sykt mange bra, kreative folk fra \u00d8stfold og S\u00e6rp? sp\u00f8r kunstnerisk leder Cici Henriksen, som \u00f8nsker \u00e5 synliggj\u00f8re det sterke kunstmilj\u00f8et i regionen.<\/p>\n<p>Fyller sentrum med kultur<\/p>\n<p>Denne l\u00f8rdagen inviterer S\u00e6rp Tropez til et variert program med kortfilmvisning p\u00e5 Sarpsborg kino, skuespillerworkshop, kreativ visning og en panelsamtale om hvordan oppvekst og tilh\u00f8righet p\u00e5virker kunstnerisk utvikling.<\/p>\n<p>\u2013 Da jeg begynte \u00e5 unders\u00f8ke hvem innen film, TV, scenekunst, radio, graffiti og bildekunst som kommer fra \u00d8stfold og samtidig gj\u00f8r det stort nasjonalt og internasjonalt, ble jeg helt blown away, sier Henriksen.<\/p>\n<p>\u2013 En fellesnevner er at mange av de kreative \u00f8stfoldingene har enorm drivkraft og guts. N\u00e5 vil vi f\u00e5 dem hjemover for \u00e5 snakke om hvordan stedene de vokste opp former deres kreative prosesser, legger hun til.<\/p>\n<p>   <img decoding=\"async\" width=\"960\" height=\"960\" fetchpriority=\"low\"  loading=\"lazy\"  src=\"https:\/\/www.europesays.com\/no\/wp-content\/uploads\/2025\/12\/Cici+Henriksen+Foto+Samir+Madad2.jpg\" alt=\"\" class=\"brick-c-cFOWSL\" style=\"--brick-image-ratio: 960 \/ 960;\"\/><\/p>\n<p>      Cici Henriksen leder prosjektet LEVEL UP.<br \/>\n      Foto: Samir Madad\n    <\/p>\n<p>  Panelsamtaler og profiler<\/p>\n<p>I St. Marie gate 51 \u2013 i de tidligere lokalene til Sentrum Profiltrykk \u2013 m\u00f8tes flere kjente kulturut\u00f8vere til samtale ledet av Henriksen. Her deltar tre profilerte kunstnere med r\u00f8tter i \u00d8stfold.<\/p>\n<p>Nathan \u00abNate\u00bb Kahungu er oppvokst i Sarpsborg, med tilknytning til Hafslund, Alvim og Gre\u00e5ker. Han er kjent fra StudioP3, P3 Gull, Ville fristelser, Love Island og Skal vi danse.<\/p>\n<p>Camilla Tellefsen, en av Norges mest markante dansekunstnere, deltar ogs\u00e5. Hun er kjent fra streetdance-milj\u00f8et, Subsdans, Soul Sessions og som koreograf for blant annet Madcons \u00abGlow\u00bb under Eurovision 2010 og spillefilmen Battle.<\/p>\n<p>Amell Basic, utdannet skuespiller fra Kunsth\u00f8gskolen i Oslo, tar ogs\u00e5 del i samtalen. Han har spilt p\u00e5 Det Norske Teatret, Nationaltheatret, Den Nationale Scene og Rogaland Teater, samt hatt roller i flere TV-serier.<\/p>\n<p>Kortfilm og samtale<\/p>\n<p>P\u00e5 Sarpsborg kino vises Christoffer Byas kortfilm RE20 til Oslo. Etter visningen blir det samtale med filmskaperen og skuespillerne Leon Aleksander Melloms\u00e6ther og Patrick Berglund. Ogs\u00e5 denne samtalen ledes av Cici Henriksen.<\/p>\n<p>Workshop og kreativ visning<\/p>\n<p>I St. Marie gate 57 inviterer Martin \u00d8vrevik til en praktisk workshop der deltakerne utforsker s\u00e6rpekarakterer i universet fra Praktisk talt en fri mann, basert p\u00e5 \u00d8vrevik sin egen karakter Tim Shady.<\/p>\n<p>Ogs\u00e5 i St. Marie gate 53, Simenseng\u00e5rden, blir det aktivitet. Her f\u00e5r skuespiller og sanger Madeleine R\u00f8seth (Askim) og multiinstrumentalist Adrian Bjerketvedt (Sarpsborg) tilgang til et tomt lokale og frie kunstneriske rammer over to dager. Resultatet vises for publikum l\u00f8rdag 20. desember.<\/p>\n<p>\u2013 Alle arrangementene er gratis, alkoholfrie og \u00e5pne for alle, understreker Henriksen.<\/p>\n<p>\u2013 Tusen takk til Kulturr\u00e5det, \u00d8stfold fylkeskommune, Simenseng\u00e5rden, Olavsdagene\/Jubileumsstafetten og Lindborg eiendom, sier hun.<\/p>\n<p>  <a href=\"https:\/\/www.sa.no\/5-46-1889793\" class=\"related-teaser has-image default-story-teaser article--c-eRUmMG article--c-eRUmMG-jKCPdD-design-default\" rel=\"nofollow noopener\" target=\"_blank\"><\/p>\n<p>    <img decoding=\"async\" loading=\"lazy\"  src=\"https:\/\/www.europesays.com\/no\/wp-content\/uploads\/2025\/12\/5_46_1654288+VM_CiciHenriksen_Pappen+0858.jpg\" alt=\"\" class=\"brick-c-cFOWSL\" style=\"\"\/><\/p>\n<p>\n            Les ogs\u00e5<\/p>\n<p>              N\u00e5 f\u00e5r du livshistorien til Cici Henriksen spilt ut i Janitsjarhuset\n        <\/p>\n<p>  <\/a><\/p>\n","protected":false},"excerpt":{"rendered":"\u2013 Hvorfor kommer det s\u00e5 sykt mange bra, kreative folk fra \u00d8stfold og S\u00e6rp? sp\u00f8r kunstnerisk leder Cici&hellip;\n","protected":false},"author":2,"featured_media":111707,"comment_status":"","ping_status":"","sticky":false,"template":"","format":"standard","meta":{"footnotes":""},"categories":[58],"tags":[36,71,282,30,28,29,447,2038,1510,72],"class_list":{"0":"post-111706","1":"post","2":"type-post","3":"status-publish","4":"format-standard","5":"has-post-thumbnail","7":"category-underholdning","8":"tag-art","9":"tag-entertainment","10":"tag-kultur-underholdning","11":"tag-no","12":"tag-norge","13":"tag-norway","14":"tag-nyhet","15":"tag-saerp-tropez","16":"tag-story","17":"tag-underholdning"},"share_on_mastodon":{"url":"https:\/\/pubeurope.com\/@no\/115708495558507464","error":""},"_links":{"self":[{"href":"https:\/\/www.europesays.com\/no\/wp-json\/wp\/v2\/posts\/111706","targetHints":{"allow":["GET"]}}],"collection":[{"href":"https:\/\/www.europesays.com\/no\/wp-json\/wp\/v2\/posts"}],"about":[{"href":"https:\/\/www.europesays.com\/no\/wp-json\/wp\/v2\/types\/post"}],"author":[{"embeddable":true,"href":"https:\/\/www.europesays.com\/no\/wp-json\/wp\/v2\/users\/2"}],"replies":[{"embeddable":true,"href":"https:\/\/www.europesays.com\/no\/wp-json\/wp\/v2\/comments?post=111706"}],"version-history":[{"count":0,"href":"https:\/\/www.europesays.com\/no\/wp-json\/wp\/v2\/posts\/111706\/revisions"}],"wp:featuredmedia":[{"embeddable":true,"href":"https:\/\/www.europesays.com\/no\/wp-json\/wp\/v2\/media\/111707"}],"wp:attachment":[{"href":"https:\/\/www.europesays.com\/no\/wp-json\/wp\/v2\/media?parent=111706"}],"wp:term":[{"taxonomy":"category","embeddable":true,"href":"https:\/\/www.europesays.com\/no\/wp-json\/wp\/v2\/categories?post=111706"},{"taxonomy":"post_tag","embeddable":true,"href":"https:\/\/www.europesays.com\/no\/wp-json\/wp\/v2\/tags?post=111706"}],"curies":[{"name":"wp","href":"https:\/\/api.w.org\/{rel}","templated":true}]}}