{"id":111708,"date":"2025-12-12T20:32:14","date_gmt":"2025-12-12T20:32:14","guid":{"rendered":"https:\/\/www.europesays.com\/no\/111708\/"},"modified":"2025-12-12T20:32:14","modified_gmt":"2025-12-12T20:32:14","slug":"okonomi-og-naeringsliv-narvesen-na-er-det-bekreftet-narvesen-kiosken-pa-alti-vestby-er-snart-historie","status":"publish","type":"post","link":"https:\/\/www.europesays.com\/no\/111708\/","title":{"rendered":"\u00d8konomi og n\u00e6ringsliv, Narvesen | N\u00e5 er det bekreftet \u2013 Narvesen-kiosken p\u00e5 Alti Vestby er snart historie"},"content":{"rendered":"\n<p>(<a href=\"https:\/\/www.vestbyavis.no\/na-er-det-bekreftet-narvesen-kiosken-pa-alti-vestby-er-snart-historie\/s\/5-53-1027745\" rel=\"Follow nofollow noopener\" target=\"_blank\">Vestby Avis<\/a>\/<a href=\"https:\/\/www.nettavisen.no\/okonomi\/her-forsvinner-narvesen-og-7-eleven\/s\/5-95-2777006\" rel=\"Follow nofollow noopener\" target=\"_blank\">Nettavisen<\/a>) Reitan Convenience Norway meldte for ikke lenge siden at flere titalls kiosker avvikles fra 2026. I all hovedsak gjelder dette Narvesen-kiosker p\u00e5 kj\u00f8pesentre i Norge.<\/p>\n<p>Vestby Avis har ved flere anledninger skrevet om Narvesen-kioskens uvisse skjebne. N\u00e5 er det alts\u00e5 helt bekreftet, og hvor mange det blir og hvor.<\/p>\n<p>Det var en sv\u00e6rt beveget kj\u00f8pmann, Elin Merethe Myhrhaug, Vestby Avis m\u00f8tte for ikke lenge siden.<\/p>\n<p><b>\u2013 At det ikke er kundegrunnlag her, det skj\u00f8nner jeg jo ikke, sa hun til Vestby Avis.<\/b><\/p>\n<p>\u2013 For ett \u00e5r siden fikk vi beskjed om at vi skulle ruste opp her p\u00e5 kj\u00f8pesenteret, s\u00e5 det var ikke i tankene mine en gang at kiosken skulle legges ned, sa hun.<\/p>\n<p>  <a href=\"https:\/\/www.moss-avis.no\/5-67-2263469\" class=\"related-teaser has-image default-story-teaser article--c-eRUmMG article--c-eRUmMG-jKCPdD-design-default\" rel=\"nofollow noopener\" target=\"_blank\"><\/p>\n<p>    <img decoding=\"async\" loading=\"lazy\"  src=\"https:\/\/www.europesays.com\/no\/wp-content\/uploads\/2025\/12\/IMG_0352.JPG\" alt=\"\" class=\"brick-c-cFOWSL\" style=\"\"\/><\/p>\n<p>\n            Les ogs\u00e5<\/p>\n<p>              Narvesen-kiosken g\u00e5r en uviss fremtid i m\u00f8te: \u2013 Vi vet s\u00e5 lite\n        <\/p>\n<p>  <\/a><\/p>\n<p>   <img decoding=\"async\" width=\"6240\" height=\"4160\" fetchpriority=\"low\"  loading=\"lazy\"  src=\"https:\/\/www.europesays.com\/no\/wp-content\/uploads\/2025\/12\/IMG_1356.JPG\" alt=\"\" class=\"brick-c-cFOWSL\" style=\"--brick-image-ratio: 6240 \/ 4160;\"\/><\/p>\n<p>      Elin Merethe Myhrhaugs tid bak disken i Narvesen-kiosken p\u00e5 Alti Vestby g\u00e5r mot slutten.<br \/>\n      Foto: Sebastian Lerpold\n    <\/p>\n<p>Hun fortalte om en krevende tid, med mange vanskelige stunder.<\/p>\n<p>\u2013 Det er jo totalen. Det er kundene og at man har viet halve livet sitt til bedriften, svarer hun.<\/p>\n<p>Samtidig understreket kj\u00f8pmannen at hun stoler p\u00e5 at det er en mening bak nedleggelsen, og at avgj\u00f8relsen til ledelsen er grundig gjennomtenkt.<\/p>\n<p>Narvesen p\u00e5 Sykehuset \u00d8stfold p\u00e5 Kalnes rammes ikke. Narvesen-kiosken ved Moss jernbanestasjon er ikke nevnt i oversikten, og det er heller ikke kiosken p\u00e5 Moss sykehus.<\/p>\n<p>  <a href=\"https:\/\/www.moss-avis.no\/5-67-2120727\" class=\"related-teaser has-image default-story-teaser article--c-eRUmMG article--c-eRUmMG-jKCPdD-design-default\" rel=\"nofollow noopener\" target=\"_blank\"><\/p>\n<p>    <img decoding=\"async\" loading=\"lazy\"  src=\"https:\/\/www.europesays.com\/no\/wp-content\/uploads\/2025\/12\/IMG_7594.jpeg\" alt=\"\" class=\"brick-c-cFOWSL\" style=\"\"\/><\/p>\n<p>\n            Les ogs\u00e5<\/p>\n<p>              Gladnyhet for sykehus-kiosken: \u2013 En stor lettelse\n        <\/p>\n<p>  <\/a><br \/>\n  400 ansatte<\/p>\n<p>\u2013 Dette er en krevende, men n\u00f8dvendig beslutning. V\u00e5rt ansvar er \u00e5 s\u00f8rge for at v\u00e5re kj\u00f8pmenn har de riktige forutsetningene for \u00e5 lykkes med l\u00f8nnsom drift, p\u00e5 lokasjoner som m\u00f8ter morgendagens behov, sier Annamaria Carnemark, administrerende direkt\u00f8r i Reitan Convenience Norway, i en melding til <a href=\"https:\/\/www.nettavisen.no\/okonomi\/her-forsvinner-narvesen-og-7-eleven\/s\/5-95-2777006\" rel=\"Follow nofollow noopener\" target=\"_blank\">Nettavisen<\/a>.<\/p>\n<p>Digitalisering av lesestoff som aviser og magasiner samt utfasing av spill og tjenester bidrar til den massive nedleggelsene.<\/p>\n<p>Totalt ber\u00f8rer restruktureringen 70 kj\u00f8pmenn og om lag 400 butikkansatte.<\/p>\n<p>De endelige nedleggelsesdatoene vil variere fra sted til sted og avklares i dialog med franchisetager og g\u00e5rdeier.<\/p>\n<p>Dermed er det uvisst n\u00e5r den endelige stengedatoen er her i Vestby, men det vil trolig skje i l\u00f8pet av 2026, if\u00f8lge Nettavisen.<\/p>\n<p>Disse legges ned<\/p>\n<p>Nedenfor er en oversikt over de f\u00f8rste kioskene hvor avvikling er besluttet i l\u00f8pet av 2026. De endelige nedleggelsesdatoene vil variere fra sted til sted og avklares i dialog med franchisetaker og g\u00e5rdeier. Det er snakk om 50 Narvesen-butikker og fire 7-Eleven. Alle fylker, unntatt Sogn og Fjordane og Finnmark, rammes. De aller fleste kommer i det sentrale \u00d8stlandet, inkludert 16 av butikker i Oslo.<\/p>\n<p><b>Oslo og Viken <\/b><\/p>\n<p>Narvesen Galleriet, Oslo<\/p>\n<p>Narvesen Torgbygget, Oslo<\/p>\n<p>Narvesen Pilestredet, Oslo<\/p>\n<p>Narvesen Diagonale, Oslo<\/p>\n<p>7-Eleven Hegdehaugsveien, Oslo<\/p>\n<p>7-Eleven Grefsen, Oslo<\/p>\n<p>Narvesen Vestli T-bane, Oslo<\/p>\n<p>Narvesen Veitvet T-bane, Oslo<\/p>\n<p>Narvesen Linderud Senter, Oslo<\/p>\n<p>Narvesen Stovner Senter, Oslo<\/p>\n<p>Narvesen Haugerud T-bane, Oslo<\/p>\n<p>Narvesen Ellingsrud\u00e5sen T-bane, Oslo<\/p>\n<p>Narvesen Brynseng T-bane, Oslo<\/p>\n<p>Narvesen Bogerud T-bane, Oslo<\/p>\n<p>Narvesen Karlsrud T-bane, Oslo<\/p>\n<p>Narvesen Triaden, L\u00f8renskog<\/p>\n<p>Narvesen Metrosenteret, Sk\u00e5rer<\/p>\n<p>Narvesen Kolbotn Torg<\/p>\n<p>Narvesen Ski Storsenter<\/p>\n<p>Narvesen Ski Storsenter \u00d8st<\/p>\n<p><b>Narvesen Vinterbro S\u00f8r<\/b><\/p>\n<p><b>Narvesen Vestby Storsenter<\/b><\/p>\n<p>Narvesen Dr\u00f8bak City<\/p>\n<p>Narvesen Str\u00f8ket Asker<\/p>\n<p>Narvesen Sandvika Storsenter<\/p>\n<p><b>Narvesen Storbyen, Sarpsborg<\/b><\/p>\n<p><b>Narvesen Borg Storsenter, Sarpsborg<\/b><\/p>\n<p><b>Narvesen Tista Senter, Halden<\/b><\/p>\n<p>Narvesen Buskerud Storsenter<\/p>\n<p>Narvesen Sande<\/p>\n<p>S\u00f8r- og Vestlandet<\/p>\n<p>Narvesen Oddensenteret, Grimstad<\/p>\n<p>Narvesen Mandal<\/p>\n<p>Narvesen Maxi Stormarked, Sandnes<\/p>\n<p>7-Eleven Skagen, Stavanger<\/p>\n<p>7-Eleven Ladeg\u00e5rdsgaten, Bergen<\/p>\n<p>Narvesen Sletten Senter, Bergen<\/p>\n<p>Narvesen Vestkanten, Loddefjord<\/p>\n<p>Narvesen Sartor Senter, Straume<\/p>\n<p>Narvesen Oasen senter, Fyllingsdalen<\/p>\n<p>M\u00f8re og Romsdal<\/p>\n<p>Narvesen Roseby senter, Molde<\/p>\n<p>Narvesen Amfi Nord, \u00c5lesund<\/p>\n<p>Telemark og Innlandet<\/p>\n<p>Narvesen Herkules senter, Skien<\/p>\n<p>Narvesen Strandtorget, Lillehammer<\/p>\n<p>Narvesen Amfi Elverum<\/p>\n<p>Narvesen CC Hamar<\/p>\n<p>Narvesen Maxi, Hamar<\/p>\n<p>Tr\u00f8ndelag og Nord-Norge<\/p>\n<p>Narvesen Lade, Trondheim<\/p>\n<p>Narvesen Valentinlyst, Trondheim<\/p>\n<p>Narvesen S\u00f8bstadvegen, Heimdal<\/p>\n<p>Narvesen City Syd, Tiller<\/p>\n<p>Narvesen Narvik Amfi<\/p>\n<p>Narvesen Byterminalen, Harstad<\/p>\n<p>Narvesen Finnsnes Amfi<\/p>\n<p>Narvesen Jekta \u00d8st, Troms\u00f8<\/p>\n<p>Merk: Listen inneholder kioskene der avvikling er besluttet i f\u00f8rste omgang. Det p\u00e5g\u00e5r fremdeles dialog om l\u00f8sninger for de resterende lokasjonene som skal avvikles i l\u00f8pet av restruktureringen.<\/p>\n","protected":false},"excerpt":{"rendered":"(Vestby Avis\/Nettavisen) Reitan Convenience Norway meldte for ikke lenge siden at flere titalls kiosker avvikles fra 2026. I&hellip;\n","protected":false},"author":2,"featured_media":111709,"comment_status":"","ping_status":"","sticky":false,"template":"","format":"standard","meta":{"footnotes":""},"categories":[56],"tags":[13669,36,60,61,12429,62,9541,30,28,29,216,656,1510,1922],"class_list":{"0":"post-111708","1":"post","2":"type-post","3":"status-publish","4":"format-standard","5":"has-post-thumbnail","7":"category-naeringsliv","8":"tag-7-eleven","9":"tag-art","10":"tag-business","11":"tag-economy","12":"tag-narvesen","13":"tag-naeringsliv","14":"tag-nedleggelse","15":"tag-no","16":"tag-norge","17":"tag-norway","18":"tag-okonomi-og-naeringsliv","19":"tag-ostfold","20":"tag-story","21":"tag-vestby"},"share_on_mastodon":{"url":"https:\/\/pubeurope.com\/@no\/115708503853017998","error":""},"_links":{"self":[{"href":"https:\/\/www.europesays.com\/no\/wp-json\/wp\/v2\/posts\/111708","targetHints":{"allow":["GET"]}}],"collection":[{"href":"https:\/\/www.europesays.com\/no\/wp-json\/wp\/v2\/posts"}],"about":[{"href":"https:\/\/www.europesays.com\/no\/wp-json\/wp\/v2\/types\/post"}],"author":[{"embeddable":true,"href":"https:\/\/www.europesays.com\/no\/wp-json\/wp\/v2\/users\/2"}],"replies":[{"embeddable":true,"href":"https:\/\/www.europesays.com\/no\/wp-json\/wp\/v2\/comments?post=111708"}],"version-history":[{"count":0,"href":"https:\/\/www.europesays.com\/no\/wp-json\/wp\/v2\/posts\/111708\/revisions"}],"wp:featuredmedia":[{"embeddable":true,"href":"https:\/\/www.europesays.com\/no\/wp-json\/wp\/v2\/media\/111709"}],"wp:attachment":[{"href":"https:\/\/www.europesays.com\/no\/wp-json\/wp\/v2\/media?parent=111708"}],"wp:term":[{"taxonomy":"category","embeddable":true,"href":"https:\/\/www.europesays.com\/no\/wp-json\/wp\/v2\/categories?post=111708"},{"taxonomy":"post_tag","embeddable":true,"href":"https:\/\/www.europesays.com\/no\/wp-json\/wp\/v2\/tags?post=111708"}],"curies":[{"name":"wp","href":"https:\/\/api.w.org\/{rel}","templated":true}]}}