{"id":111712,"date":"2025-12-12T20:34:32","date_gmt":"2025-12-12T20:34:32","guid":{"rendered":"https:\/\/www.europesays.com\/no\/111712\/"},"modified":"2025-12-12T20:34:32","modified_gmt":"2025-12-12T20:34:32","slug":"arets-juleprat-med-trude-vasstrand","status":"publish","type":"post","link":"https:\/\/www.europesays.com\/no\/111712\/","title":{"rendered":"\u00c5rets juleprat med Trude Vasstrand:"},"content":{"rendered":"<p>I det KK ringer Trude Vasstrand for \u00e5rets juleprat, er hun p\u00e5 jobb. Hun jobber til daglig som l\u00e6rer p\u00e5 ungdomstrinnet i \u00c5lesund, hvor hun underviser i norsk, historie og KRLE.<\/p>\n<p>Klasserommene er n\u00e5 fylt opp med julepynt som elevene har tatt med hjemmefra, og i det vi snakker med Trude er b\u00e5de l\u00e6rerne og elevene\u00a0 i gang med siste innspurt f\u00f8r jul.<\/p>\n<p>\u2013 Vent litt, jeg skal bare finne et grupperom s\u00e5 ingen h\u00f8rer julehemmelighetene mine, ler Trude idet hun tar telefonen.<\/p>\n<p>Etter \u00e5 ha lukket d\u00f8ren til et ledig grupperom, bretter hun ut om stort og sm\u00e5tt \u2013 alt fra barndommens jul til hvordan \u00e5rets feiring ser ut.<\/p>\n<p>    <a itemprop=\"url\" href=\"https:\/\/www.kk.no\/livet\/forst-som-konfirmant-skjonte-rolf-hvorfor-han-ikke-lignet-sine-blonde-sosken\/83938421\" rel=\"nofollow noopener\" target=\"_blank\"><\/p>\n<p>        <img loading=\"lazy\" decoding=\"async\" src=\"https:\/\/www.europesays.com\/no\/wp-content\/uploads\/2025\/12\/83938995.webp\" width=\"147\" height=\"109\" title=\"F\u00f8rst som konfirmant skj\u00f8nte Rolf hvorfor han ikke lignet sine blonde s\u00f8sken\" alt=\"\" class=\"lazyload\" style=\"--aspect-ratio-image: 1.35; \"\/><\/p>\n<p>        F\u00f8rst som konfirmant skj\u00f8nte Rolf hvorfor han ikke lignet sine blonde s\u00f8sken <\/p>\n<p>    <\/a><\/p>\n<p>Tradisjon tro\t<\/p>\n<p>Tilbake i tid, da hun selv var liten, feiret familien alltid julaften hjemme i \u00c5lesund.<\/p>\n<p>Moren hadde plassert tallene 1\u201324, og hver fjerde s\u00f8ndag i advent fikk barna en seigmann.<\/p>\n<p>\u2013 Jeg kan fremdeles huske hvor mye jeg gledet meg til den seigmannen.<\/p>\n<p>S\u00e5 p\u00e5 selve julaften kom selveste julenissen.<\/p>\n<p>\u2013 Eller han var i hvert fall utkledd som en nisse, men s\u00e5 lenge jeg kan huske, visste jeg at det egentlig var Knut fra nabohuset.<\/p>\n<p>        <img loading=\"lazy\" decoding=\"async\" src=\"https:\/\/www.europesays.com\/no\/wp-content\/uploads\/2025\/12\/83974151.webp\" width=\"686\" height=\"755\" title=\"JULAFTEN: Etter at J\u00f8rgine fikk barn har Trudes s\u00f8nn Noah hatt jobben som julenisse. Foto. Privat\" alt=\"\" class=\"\" style=\"--aspect-ratio-image: 0.91; \"\/><\/p>\n<p>\n        JULAFTEN: Etter at J\u00f8rgine fikk barn har Trudes s\u00f8nn Noah hatt jobben som julenisse. Foto. Privat\n    <\/p>\n<p>P\u00e5 middagsbordet ble det servert pinnekj\u00f8tt, eller \u00abf\u00e5reribbe\u00bb, som Trude kaller det. Til dessert var det selvplukkede multer servert som multekrem.<\/p>\n<p>\u2013 Vi gikk alltid rundt treet og sang \u00abS\u00e5 g\u00e5r vi rundt om en eneb\u00e6rbusk\u00bb.<\/p>\n<p>\u2013 Det vil si, alle sang \u2013 bortsett fra pappa, for han var ikke flink til \u00e5 synge.<\/p>\n<p>Gavene de fikk, var som regel ting de trengte og hadde behov for.<\/p>\n<p>\u2013 Jeg husker en jul jeg fikk en dundyne i gave \u2013 det var nedtur. Men vi fikk ofte pakker som inneholdt noe vi \u00f8nsket oss, og som vi ogs\u00e5 trengte.<\/p>\n<p>Trude stopper opp litt mens hun minnes tilbake. Det er noe med tradisjoner \u2013 det man selv var vant med, og gjerne \u00f8nsker \u00e5 videref\u00f8re til egne barn. Det har ogs\u00e5 hun gjort.<\/p>\n<p>\u2013 Det sl\u00e5r meg n\u00e5 at jeg feirer jul p\u00e5 nesten akkurat samme m\u00e5te som i barndommen.<\/p>\n<p>Trude og barna har tidligere bodd i Italia. Det hele startet med at Trude jobbet som guide i Roma, hvor hun m\u00f8tte italieneren Lello. Hun ble gravid med J\u00f8rgine, og forholdet tok slutt.<\/p>\n<p>Kortversjonen er at to italienske menn har gitt Trude fire barn, som har vokst opp b\u00e5de i Italia og \u00c5lesund.<\/p>\n<p>    <a itemprop=\"url\" href=\"https:\/\/www.kk.no\/livet\/fikk-diagnose-etter-innspilling\/83957313\" rel=\"nofollow noopener\" target=\"_blank\"><\/p>\n<p>        <img loading=\"lazy\" decoding=\"async\" src=\"https:\/\/www.europesays.com\/no\/wp-content\/uploads\/2025\/12\/83957460.webp\" width=\"147\" height=\"98\" title=\"Fikk diagnose etter innspilling\" alt=\"\" class=\"lazyload\" style=\"--aspect-ratio-image: 1.50; \"\/><\/p>\n<p>        Fikk diagnose etter innspilling<\/p>\n<p>    <\/a><\/p>\n<p>        <img loading=\"lazy\" decoding=\"async\" src=\"https:\/\/www.europesays.com\/no\/wp-content\/uploads\/2025\/12\/83974124.webp\" width=\"686\" height=\"1098\" title=\"JULETRE: Med et lite juletre pr\u00f8vde Trude \u00e5 skape julestemning for barna i Italia. Foto: Privat\" alt=\"\" class=\"\" style=\"--aspect-ratio-image: 0.62; \"\/><\/p>\n<p>\n        JULETRE: Med et lite juletre pr\u00f8vde Trude \u00e5 skape julestemning for barna i Italia. Foto: Privat\n    <\/p>\n<p>\u2013 Vi har feiret noen juler i Italia, og selv da har jeg tviholdt p\u00e5 de norske tradisjonene. Jeg var beinhard p\u00e5 b\u00e5de julaften og 17. mai.<\/p>\n<p class=\"italic m-italic\" data-lab-italic=\"italic\">S\u00e5 det ble pinnekj\u00f8tt i Italia?<\/p>\n<p>\u2013 Klart det ble pinnekj\u00f8tt og k\u00e5lrabistappe! Det hadde jeg med meg i kofferten fra Norge.<\/p>\n<p>\u2013 Jeg er veldig tradisjonell n\u00e5r jeg tenker meg om.<\/p>\n<p>    <a itemprop=\"url\" href=\"https:\/\/www.kk.no\/livet\/smabarnsfar-samuel-lot-bestefar-90-flytte-inn-hos-seg\/83898419\" rel=\"nofollow noopener\" target=\"_blank\"><\/p>\n<p>        <img loading=\"lazy\" decoding=\"async\" src=\"https:\/\/www.europesays.com\/no\/wp-content\/uploads\/2025\/12\/83922833.webp\" width=\"147\" height=\"98\" title=\"Sm\u00e5barnsfar Samuel lot bestefar (90) flytte inn hos seg\" alt=\"\" class=\"lazyload\" style=\"--aspect-ratio-image: 1.50; \"\/><\/p>\n<p>        Sm\u00e5barnsfar Samuel lot bestefar (90) flytte inn hos seg<\/p>\n<p>    <\/a><\/p>\n<p>        <img loading=\"lazy\" decoding=\"async\" src=\"https:\/\/www.europesays.com\/no\/wp-content\/uploads\/2025\/12\/83974126.webp\" width=\"686\" height=\"392\" title=\"PEPPERKAKEHUS: Trude handlet inn til pepperkakehus i Norge og tok med seg til Italia. Foto: Privat\" alt=\"\" class=\"\" style=\"--aspect-ratio-image: 1.75; \"\/><\/p>\n<p>\n        PEPPERKAKEHUS: Trude handlet inn til pepperkakehus i Norge og tok med seg til Italia. Foto: Privat\n    <\/p>\n<p>Julegavekj\u00f8ret\t<\/p>\n<p>Trude har barna J\u00f8rgine, Silas, Emil og Noah, og har v\u00e6rt alenefors\u00f8rger for fire barn. <a href=\"https:\/\/www.kk.no\/livet\/trude-vasstrand-jeg-visste-at-vi-kom-hjem-til-inkasso-og-havregrot\/75407174\" rel=\"nofollow noopener\" target=\"_blank\">I et intervju med KK i 2023<\/a> \u00e5pnet Vasstrand opp om hvordan det var \u00e5 ha det trangt \u00f8konomisk da barna var sm\u00e5.\u00a0<\/p>\n<p>Da Trude og barna flyttet hjem fra Italia, bodde de i en leilighet med to soverom. Der delte hun rom med Noah i seks \u00e5r.<\/p>\n<p class=\"italic m-italic\" data-lab-italic=\"italic\">Merket du det ekstra godt p\u00e5 \u00f8konomien i juletider?<\/p>\n<p>\u2013 Jeg stod som regel for de mest praktiske julegavene, mens de fraskilte fedrene kj\u00f8pte det som var un\u00f8dvendig dyrt.<\/p>\n<p>\u2013 Trengte de sportsutstyr, fikk de det ikke uten videre \u2013 men til jul eller bursdager. Det er en ting jeg har fortsatt med: \u00e5 gi nyttige gaver. Det er alltid gaver under treet kj\u00f8pt fra hjelpeorganisasjoner.<\/p>\n<p>\u2013 Enten gir jeg nyttige gaver, eller turer og opplevelser sammen.<\/p>\n<p>    <a itemprop=\"url\" href=\"https:\/\/www.kk.no\/livet\/dette-spiser-de-i-jula-1\/83934358\" rel=\"nofollow noopener\" target=\"_blank\"><\/p>\n<p>        <img loading=\"lazy\" decoding=\"async\" src=\"https:\/\/www.europesays.com\/no\/wp-content\/uploads\/2025\/12\/1765571665_776_83934488.webp\" width=\"980\" height=\"441\" title=\"Dette spiser de i jula\" alt=\"\" class=\"lazyload\" style=\"--aspect-ratio-image: 2.22; \"\/><\/p>\n<p>        Dette spiser de i jula<\/p>\n<p>    <\/a><\/p>\n<p>        <img loading=\"lazy\" decoding=\"async\" src=\"https:\/\/www.europesays.com\/no\/wp-content\/uploads\/2025\/12\/83974119.webp\" width=\"686\" height=\"1023\" title=\"Foto: Privat\" alt=\"\" class=\"\" style=\"--aspect-ratio-image: 0.67; \"\/><\/p>\n<p>\n        Foto: Privat\n    <\/p>\n<p>De siste \u00e5rene har Trude sl\u00e5tt p\u00e5 stortromma og blant annet gitt flybilletter til Skottland, Dublin og Kina.<\/p>\n<p>\u2013 Men n\u00e5 er jeg s\u00e5 blakk at jeg ikke vet hvordan det skal g\u00e5 i \u00e5r, ler hun.<\/p>\n<p>\u2013 Alle ungene tjener jo bedre enn meg, bortsett fra Noah som fremdeles er student, og det er helt greit. Men det er dyrt \u00e5 v\u00e6re alene \u2013 spesielt i \u00e5r med h\u00f8ye renter. Det skjer sjelden, men i \u00e5r er jeg litt sent ute med gavene.<\/p>\n<p>\u00c5rets jul skal feires i det nye huset til datteren J\u00f8rgine og svigers\u00f8nnen Morten. Her skal alle barna og barnebarna hennes samles.<\/p>\n<p>    <a itemprop=\"url\" href=\"https:\/\/www.kk.no\/livet\/jeg-har-ikke-bare-vaert-borte-fra-jobb-men-fra-hele-livet\/83937411\" rel=\"nofollow noopener\" target=\"_blank\"><\/p>\n<p>        <img loading=\"lazy\" decoding=\"async\" src=\"https:\/\/www.europesays.com\/no\/wp-content\/uploads\/2025\/12\/83937479.webp\" width=\"980\" height=\"441\" title=\"- Jeg har ikke bare v\u00e6rt borte fra jobb, men fra hele livet\" alt=\"\" class=\"lazyload\" style=\"--aspect-ratio-image: 2.22; \"\/><\/p>\n<p>        &#8211; Jeg har ikke bare v\u00e6rt borte fra jobb, men fra hele livet<\/p>\n<p>    <\/a><\/p>\n<p>        <img loading=\"lazy\" decoding=\"async\" src=\"https:\/\/www.europesays.com\/no\/wp-content\/uploads\/2025\/12\/83974147.webp\" width=\"686\" height=\"392\" title=\"FINNE RO: Jula er tid for ettertanke og \u00e5 finne ro. Foto: Privat.\" alt=\"\" class=\"\" style=\"--aspect-ratio-image: 1.75; \"\/><\/p>\n<p>\n        FINNE RO: Jula er tid for ettertanke og \u00e5 finne ro. Foto: Privat.\n    <\/p>\n<p>\u2013 Kjenner vi noen som er alene og ikke har noen \u00e5 feire jul med, s\u00e5 er de med oss. Det har ofte hendt at vi har hatt en eller annen venn som har slengt innom, og det er veldig hyggelig.<\/p>\n<p>I romjula kj\u00f8rer familien opp i to biler for \u00e5 tilbringe tid i \u00c5lesund.<\/p>\n<p>\u2013 Dette blir f\u00f8rste jul og romjul etter at pappaen min gikk bort i januar. Men vi som kan, skal samles og ha julebrunsj andre juledag.<\/p>\n<p>    <a itemprop=\"url\" href=\"https:\/\/www.kk.no\/samliv\/har-dere-sjekket-ut-av-forholdet-man-kan-komme-videre-og-det-skjer-oftere-enn-man-skulle-tro\/83943913\" rel=\"nofollow noopener\" target=\"_blank\"><\/p>\n<p>        <img loading=\"lazy\" decoding=\"async\" src=\"https:\/\/www.europesays.com\/no\/wp-content\/uploads\/2025\/12\/83963019.webp\" width=\"980\" height=\"441\" title=\"Har dere \u00absjekket ut\u00bb av forholdet? -Man kan komme videre, og det skjer oftere enn man skulle tro\" alt=\"\" class=\"lazyload\" style=\"--aspect-ratio-image: 2.22; \"\/><\/p>\n<p>        Har dere \u00absjekket ut\u00bb av forholdet? -Man kan komme videre, og det skjer oftere enn man skulle tro<\/p>\n<p>    <\/a><\/p>\n<p>\u2013 I romjula er det tid for \u00e5 slappe av, spille, se p\u00e5 TV og spise rester.<\/p>\n<p class=\"italic m-italic\" data-lab-italic=\"italic\">Blir det mye trening ogs\u00e5 i juleferien n\u00e5r man er en del av Funkyfam?<\/p>\n<p>\u2013 Jeg vil nok tro at de ikke legger det helt p\u00e5 hylla, s\u00e5 jeg slenger meg sikkert med hvis J\u00f8rgine setter i gang en hjemme\u00f8kt. Men det er ikke hovedfokuset i jula.<\/p>\n<p>Trude avslutter med \u00e5 tenke p\u00e5 seigmannen de fikk hver fjerde s\u00f8ndag i advent i barndommen.\u00a0<\/p>\n<p> \u2013 Jeg tror n\u00f8kkelen er \u00e5 senke skuldrene og glede seg over de sm\u00e5 tingene.<\/p>\n","protected":false},"excerpt":{"rendered":"I det KK ringer Trude Vasstrand for \u00e5rets juleprat, er hun p\u00e5 jobb. Hun jobber til daglig som&hellip;\n","protected":false},"author":2,"featured_media":111713,"comment_status":"","ping_status":"","sticky":false,"template":"","format":"standard","meta":{"footnotes":""},"categories":[10],"tags":[5722,20,21,6645,13670,24,25,13671,15,4126,5593,12754,22,23,4016,13,30,13673,28,29,14,16,13674,26,27,13675,5621,13672],"class_list":{"0":"post-111712","1":"post","2":"type-post","3":"status-publish","4":"format-standard","5":"has-post-thumbnail","7":"category-norge","8":"tag-advent","9":"tag-breaking-news","10":"tag-breakingnews","11":"tag-desember","12":"tag-emil-massa-vasstrand","13":"tag-featured-news","14":"tag-featurednews","15":"tag-funkyfam","16":"tag-headlines","17":"tag-jorgine-massa-vasstrand","18":"tag-jul","19":"tag-juleprat","20":"tag-latest-news","21":"tag-latestnews","22":"tag-livet","23":"tag-news","24":"tag-no","25":"tag-noah-vasstrand","26":"tag-norge","27":"tag-norway","28":"tag-nyheter","29":"tag-overskrifter","30":"tag-silas-massa-vasstrand","31":"tag-top-stories","32":"tag-topstories","33":"tag-tradisjon","34":"tag-tradisjoner","35":"tag-trude-vasstrand"},"share_on_mastodon":{"url":"https:\/\/pubeurope.com\/@no\/115708512048325715","error":""},"_links":{"self":[{"href":"https:\/\/www.europesays.com\/no\/wp-json\/wp\/v2\/posts\/111712","targetHints":{"allow":["GET"]}}],"collection":[{"href":"https:\/\/www.europesays.com\/no\/wp-json\/wp\/v2\/posts"}],"about":[{"href":"https:\/\/www.europesays.com\/no\/wp-json\/wp\/v2\/types\/post"}],"author":[{"embeddable":true,"href":"https:\/\/www.europesays.com\/no\/wp-json\/wp\/v2\/users\/2"}],"replies":[{"embeddable":true,"href":"https:\/\/www.europesays.com\/no\/wp-json\/wp\/v2\/comments?post=111712"}],"version-history":[{"count":0,"href":"https:\/\/www.europesays.com\/no\/wp-json\/wp\/v2\/posts\/111712\/revisions"}],"wp:featuredmedia":[{"embeddable":true,"href":"https:\/\/www.europesays.com\/no\/wp-json\/wp\/v2\/media\/111713"}],"wp:attachment":[{"href":"https:\/\/www.europesays.com\/no\/wp-json\/wp\/v2\/media?parent=111712"}],"wp:term":[{"taxonomy":"category","embeddable":true,"href":"https:\/\/www.europesays.com\/no\/wp-json\/wp\/v2\/categories?post=111712"},{"taxonomy":"post_tag","embeddable":true,"href":"https:\/\/www.europesays.com\/no\/wp-json\/wp\/v2\/tags?post=111712"}],"curies":[{"name":"wp","href":"https:\/\/api.w.org\/{rel}","templated":true}]}}