{"id":111714,"date":"2025-12-12T20:35:14","date_gmt":"2025-12-12T20:35:14","guid":{"rendered":"https:\/\/www.europesays.com\/no\/111714\/"},"modified":"2025-12-12T20:35:14","modified_gmt":"2025-12-12T20:35:14","slug":"tiril-eckhoff-om-tida-i-skal-vi-danse","status":"publish","type":"post","link":"https:\/\/www.europesays.com\/no\/111714\/","title":{"rendered":"Tiril Eckhoff om tida i \u00abSkal vi danse\u00bb:"},"content":{"rendered":"<p class=\"kicker \" style=\"\">Tiril Eckhoff:\u00a0<\/p>\n<p>  Etter elleve uker med \u00abSkal vi danse\u00bb r\u00f8per den tidligere skiskytteren hva som har v\u00e6rt mest krevende.\u00a0<\/p>\n<p>\n    NY HVERDAG: Tiril Eckhoff deler \u00e6rlig om den nye hverdagen mens hun er med p\u00e5 \u00abSkal vi danse\u00bb. Foto: Andreas Fadum\/Se og H\u00f8r\n  <\/p>\n<p>Forrige l\u00f8rdag m\u00f8ttes tidligere skiskytter Tiril Eckhoff (35) og<a href=\"https:\/\/www.dagbladet.no\/kjendis\/grat-meg-i-sovn\/83953947\" rel=\"nofollow noopener\" target=\"_blank\"> artist Carina Dahl (40)<\/a> i danseduell under kvartfinalen til \u00abSkal vi danse\u00bb.\u00a0<\/p>\n<p>Til slutt var det Eckhoff som sikret seg plassen videre til semifinalen.\u00a0<\/p>\n<p>    <a itemprop=\"url\" href=\"https:\/\/www.dagbladet.no\/kjendis\/jeg-var-mentalt-utslitt\/83966673\" rel=\"nofollow noopener\" target=\"_blank\"><\/p>\n<p>        <img loading=\"lazy\" decoding=\"async\" src=\"https:\/\/www.europesays.com\/no\/wp-content\/uploads\/2025\/12\/83967780.webp\" width=\"147\" height=\"98\" title=\"- Jeg var mentalt utslitt\" alt=\"\" class=\"lazyload\" style=\"--aspect-ratio-image: 1.50; \"\/><\/p>\n<p>        &#8211; Jeg var mentalt utslitt<\/p>\n<p>    <\/a><\/p>\n<p class=\"font-weight-bold m-font-weight-bold\" data-lab-font_weight=\"font-weight-bold\">&#8211; Jeg tror det er da vi har blitt aller mest lykkelige. Det var helt sykt, sier 35-\u00e5ringen da Dagbladet m\u00f8ter henne og dansepartner Santino Mirenna (31) p\u00e5 dansesenteret noen dager seinere.<\/p>\n<p class=\"font-weight-normal m-font-weight-normal\" data-lab-font_weight=\"font-weight-normal\">Selv trodde hun ikke at de skulle sl\u00e5\u00a0ut \u00abSkal vi danse\u00bb-konkurrenten:\u00a0<\/p>\n<p> &#8211; Carina har f\u00e5tt kjempekarakterer og var \u00f8verst p\u00e5 oddsen. Jeg tenkte da vi kom i duell: \u00abN\u00e5 taper vi, Santino. Jeg skal kose meg med den siste dansen og gj\u00f8re den enda bedre\u00bb, fortsetter hun.\u00a0<\/p>\n<p>        HANG FRA TAKET: Tiril Eckhoff ble m\u00f8tt med st\u00e5ende applaus fra publikum etter sin dans. Reporter: Trond Markus Gravdal. Video: Christina Holen Korneliussen. Bilder fra TV 2. <\/p>\n<p>&#8211; Det er t\u00f8ft\t<\/p>\n<p>Eckhoff er n\u00e5 klar for sin ellevte uke i dansekonkurransen, og har med det tilbrakt utallige timer i dansestudioet de siste m\u00e5nedene.<\/p>\n<p> Som tidligere toppidrettsut\u00f8ver er hun godt vant til harde trenings\u00f8kter, og det er derfor ikke selve treningen som gj\u00f8r \u00abSkal vi danse\u00bb-h\u00f8sten mest krevende.\u00a0<\/p>\n<p>        <img loading=\"lazy\" decoding=\"async\" src=\"https:\/\/www.europesays.com\/no\/wp-content\/uploads\/2025\/12\/1765571711_422_83972227.webp\" width=\"686\" height=\"542\" title=\"TIL SEMIFINALEN: Tiril Eckhoff og Santino Mirenna jublet da det ble klart at de var videre til semifinalen i \u00abSkal vi danse\u00bb. Foto: Jesper Malthus-Andersen \/ TV 2\" alt=\"\" class=\"\" style=\"--aspect-ratio-image: 1.27; \"\/><\/p>\n<p>\n        TIL SEMIFINALEN: Tiril Eckhoff og Santino Mirenna jublet da det ble klart at de var videre til semifinalen i \u00abSkal vi danse\u00bb. Foto: Jesper Malthus-Andersen \/ TV 2\n    <\/p>\n<p class=\"font-weight-normal m-font-weight-normal\" data-lab-font_weight=\"font-weight-normal\">&#8211; Det er noe helt annet. Jeg synes dette er mer krevende i form av at det er mye rundt, det er mye presse.<\/p>\n<p class=\"font-weight-bold m-font-weight-bold\" data-lab-font_weight=\"font-weight-bold\">&#8211; Det som er t\u00f8ft er at man alltid skal \u00abbjuda p\u00e5\u00bb, uansett. Vi har en l\u00f8rdag som er helt \u00abinsane\u00bb, og s\u00e5 p\u00e5 s\u00f8ndag begynner man \u00e5 \u00absynce\u00bb igjen. Det er bare en dag man ikke gj\u00f8r det og det er fredag. Det er kanskje derfor det er min favorittdag, ja. N\u00e5 inns\u00e5 jeg det.\u00a0<\/p>\n<p>        <img loading=\"lazy\" decoding=\"async\" src=\"https:\/\/www.europesays.com\/no\/wp-content\/uploads\/2025\/12\/83972234.webp\" width=\"686\" height=\"851\" title=\"DANSEPARTNERE: Tidligere skiskytter Tiril Eckhoff og proffdanser Santino Mirenna. Foto: Andreas Fadum\/Se og H\u00f8r\" alt=\"\" class=\"\" style=\"--aspect-ratio-image: 0.81; \"\/><\/p>\n<p>\n        DANSEPARTNERE: Tidligere skiskytter Tiril Eckhoff og proffdanser Santino Mirenna. Foto: Andreas Fadum\/Se og H\u00f8r\n    <\/p>\n<p> Etter en uke med hard jobbing kan det svi \u00e5 f\u00e5 en sekser fra dommerne, innr\u00f8mmer hun &#8211; men d\u00e5rlige kommentarer lar hun prelle av. <\/p>\n<p>&#8211; Jeg er robust, s\u00e5 det er ikke s\u00e5 krevende akkurat det. Man f\u00e5r kanskje mer hat hvis man bommer i en VM-stafett.\u00a0\u00a0<\/p>\n<p>        FORVENTET: Tiril Eckhoff forteller om ansiktsuttrykkene sine under skal vi danse. <\/p>\n<p>Gleder seg til hverdagen\t<\/p>\n<p>Det var i 2023 at Eckhoff la opp som skiskytter. Overfor Dagbladet sammenlikner hun dansehverdagen med livet som toppidrettsut\u00f8ver. <\/p>\n<p>    <a itemprop=\"url\" href=\"https:\/\/www.dagbladet.no\/kjendis\/en-dag-av-gangen\/83963304\" rel=\"nofollow noopener\" target=\"_blank\"><\/p>\n<p>        <img loading=\"lazy\" decoding=\"async\" src=\"https:\/\/www.europesays.com\/no\/wp-content\/uploads\/2025\/12\/1765571713_719_83965112.webp\" width=\"980\" height=\"441\" title=\"- En dag av gangen\" alt=\"\" class=\"lazyload\" style=\"--aspect-ratio-image: 2.22; \"\/><\/p>\n<p>        &#8211; En dag av gangen<\/p>\n<p>    <\/a><\/p>\n<p>&#8211; Det blir litt som \u00e5 v\u00e6re toppidrettsut\u00f8ver igjen. Jeg har m\u00e5ttet droppe mye &#8211; bursdager og tid med venner og familie. Man blir jo helt\u00a0 traumatisert av det opplegget her, har ikke noen venner igjen, sier hun med glimt i \u00f8yet.<\/p>\n<p>        <img loading=\"lazy\" decoding=\"async\" src=\"https:\/\/www.europesays.com\/no\/wp-content\/uploads\/2025\/12\/83972228.webp\" width=\"686\" height=\"446\" title=\"DUELL: Tiril Eckhoff havnet i duell mot Carina Dahl. Det var til slutt Dahl som m\u00e5tte forlate konkurransen. Foto: Jesper Malthus-Andersen \/ TV 2\" alt=\"\" class=\"\" style=\"--aspect-ratio-image: 1.54; \"\/><\/p>\n<p>\n        DUELL: Tiril Eckhoff havnet i duell mot Carina Dahl. Det var til slutt Dahl som m\u00e5tte forlate konkurransen. Foto: Jesper Malthus-Andersen \/ TV 2\n    <\/p>\n<p>N\u00e5 som \u00abSkal vi danse\u00bb-eventyret n\u00e6rmer seg slutten, vet hun godt hva hun ser fram til.<\/p>\n<p class=\"font-weight-bold m-font-weight-bold\" data-lab-font_weight=\"font-weight-bold\">&#8211; Jeg gleder meg veldig. Ha fri, f\u00e5 frisk luft, jeg har ikke sett sola p\u00e5 lenge, st\u00e5 p\u00e5 ski, fjellski, topptur. V\u00e6re med familie, venner og alt.\u00a0<\/p>\n<p data-lab-italic=\"italic\" class=\"italic m-italic\">&#8211; Kommer du til \u00e5 fortsette med dans?<\/p>\n<p>&#8211; Kanskje noe svingkurs, sier hun, f\u00f8r Mirenna skyter inn:\u00a0<\/p>\n<p>&#8211; Du m\u00e5 komme p\u00e5 danseskolen!<\/p>\n","protected":false},"excerpt":{"rendered":"Tiril Eckhoff:\u00a0 Etter elleve uker med \u00abSkal vi danse\u00bb r\u00f8per den tidligere skiskytteren hva som har v\u00e6rt mest&hellip;\n","protected":false},"author":2,"featured_media":111715,"comment_status":"","ping_status":"","sticky":false,"template":"","format":"standard","meta":{"footnotes":""},"categories":[5],"tags":[20,21,24,25,15,19,479,22,23,17,18,13,30,28,29,14,16,8977,2280,2287,26,27],"class_list":{"0":"post-111714","1":"post","2":"type-post","3":"status-publish","4":"format-standard","5":"has-post-thumbnail","7":"category-overskrifter","8":"tag-breaking-news","9":"tag-breakingnews","10":"tag-featured-news","11":"tag-featurednews","12":"tag-headlines","13":"tag-hovedoppslag","14":"tag-kjendis","15":"tag-latest-news","16":"tag-latestnews","17":"tag-main-news","18":"tag-mainnews","19":"tag-news","20":"tag-no","21":"tag-norge","22":"tag-norway","23":"tag-nyheter","24":"tag-overskrifter","25":"tag-santino-mirenna","26":"tag-skal-vi-danse","27":"tag-tiril-eckhoff","28":"tag-top-stories","29":"tag-topstories"},"share_on_mastodon":{"url":"https:\/\/pubeurope.com\/@no\/115708515116902163","error":""},"_links":{"self":[{"href":"https:\/\/www.europesays.com\/no\/wp-json\/wp\/v2\/posts\/111714","targetHints":{"allow":["GET"]}}],"collection":[{"href":"https:\/\/www.europesays.com\/no\/wp-json\/wp\/v2\/posts"}],"about":[{"href":"https:\/\/www.europesays.com\/no\/wp-json\/wp\/v2\/types\/post"}],"author":[{"embeddable":true,"href":"https:\/\/www.europesays.com\/no\/wp-json\/wp\/v2\/users\/2"}],"replies":[{"embeddable":true,"href":"https:\/\/www.europesays.com\/no\/wp-json\/wp\/v2\/comments?post=111714"}],"version-history":[{"count":0,"href":"https:\/\/www.europesays.com\/no\/wp-json\/wp\/v2\/posts\/111714\/revisions"}],"wp:featuredmedia":[{"embeddable":true,"href":"https:\/\/www.europesays.com\/no\/wp-json\/wp\/v2\/media\/111715"}],"wp:attachment":[{"href":"https:\/\/www.europesays.com\/no\/wp-json\/wp\/v2\/media?parent=111714"}],"wp:term":[{"taxonomy":"category","embeddable":true,"href":"https:\/\/www.europesays.com\/no\/wp-json\/wp\/v2\/categories?post=111714"},{"taxonomy":"post_tag","embeddable":true,"href":"https:\/\/www.europesays.com\/no\/wp-json\/wp\/v2\/tags?post=111714"}],"curies":[{"name":"wp","href":"https:\/\/api.w.org\/{rel}","templated":true}]}}