{"id":111716,"date":"2025-12-12T20:40:43","date_gmt":"2025-12-12T20:40:43","guid":{"rendered":"https:\/\/www.europesays.com\/no\/111716\/"},"modified":"2025-12-12T20:40:43","modified_gmt":"2025-12-12T20:40:43","slug":"debatt-coop-nordland-spinnville-coop-nordland","status":"publish","type":"post","link":"https:\/\/www.europesays.com\/no\/111716\/","title":{"rendered":"Debatt, Coop Nordland | \u00abSpinnville\u00bb Coop Nordland"},"content":{"rendered":"\n<p>Coop har i mange \u00e5r markedsf\u00f8rt seg med slagord som \u00ablitt ditt\u00bb og \u00abspinnvilt\u00bb. Men for kundene i Coop Nordland er det ofte lite som f\u00f8les verken \u00ablitt\u00bb eller \u00abditt\u00bb. Tvert imot oppleves det hele som ganske spinnvilt- og ikke p\u00e5 den positive m\u00e5ten som reklamen fors\u00f8ker \u00e5 gi inntrykk av. For hva skal man egentlig tenke n\u00e5r kundene hos Coop Marked og Prix m\u00e5 betale 25\u201330 prosent mer for varene enn de som handler p\u00e5 Exttra og Rema.? <\/p>\n<p>N\u00e5r vi snakker om \u00ablitt ditt\u00bb avspises kundene i Coop Nordland med 1 prosent kj\u00f8peutbytte mens man i Coop Midt Norge f\u00e5r 3 prosent? Hos Coop Nord, f.eks. Harstad har kundene f\u00e5tt 3 prosent i flere \u00e5r, og dette \u00f8kes til 5 prosent etter nytt\u00e5r. <\/p>\n<p>Fra Tverlandet til L\u00f8psmark er det i dag 35 kolonialforretninger hvorav 15 drives av Coop Nordland. 7 Extra, 3 Prix, 2 Mega og 1 Obs. Med Bod\u00f8s innbyggertall betyr det at hver butikk i snitt har rundt 1200 potensielle kunder. N\u00e5r fortjenesten i dagligvarebransjen er marginal, sier det seg selv at en slik overetablering skaper problemer. For oss som bor utenfor sentrum er det vanskelig \u00e5 forst\u00e5 hvorfor Coop Nordland prioriterer \u00e5 ta markedsandeler i Bod\u00f8 sentrum, mens distriktene taper p\u00e5 b\u00e5de pris, utbytte og manglende investering. <\/p>\n<p>If\u00f8lge en artikkel i AN tidligere i \u00e5r har omsetningen sviktet hos alle Marked og Prixbutikkene. \u00c5rsaken er enkel: De er betydelig dyrere enn Extra. Et naturlig sp\u00f8rsm\u00e5l blir da: Hvorfor drives tre Prixbutikker i Bod\u00f8 sentrum, med sju omkringliggende Extrabutikker? Det er \u00e5penbart at kundene til disse tre Prixbutikker finner billigere alternativer. <\/p>\n<p>Det samme skjer p\u00e5 andre Prixbutikker i distriktet. Kundene hos Prix R\u00f8kland er misforn\u00f8yde, det samme er tilfelle hos Prix Beiarn hvor det n\u00e5 er underskriftskampanje for \u00e5 f\u00e5 Coop Extra. De som har bil finner andre alternativ, en biltur p\u00e5 tre fire mil kan ofte l\u00f8nne seg om det er snakk om helgehandel, og er man misforn\u00f8yd med Coops prispolitikk er det ikke sikkert Extra blir f\u00f8rstevalget, da drar man heller til Rema. Er ledelsen i Coop Nordland komfortabel med en slik situasjon? <\/p>\n<p>Det store sp\u00f8rsm\u00e5let er hvorfor Coop opererer med 6 forskjellige konsept, Mega, Obs, Extra, Prix, Marked og Matkroken, hvor man konkurrerer mot hverandre og prisene varierer sterkt? Fraktkostnader kan det ikke v\u00e6re siden det er samme transport\u00f8r som kj\u00f8rer til alle butikkene. P\u00e5 direkte sp\u00f8rsm\u00e5l til ledelsen i Coop Nordland f\u00e5r man til svar at dette er bestemt sentralt s\u00e5 det kan man ikke gj\u00f8re noe med? Men det fins jo b\u00e5de hovedstyre og regionsstyrer i Nordland. Er det ikke nettopp deres jobb \u00e5 fremme endringer til kundenes beste? <\/p>\n<p>I Misv\u00e6r har vi en butikk, Coop Marked. Lokalisert i et lokale som f\u00f8rste gang ble tatt i bruk som butikk i 1938. Da denne butikken kom inn under Coop Nordlands administrasjon for vel 10 \u00e5r siden var avtalen at det snarest skulle bygges nytt. Siden <\/p>\n<p>har lite skjedd. De ansatte fortviler over arbeidsforhold og manglende informasjon. P\u00e5 tross av at det er brukt betydelige midler til utredninger, planforslag og konsulentbistand er man n\u00e5 kommet fram til at det neppe blir noen ny forretning med det f\u00f8rste. Man finner at omsetningen er for liten til at investeringene kan forsvarer. Ledelsens eneste svar er alts\u00e5 at kundene m\u00e5 handle mer om prosjektet skal kunne realiseres? Som om det er mulig \u00e5 tvinge omsetningen opp ved \u00e5 holde prisene h\u00f8ye og lokalene gamle. <\/p>\n<p>Kanskje burde man ofre en Prix butikk i et overetablert marked i sentrum, for \u00e5 realisere et lenge fors\u00f8mt prosjekt? <\/p>\n<p>Vi har ingen forventning om at det skal komme vareutvalg som hos Coop Extras butikker, som erstatning for dagens Marked og Prix, til det er kundegrunnlaget for sm\u00e5tt. Men, hvorfor ikke beholde det vareutvalget som disse butikkene har og bare innf\u00f8r samme lave priser som Extra. <\/p>\n<p>En slik endring vil f\u00f8re til at de lokale kundene igjen st\u00f8tter opp om n\u00e6rbutikken, det samme vil nok de som har fritidsboliger p\u00e5 bygda gj\u00f8re, disse utgj\u00f8r en betydelig kundegruppe i et omr\u00e5de der Coop er ener\u00e5dende. Slik det n\u00e5 er kommer hyttefolket til bygda med bilene fulle av varer fra lavpriskjedene, mens lokalbutikken blir \u00abde glemte varers butikk\u00bb <\/p>\n<p>Derfor er det p\u00e5 h\u00f8y tid at ledelsen i Coop Nordland g\u00e5 i spissen for en snuoperasjon som er til beste for kundene, Coop selv, og ikke minst for sine gode og lojale ansatte som m\u00e5 forsvare konsernets urimelige prispolitikk. <\/p>\n<p>Siden innlegget begynte med Coops slagord m\u00e5 jeg avslutte med et som treffer godt, uansett hvilken butikk det gjelder: Husk, det er sluttsummen p\u00e5 kassalappen som teller. GOD JUL. <\/p>\n","protected":false},"excerpt":{"rendered":"Coop har i mange \u00e5r markedsf\u00f8rt seg med slagord som \u00ablitt ditt\u00bb og \u00abspinnvilt\u00bb. Men for kundene i&hellip;\n","protected":false},"author":2,"featured_media":111717,"comment_status":"","ping_status":"","sticky":false,"template":"","format":"standard","meta":{"footnotes":""},"categories":[56],"tags":[36,60,13676,37,61,11115,62,30,28,29,1533],"class_list":{"0":"post-111716","1":"post","2":"type-post","3":"status-publish","4":"format-standard","5":"has-post-thumbnail","7":"category-naeringsliv","8":"tag-art","9":"tag-business","10":"tag-coop-nordland","11":"tag-debatt","12":"tag-economy","13":"tag-kjopeutbytte","14":"tag-naeringsliv","15":"tag-no","16":"tag-norge","17":"tag-norway","18":"tag-opinion"},"share_on_mastodon":{"url":"https:\/\/pubeurope.com\/@no\/115708534783743448","error":""},"_links":{"self":[{"href":"https:\/\/www.europesays.com\/no\/wp-json\/wp\/v2\/posts\/111716","targetHints":{"allow":["GET"]}}],"collection":[{"href":"https:\/\/www.europesays.com\/no\/wp-json\/wp\/v2\/posts"}],"about":[{"href":"https:\/\/www.europesays.com\/no\/wp-json\/wp\/v2\/types\/post"}],"author":[{"embeddable":true,"href":"https:\/\/www.europesays.com\/no\/wp-json\/wp\/v2\/users\/2"}],"replies":[{"embeddable":true,"href":"https:\/\/www.europesays.com\/no\/wp-json\/wp\/v2\/comments?post=111716"}],"version-history":[{"count":0,"href":"https:\/\/www.europesays.com\/no\/wp-json\/wp\/v2\/posts\/111716\/revisions"}],"wp:featuredmedia":[{"embeddable":true,"href":"https:\/\/www.europesays.com\/no\/wp-json\/wp\/v2\/media\/111717"}],"wp:attachment":[{"href":"https:\/\/www.europesays.com\/no\/wp-json\/wp\/v2\/media?parent=111716"}],"wp:term":[{"taxonomy":"category","embeddable":true,"href":"https:\/\/www.europesays.com\/no\/wp-json\/wp\/v2\/categories?post=111716"},{"taxonomy":"post_tag","embeddable":true,"href":"https:\/\/www.europesays.com\/no\/wp-json\/wp\/v2\/tags?post=111716"}],"curies":[{"name":"wp","href":"https:\/\/api.w.org\/{rel}","templated":true}]}}