{"id":111718,"date":"2025-12-12T20:41:09","date_gmt":"2025-12-12T20:41:09","guid":{"rendered":"https:\/\/www.europesays.com\/no\/111718\/"},"modified":"2025-12-12T20:41:09","modified_gmt":"2025-12-12T20:41:09","slug":"nyhet-flytrafikk-kraftig-uvaer-pa-granca-kan-ramme-reiseklare-bergensere","status":"publish","type":"post","link":"https:\/\/www.europesays.com\/no\/111718\/","title":{"rendered":"Nyhet, Flytrafikk | Kraftig uv\u00e6r p\u00e5 \u00abGranca\u00bb kan ramme reiseklare bergensere"},"content":{"rendered":"\n<p>Den atlantiske stormen \u00abEmilia\u00bb er p\u00e5 vei mot Gran Canaria.<\/p>\n<p>Fredag m\u00e5tte en Sunclass Airlines\u2019 flyvning fra Bergen snu og lande p\u00e5 Tenerife i stedet for Las Palmas, p\u00e5 grunn av kraftig vind, skriver <a href=\"https:\/\/www.vg.no\/nyheter\/i\/aJ2BkE\/kraftig-uvaer-ventet-paa-gran-canaria-fly-maatte-snu\" rel=\"Follow nofollow noopener\" target=\"_blank\">VG<\/a>.<\/p>\n<p><b>Uv\u00e6ret skal bli enda verre l\u00f8rdag. Det er sendt ut farevarsel med melding om enorme nedb\u00f8rsmengder, torden og storm i kastene.<\/b><\/p>\n<p>F\u00f8lger situasjonen<\/p>\n<p>Gran Canaria er et yndet feriem\u00e5l for nordmenn, og uv\u00e6ret kan v\u00e6re s\u00e6rdeles d\u00e5rlig nytt for reiseklare bergensere som er drittlei v\u00e5tt vinterv\u00e6r her hjemme.<\/p>\n<p>Norwegian opplyser til BA at de f\u00f8lger situasjonen n\u00f8ye.<\/p>\n<p><b>\u2013 Forel\u00f8pig forventer vi at flyene g\u00e5r som normalt, men vi vil ta kontakt med passasjerene dersom dette skulle endre seg p\u00e5 grunn av v\u00e6rsituasjonen, sier pressevakt i Norwegian, Silje Glorvigen, til BA.<\/b><\/p>\n<p>Allerede klokken 07.50 l\u00f8rdag morgen skal f\u00f8rste SAS-fly ta av fra Flesland i retning ferie\u00f8yen, mens Norwegian f\u00f8lger p\u00e5 med sin avgang klokken 08.30, via Oslo. Det g\u00e5r ogs\u00e5 et direktefly med Norwegian klokken 12.25.<\/p>\n<p>\u2013 Det vil bli sendt ut informasjon via SMS og eller epost dersom det skulle skje endringer med flyvningene, s\u00e5 passasjerer bes f\u00f8lge med, sier Glorvigen.<\/p>\n<p><b>BA har fors\u00f8kt \u00e5 f\u00e5 en kommentar fra SAS om morgenflyet l\u00f8rdag, men har ikke f\u00e5tt svar fredag kveld. <\/b><\/p>\n","protected":false},"excerpt":{"rendered":"Den atlantiske stormen \u00abEmilia\u00bb er p\u00e5 vei mot Gran Canaria. Fredag m\u00e5tte en Sunclass Airlines\u2019 flyvning fra Bergen&hellip;\n","protected":false},"author":2,"featured_media":111719,"comment_status":"","ping_status":"","sticky":false,"template":"","format":"standard","meta":{"footnotes":""},"categories":[12],"tags":[36,20,21,24,25,6693,5657,15,22,23,13,30,28,29,447,14,16,1510,26,27,3230,42,43,44,45],"class_list":{"0":"post-111718","1":"post","2":"type-post","3":"status-publish","4":"format-standard","5":"has-post-thumbnail","7":"category-verden","8":"tag-art","9":"tag-breaking-news","10":"tag-breakingnews","11":"tag-featured-news","12":"tag-featurednews","13":"tag-flytrafikk","14":"tag-gran-canaria","15":"tag-headlines","16":"tag-latest-news","17":"tag-latestnews","18":"tag-news","19":"tag-no","20":"tag-norge","21":"tag-norway","22":"tag-nyhet","23":"tag-nyheter","24":"tag-overskrifter","25":"tag-story","26":"tag-top-stories","27":"tag-topstories","28":"tag-uvaer","29":"tag-verden","30":"tag-world","31":"tag-world-news","32":"tag-worldnews"},"share_on_mastodon":{"url":"https:\/\/pubeurope.com\/@no\/115708538713180648","error":""},"_links":{"self":[{"href":"https:\/\/www.europesays.com\/no\/wp-json\/wp\/v2\/posts\/111718","targetHints":{"allow":["GET"]}}],"collection":[{"href":"https:\/\/www.europesays.com\/no\/wp-json\/wp\/v2\/posts"}],"about":[{"href":"https:\/\/www.europesays.com\/no\/wp-json\/wp\/v2\/types\/post"}],"author":[{"embeddable":true,"href":"https:\/\/www.europesays.com\/no\/wp-json\/wp\/v2\/users\/2"}],"replies":[{"embeddable":true,"href":"https:\/\/www.europesays.com\/no\/wp-json\/wp\/v2\/comments?post=111718"}],"version-history":[{"count":0,"href":"https:\/\/www.europesays.com\/no\/wp-json\/wp\/v2\/posts\/111718\/revisions"}],"wp:featuredmedia":[{"embeddable":true,"href":"https:\/\/www.europesays.com\/no\/wp-json\/wp\/v2\/media\/111719"}],"wp:attachment":[{"href":"https:\/\/www.europesays.com\/no\/wp-json\/wp\/v2\/media?parent=111718"}],"wp:term":[{"taxonomy":"category","embeddable":true,"href":"https:\/\/www.europesays.com\/no\/wp-json\/wp\/v2\/categories?post=111718"},{"taxonomy":"post_tag","embeddable":true,"href":"https:\/\/www.europesays.com\/no\/wp-json\/wp\/v2\/tags?post=111718"}],"curies":[{"name":"wp","href":"https:\/\/api.w.org\/{rel}","templated":true}]}}