{"id":111726,"date":"2025-12-12T20:50:51","date_gmt":"2025-12-12T20:50:51","guid":{"rendered":"https:\/\/www.europesays.com\/no\/111726\/"},"modified":"2025-12-12T20:50:51","modified_gmt":"2025-12-12T20:50:51","slug":"sigrid-bonde-tusvik-punger-ut-for-fyrverkeri-til-oslos-befolkning","status":"publish","type":"post","link":"https:\/\/www.europesays.com\/no\/111726\/","title":{"rendered":"Sigrid Bonde Tusvik punger ut for fyrverkeri til Oslos befolkning"},"content":{"rendered":"\n<p class=\"_lead_o9xde_2 _lead_xtcu6_50 layout-component text-serif-m layout-normal text-serif-l layout-component layout-wide layout-padded _wide_17hqh_1 layout-padded\">Komikeren synes fjor\u00e5rets lasershow var \u00abhelt krise\u00bb. <\/p>\n<p><img alt=\" Foto: Beate Oma Dahle \/ NTB\" class=\"_image_qp4xg_65 layout-component layout-wide\" data-fullscreen- data-track-element-type=\"Article image fullscreen\" data-track-name=\"ImageFullscreen\" fetchpriority=\"high\" decoding=\"sync\" loading=\"eager\" height=\"3744\" itemprop=\"image\"  src=\"https:\/\/www.europesays.com\/no\/wp-content\/uploads\/2025\/12\/c8b5ede3-3271-4913-9423-a1fe032827bf\"  style=\"object-position:0% 0%\" width=\"5616\"\/> Foto: Beate Oma Dahle \/ NTB<\/p>\n<ul aria-hidden=\"true\" class=\"_images_ntbth_112\">\n<li><a class=\"_link_ntbth_117\" href=\"https:\/\/www.vg.no\/forfatter\/signe-rosenlund-hauglid\" style=\"z-index:1\" title=\"Signe Rosenlund-Hauglid\" rel=\"nofollow noopener\" target=\"_blank\"><img alt=\"Bilde av Signe Rosenlund-Hauglid\" class=\"_image_ntbth_93\" fetchpriority=\"low\" loading=\"lazy\" decoding=\"async\" itemprop=\"image\"  src=\"https:\/\/www.europesays.com\/no\/wp-content\/uploads\/2025\/12\/1765572651_24_65e9df60-b046-4add-b7dd-10f1cf4fbd21\"  width=\"480\"\/><\/a><\/li>\n<\/ul>\n<p> Oppdatert torsdag 11. desember kl. 23:24     <\/p>\n<p class=\"_paragraph_o9xde_4 _paragraph_xtcu6_10 layout-component text-serif-m layout-normal text-serif-m layout-padded\">Hovedstaden sluttet med fyrverkeri i regi av kommunen for flere \u00e5r siden. I fjor pr\u00f8vde de \u00e5 b\u00f8te p\u00e5  med et lasershow som skulle glede mennesker over hele byen. <\/p>\n<p class=\"_paragraph_o9xde_4 _paragraph_xtcu6_10 layout-component text-serif-m layout-normal text-serif-m layout-padded\">Sn\u00f8v\u00e6r og oppskytning av private raketter gjorde det derimot vanskelig \u00e5 se, og showet ble <a href=\"https:\/\/www.vg.no\/nyheter\/i\/xmbPyB\/lasershowet-i-oslo-til-to-millioner-litt-stusslig\" data-track-element-type=\"Link\" data-track-id=\"link:xmbPyB\" class=\"_link_o9xde_39\" rel=\"nofollow noopener\" target=\"_blank\">latterliggjort p\u00e5 sosiale medier<\/a>. Det hadde en prislapp p\u00e5 over to millioner kroner. <\/p>\n<p class=\"_paragraph_o9xde_4 _paragraph_xtcu6_10 layout-component text-serif-m layout-normal text-serif-m layout-padded\"><a href=\"https:\/\/www.vg.no\/nyheter\/i\/BxJbdg\/oslo-dropper-nyttaarsshow-paa-raadhusplassen\" data-track-element-type=\"Link\" data-track-id=\"link:BxJbdg\" class=\"_link_o9xde_39\" rel=\"nofollow noopener\" target=\"_blank\">I \u00e5r blir det droppet<\/a>. <\/p>\n<p class=\"_paragraph_o9xde_4 _paragraph_xtcu6_10 layout-component text-serif-m layout-normal text-serif-m layout-padded\">Byr\u00e5dsleder Eirik Lae Solberg (H) foreslo i stedet at andre akt\u00f8rer enn kommunen kan ta initiativ til fyrverikeri og show for \u00e5 feire inngangen til 2026. <\/p>\n<p class=\"_paragraph_o9xde_4 _paragraph_xtcu6_10 layout-component text-serif-m layout-normal text-serif-m layout-padded\">P\u00e5 tirsdag ble det startet et spleiselag mellom innbyggerne og n\u00e6ringslivet, hvor alle pengene g\u00e5r til felles fyrverkeri p\u00e5 nytt\u00e5rsaften, skriver <a href=\"https:\/\/www.ao.no\/kommunen-sier-nei-til-nyttarsraketter-komiker-sigrid-bonde-tusvik-blar-opp-elendig-kommune\/s\/5-128-1214671\" class=\"_link_o9xde_39\" rel=\"nofollow noopener\" target=\"_blank\">Avisa Oslo<\/a>. <\/p>\n<p class=\"_paragraph_o9xde_4 _paragraph_xtcu6_10 layout-component text-serif-m layout-normal text-serif-m layout-padded\">Det er selskapet Pyroteknikk AS som st\u00e5r bak spleisen. De har selv spyttet inn 40.000 kroner.<\/p>\n<p class=\"_paragraph_o9xde_4 _paragraph_xtcu6_10 layout-component text-serif-m layout-normal text-serif-m layout-padded\"><strong class=\"_strong_o9xde_25\">30.000 kroner kommer fra komiker Sigrid Bonde Tusvik (45). <\/strong><\/p>\n<p class=\"_paragraph_o9xde_4 _paragraph_xtcu6_10 layout-component text-serif-m layout-normal text-serif-m layout-padded\">Hun omtaler fjor\u00e5rets lysshow som \u00abhelt krise\u00bb overfor <a href=\"https:\/\/www.vartoslo.no\/anbefalt-fyrverkeri-kultur\/spytter-i-titusenvis-til-byfyrverkeri-helt-krise\/1063498\" class=\"_link_o9xde_39\" rel=\"nofollow noopener\" target=\"_blank\">V\u00e5rt Oslo<\/a>, og sier at hun hadde h\u00e5pet p\u00e5 et droneshow, siden det er mer milj\u00f8vennlig og snillere mot dyrene.<\/p>\n<p class=\"_paragraph_o9xde_4 _paragraph_xtcu6_10 layout-component text-serif-m layout-normal text-serif-m layout-padded\"><strong class=\"_strong_o9xde_25\">\u2013 Men n\u00e5r vi har en s\u00e5 elendig kommune som ikke klarer \u00e5 lage et bra show for byens innbyggere, da bidrar jeg gjerne. Jeg virkelig elsker fyrverkeri, sier hun til avisa med trykk p\u00e5 \u00abelsker\u00bb.<\/strong><\/p>\n<p class=\"_paragraph_o9xde_4 _paragraph_xtcu6_10 layout-component text-serif-m layout-normal text-serif-m layout-padded\">Pyroteknikk AS har en dr\u00f8m om \u00e5 gjenoppta oppskytingen av fyrverkeri fra lektere utenfor R\u00e5dhusplassen. M\u00e5let er \u00e5 samle inn 490.000 kroner innen 30. desember. <\/p>\n","protected":false},"excerpt":{"rendered":"Komikeren synes fjor\u00e5rets lasershow var \u00abhelt krise\u00bb. Foto: Beate Oma Dahle \/ NTB Oppdatert torsdag 11. desember kl.&hellip;\n","protected":false},"author":2,"featured_media":111727,"comment_status":"","ping_status":"","sticky":false,"template":"","format":"standard","meta":{"footnotes":""},"categories":[10],"tags":[20,21,4926,24,25,10497,15,22,23,13,30,28,29,14,13381,636,16,8015,26,27],"class_list":{"0":"post-111726","1":"post","2":"type-post","3":"status-publish","4":"format-standard","5":"has-post-thumbnail","7":"category-norge","8":"tag-breaking-news","9":"tag-breakingnews","10":"tag-eirik-lae-solberg","11":"tag-featured-news","12":"tag-featurednews","13":"tag-fyrverkeri","14":"tag-headlines","15":"tag-latest-news","16":"tag-latestnews","17":"tag-news","18":"tag-no","19":"tag-norge","20":"tag-norway","21":"tag-nyheter","22":"tag-nyttarsaften","23":"tag-oslo","24":"tag-overskrifter","25":"tag-sigrid-bonde-tusvik","26":"tag-top-stories","27":"tag-topstories"},"share_on_mastodon":{"url":"https:\/\/pubeurope.com\/@no\/115708578091001311","error":""},"_links":{"self":[{"href":"https:\/\/www.europesays.com\/no\/wp-json\/wp\/v2\/posts\/111726","targetHints":{"allow":["GET"]}}],"collection":[{"href":"https:\/\/www.europesays.com\/no\/wp-json\/wp\/v2\/posts"}],"about":[{"href":"https:\/\/www.europesays.com\/no\/wp-json\/wp\/v2\/types\/post"}],"author":[{"embeddable":true,"href":"https:\/\/www.europesays.com\/no\/wp-json\/wp\/v2\/users\/2"}],"replies":[{"embeddable":true,"href":"https:\/\/www.europesays.com\/no\/wp-json\/wp\/v2\/comments?post=111726"}],"version-history":[{"count":0,"href":"https:\/\/www.europesays.com\/no\/wp-json\/wp\/v2\/posts\/111726\/revisions"}],"wp:featuredmedia":[{"embeddable":true,"href":"https:\/\/www.europesays.com\/no\/wp-json\/wp\/v2\/media\/111727"}],"wp:attachment":[{"href":"https:\/\/www.europesays.com\/no\/wp-json\/wp\/v2\/media?parent=111726"}],"wp:term":[{"taxonomy":"category","embeddable":true,"href":"https:\/\/www.europesays.com\/no\/wp-json\/wp\/v2\/categories?post=111726"},{"taxonomy":"post_tag","embeddable":true,"href":"https:\/\/www.europesays.com\/no\/wp-json\/wp\/v2\/tags?post=111726"}],"curies":[{"name":"wp","href":"https:\/\/api.w.org\/{rel}","templated":true}]}}