{"id":111728,"date":"2025-12-12T20:54:09","date_gmt":"2025-12-12T20:54:09","guid":{"rendered":"https:\/\/www.europesays.com\/no\/111728\/"},"modified":"2025-12-12T20:54:09","modified_gmt":"2025-12-12T20:54:09","slug":"handball-vm-handballjentene-vm-kaos-norge-benken-i-harnisk-mot-nederland","status":"publish","type":"post","link":"https:\/\/www.europesays.com\/no\/111728\/","title":{"rendered":"H\u00e5ndball-VM, H\u00e5ndballjentene | VM-kaos: Norge-benken i harnisk mot Nederland"},"content":{"rendered":"\n<p>   <img decoding=\"async\" width=\"1500\" height=\"440\" fetchpriority=\"low\"  loading=\"lazy\"  src=\"https:\/\/www.europesays.com\/no\/wp-content\/uploads\/2025\/12\/HerErVi_Sport_1+person+%281%29.jpg\" alt=\"\" class=\"brick-c-cFOWSL\" style=\"--brick-image-ratio: 1500 \/ 440;\"\/><\/p>\n<p><a rel=\"Follow nofollow noopener\" href=\"https:\/\/www.nettavisen.no\/sport\/her-kan-du-folge-norges-vm-semifinale-mot-nederland\/s\/5-95-2778262\" target=\"_blank\">NEDERLAND &#8211; NORGE (kampen p\u00e5g\u00e5r)<\/a><\/p>\n<p>ROTTERDAM (Nettavisen): Det har v\u00e6rt en heseblesende omgang i den nederlandske storbyen.<\/p>\n<p>Henny Reistad spilte en ellevill halvtime under et voldsomt press fra 10.000 nederlendere p\u00e5 tribunen.<\/p>\n<p>Syv (!) scoringer har hun banket inn bak Yara ten Holte.<\/p>\n<p><a rel=\"Follow nofollow noopener\" href=\"https:\/\/www.nettavisen.no\/sport\/her-kan-du-folge-norges-vm-semifinale-mot-nederland\/s\/5-95-2778262\" target=\"_blank\">F\u00f8lg den h\u00f8ydramatiske semifinalen her!<\/a><\/p>\n<p>Dommere i sentrum<\/p>\n<p>Men dommerparet Amar og Dino Konjicanin var virkelig i begivenhetenes sentrum.<\/p>\n<p>F\u00f8r kampen <a rel=\"Follow nofollow noopener\" href=\"https:\/\/www.nettavisen.no\/sport\/norge-har-fatt-nok-ut-mot-ihf-for-vm-semi\/s\/5-95-2773351\" target=\"_blank\">raste Ole Gustav Gjekstad mot dommerprestasjonene i mesterskapet<\/a>, og det virket ikke som verken han eller Nederland-trener Henrik Signell var imponert underveis i semifinalen heller.<\/p>\n<p>Det ble flere situasjoner som skapte voldsomme reaksjoner p\u00e5 begge lags benker.<\/p>\n<p>NRK Radios ekspert Kenneth Gabrielsen reagerte underveis<\/p>\n<p>\u2013 De blir preget av publikum. Det har v\u00e6rt veldig mye rart!<\/p>\n<p><b>Les ogs\u00e5: <\/b><a rel=\"Follow nofollow noopener\" href=\"https:\/\/www.nettavisen.no\/sport\/norge-har-fatt-nok-ut-mot-ihf-for-vm-semi\/s\/5-95-2773351\" target=\"_blank\">Norge har f\u00e5tt nok: Ut mot forbund<\/a><\/p>\n<p>   <img decoding=\"async\" width=\"5151\" height=\"2897\" fetchpriority=\"low\"  loading=\"lazy\"  src=\"https:\/\/www.europesays.com\/no\/wp-content\/uploads\/2025\/12\/NTB_FhVARGBipZE.jpg\" alt=\"\" class=\"brick-c-cFOWSL\" style=\"--brick-image-ratio: 5151 \/ 2897;\"\/><\/p>\n<p>      REAKSJONER: Henny Reistad, Katrine Lunde og Maren Aardahl raste mot dommerne.<br \/>\n      Foto: Beate Oma Dahle (NTB)\n    <\/p>\n<p>Daniel H\u00f8glund i Viaplay-studio var ogs\u00e5 frustrert p\u00e5 d\u00f8mmingen.<\/p>\n<p>\u2013 Jeg er ikke enig. Det der er d\u00e5rlig d\u00f8mt!, ropte han etter en utvisning p\u00e5 Ingvild Bakkerud.<\/p>\n<p>Polman tilbake<\/p>\n<p>Estavana Polman sto med \u00e5tte scoringer i hele mesterskapet f\u00f8r kampen mot Norge.<\/p>\n<p>Men veteranen ville vise seg fra sin beste side, og gjorde nettopp det.<\/p>\n<p>33-\u00e5ringen banket inn fire m\u00e5l bak Katrine Lunde.<\/p>\n","protected":false},"excerpt":{"rendered":"NEDERLAND &#8211; NORGE (kampen p\u00e5g\u00e5r) ROTTERDAM (Nettavisen): Det har v\u00e6rt en heseblesende omgang i den nederlandske storbyen. Henny&hellip;\n","protected":false},"author":2,"featured_media":111729,"comment_status":"","ping_status":"","sticky":false,"template":"","format":"standard","meta":{"footnotes":""},"categories":[59],"tags":[30,28,29,83,82],"class_list":{"0":"post-111728","1":"post","2":"type-post","3":"status-publish","4":"format-standard","5":"has-post-thumbnail","7":"category-sport","8":"tag-no","9":"tag-norge","10":"tag-norway","11":"tag-sport","12":"tag-sports"},"share_on_mastodon":{"url":"https:\/\/pubeurope.com\/@no\/115708589908014595","error":""},"_links":{"self":[{"href":"https:\/\/www.europesays.com\/no\/wp-json\/wp\/v2\/posts\/111728","targetHints":{"allow":["GET"]}}],"collection":[{"href":"https:\/\/www.europesays.com\/no\/wp-json\/wp\/v2\/posts"}],"about":[{"href":"https:\/\/www.europesays.com\/no\/wp-json\/wp\/v2\/types\/post"}],"author":[{"embeddable":true,"href":"https:\/\/www.europesays.com\/no\/wp-json\/wp\/v2\/users\/2"}],"replies":[{"embeddable":true,"href":"https:\/\/www.europesays.com\/no\/wp-json\/wp\/v2\/comments?post=111728"}],"version-history":[{"count":0,"href":"https:\/\/www.europesays.com\/no\/wp-json\/wp\/v2\/posts\/111728\/revisions"}],"wp:featuredmedia":[{"embeddable":true,"href":"https:\/\/www.europesays.com\/no\/wp-json\/wp\/v2\/media\/111729"}],"wp:attachment":[{"href":"https:\/\/www.europesays.com\/no\/wp-json\/wp\/v2\/media?parent=111728"}],"wp:term":[{"taxonomy":"category","embeddable":true,"href":"https:\/\/www.europesays.com\/no\/wp-json\/wp\/v2\/categories?post=111728"},{"taxonomy":"post_tag","embeddable":true,"href":"https:\/\/www.europesays.com\/no\/wp-json\/wp\/v2\/tags?post=111728"}],"curies":[{"name":"wp","href":"https:\/\/api.w.org\/{rel}","templated":true}]}}