{"id":111730,"date":"2025-12-12T21:02:10","date_gmt":"2025-12-12T21:02:10","guid":{"rendered":"https:\/\/www.europesays.com\/no\/111730\/"},"modified":"2025-12-12T21:02:10","modified_gmt":"2025-12-12T21:02:10","slug":"tysk-avis-trump-har-rett","status":"publish","type":"post","link":"https:\/\/www.europesays.com\/no\/111730\/","title":{"rendered":"Tysk avis: \u2013 Trump har rett"},"content":{"rendered":"<p>\n        EUROPA: Den tyske avisen Die Welt gir Donald Trump rett i at Europa er i forfall.<br \/>\n        Rebecca Blackwell \/ AP \/ NTB\n    <\/p>\n<p>    En feilsl\u00e5tt migrasjonspolitikk har f\u00f8rt Europa p\u00e5 avveier, skriver avisen Die Welt p\u00e5 lederplass.<\/p>\n<p>\u00abDonald Trumps advarsel om Europas tilbakegang provoserer. Men de mer skarpsindige lytter oppmerksomt. For p\u00e5 avgj\u00f8rende punkter har den amerikanske presidenten rett\u00bb.<\/p>\n<p>Det skriver den tyske avisen <a href=\"https:\/\/www.welt.de\/debatte\/plus6937f31411f914c89b8578e8\/europa-kritik-trumps-schmerzhafte-wahrheit.html\" rel=\"nofollow noopener\" target=\"_blank\">Die Welt<\/a> p\u00e5 lederplass.<\/p>\n<p>I innlegget \u00abTrumps smertefulle sannhet\u00bb p\u00e5peker Die Welts sjefskommentator Andreas Rosenfelder\u00a0at Europas forfall blant annet viser seg gjennom en migrasjonspolitikk som er ute av kontroll, og som truer indre sikkerhet og velferdssystemer.<\/p>\n","protected":false},"excerpt":{"rendered":"EUROPA: Den tyske avisen Die Welt gir Donald Trump rett i at Europa er i forfall. Rebecca Blackwell&hellip;\n","protected":false},"author":2,"featured_media":111731,"comment_status":"","ping_status":"","sticky":false,"template":"","format":"standard","meta":{"footnotes":""},"categories":[12],"tags":[20,21,24,25,15,22,23,13,30,28,29,14,16,26,27,42,43,44,45],"class_list":{"0":"post-111730","1":"post","2":"type-post","3":"status-publish","4":"format-standard","5":"has-post-thumbnail","7":"category-verden","8":"tag-breaking-news","9":"tag-breakingnews","10":"tag-featured-news","11":"tag-featurednews","12":"tag-headlines","13":"tag-latest-news","14":"tag-latestnews","15":"tag-news","16":"tag-no","17":"tag-norge","18":"tag-norway","19":"tag-nyheter","20":"tag-overskrifter","21":"tag-top-stories","22":"tag-topstories","23":"tag-verden","24":"tag-world","25":"tag-world-news","26":"tag-worldnews"},"share_on_mastodon":{"url":"https:\/\/pubeurope.com\/@no\/115708621367491664","error":""},"_links":{"self":[{"href":"https:\/\/www.europesays.com\/no\/wp-json\/wp\/v2\/posts\/111730","targetHints":{"allow":["GET"]}}],"collection":[{"href":"https:\/\/www.europesays.com\/no\/wp-json\/wp\/v2\/posts"}],"about":[{"href":"https:\/\/www.europesays.com\/no\/wp-json\/wp\/v2\/types\/post"}],"author":[{"embeddable":true,"href":"https:\/\/www.europesays.com\/no\/wp-json\/wp\/v2\/users\/2"}],"replies":[{"embeddable":true,"href":"https:\/\/www.europesays.com\/no\/wp-json\/wp\/v2\/comments?post=111730"}],"version-history":[{"count":0,"href":"https:\/\/www.europesays.com\/no\/wp-json\/wp\/v2\/posts\/111730\/revisions"}],"wp:featuredmedia":[{"embeddable":true,"href":"https:\/\/www.europesays.com\/no\/wp-json\/wp\/v2\/media\/111731"}],"wp:attachment":[{"href":"https:\/\/www.europesays.com\/no\/wp-json\/wp\/v2\/media?parent=111730"}],"wp:term":[{"taxonomy":"category","embeddable":true,"href":"https:\/\/www.europesays.com\/no\/wp-json\/wp\/v2\/categories?post=111730"},{"taxonomy":"post_tag","embeddable":true,"href":"https:\/\/www.europesays.com\/no\/wp-json\/wp\/v2\/tags?post=111730"}],"curies":[{"name":"wp","href":"https:\/\/api.w.org\/{rel}","templated":true}]}}