{"id":111732,"date":"2025-12-12T21:03:07","date_gmt":"2025-12-12T21:03:07","guid":{"rendered":"https:\/\/www.europesays.com\/no\/111732\/"},"modified":"2025-12-12T21:03:07","modified_gmt":"2025-12-12T21:03:07","slug":"flesland-taxi-taxistreiken-pa-flesland-er-avblast-vi-er-i-dialog-med-avinor","status":"publish","type":"post","link":"https:\/\/www.europesays.com\/no\/111732\/","title":{"rendered":"Flesland, Taxi | Taxistreiken p\u00e5 Flesland er avbl\u00e5st: \u2013 Vi er i dialog med Avinor"},"content":{"rendered":"<p>I slutten av november ble det satt opp et nytt system for bestilling av taxi p\u00e5 Flesland, som krever at l\u00f8yvehavere kan signere en avtale med selskapet Fast Travel for \u00e5 plukke opp passasjerer. Taxiturene m\u00e5 bestilles via automat p\u00e5 flyplassen.<\/p>\n<p>Sj\u00e5f\u00f8rene f\u00e5r ikke lenger st\u00e5 ved inn- og utgangen, men m\u00e5 vente p\u00e5 en oppstillingsplass lengre unna. F\u00f8rst n\u00e5r kunden bestiller via app eller automat, f\u00e5r taxiene kj\u00f8re inn.<\/p>\n<p>Der velger kunden mellom flere alternativer, rangert etter pris.<\/p>\n<p>N\u00e5 forbyr ogs\u00e5 Avinor taxiene fra \u00e5 bruke P1-omr\u00e5det utenfor inngangspartiet til flyplassen. Dette har v\u00e6rt et naturlig hentepunkt for Bergen Taxi, som har holdt seg utenfor Fast Travel-systemet.<\/p>\n<p>Tirsdag sto det vakt ved innkj\u00f8rselen til P1 for \u00e5 hindre taxiene \u00e5 kj\u00f8re inn.<\/p>\n","protected":false},"excerpt":{"rendered":"I slutten av november ble det satt opp et nytt system for bestilling av taxi p\u00e5 Flesland, som&hellip;\n","protected":false},"author":2,"featured_media":111733,"comment_status":"","ping_status":"","sticky":false,"template":"","format":"standard","meta":{"footnotes":""},"categories":[10],"tags":[36,20,21,24,25,1872,13678,15,22,23,13,30,28,29,14,16,1510,9846,26,27],"class_list":{"0":"post-111732","1":"post","2":"type-post","3":"status-publish","4":"format-standard","5":"has-post-thumbnail","7":"category-norge","8":"tag-art","9":"tag-breaking-news","10":"tag-breakingnews","11":"tag-featured-news","12":"tag-featurednews","13":"tag-flesland","14":"tag-flesland-flyplass","15":"tag-headlines","16":"tag-latest-news","17":"tag-latestnews","18":"tag-news","19":"tag-no","20":"tag-norge","21":"tag-norway","22":"tag-nyheter","23":"tag-overskrifter","24":"tag-story","25":"tag-taxi","26":"tag-top-stories","27":"tag-topstories"},"share_on_mastodon":{"url":"https:\/\/pubeurope.com\/@no\/115708625096548285","error":""},"_links":{"self":[{"href":"https:\/\/www.europesays.com\/no\/wp-json\/wp\/v2\/posts\/111732","targetHints":{"allow":["GET"]}}],"collection":[{"href":"https:\/\/www.europesays.com\/no\/wp-json\/wp\/v2\/posts"}],"about":[{"href":"https:\/\/www.europesays.com\/no\/wp-json\/wp\/v2\/types\/post"}],"author":[{"embeddable":true,"href":"https:\/\/www.europesays.com\/no\/wp-json\/wp\/v2\/users\/2"}],"replies":[{"embeddable":true,"href":"https:\/\/www.europesays.com\/no\/wp-json\/wp\/v2\/comments?post=111732"}],"version-history":[{"count":0,"href":"https:\/\/www.europesays.com\/no\/wp-json\/wp\/v2\/posts\/111732\/revisions"}],"wp:featuredmedia":[{"embeddable":true,"href":"https:\/\/www.europesays.com\/no\/wp-json\/wp\/v2\/media\/111733"}],"wp:attachment":[{"href":"https:\/\/www.europesays.com\/no\/wp-json\/wp\/v2\/media?parent=111732"}],"wp:term":[{"taxonomy":"category","embeddable":true,"href":"https:\/\/www.europesays.com\/no\/wp-json\/wp\/v2\/categories?post=111732"},{"taxonomy":"post_tag","embeddable":true,"href":"https:\/\/www.europesays.com\/no\/wp-json\/wp\/v2\/tags?post=111732"}],"curies":[{"name":"wp","href":"https:\/\/api.w.org\/{rel}","templated":true}]}}