{"id":111734,"date":"2025-12-12T21:05:27","date_gmt":"2025-12-12T21:05:27","guid":{"rendered":"https:\/\/www.europesays.com\/no\/111734\/"},"modified":"2025-12-12T21:05:27","modified_gmt":"2025-12-12T21:05:27","slug":"salah-tilbake-i-liverpool-troppen-etter-sjokkintervju","status":"publish","type":"post","link":"https:\/\/www.europesays.com\/no\/111734\/","title":{"rendered":"Salah tilbake i Liverpool-troppen etter sjokkintervju"},"content":{"rendered":"<p>Fredag formiddag uttalte holdt Slot pressekonferanse f\u00f8r l\u00f8rdagens ligakamp mot Brighton. <\/p>\n<p>\u2013 Det jeg trenger n\u00e5, er en prat med ham og neste gang jeg uttaler meg om Mo, b\u00f8r det v\u00e6re til ham og ikke her inne. Det er egentlig ikke s\u00e5 mye mer jeg kan si. Jeg snakker med ham i dag, og utfallet avgj\u00f8r hvordan ting utvikler seg i morgen, sa Slot.<\/p>\n<p>Fredag kveld melder blant andre The Athletic og The Times at Salah er i troppen mot Brighton.<\/p>\n<p>Etter 3-3-kampen mot Leeds tidligere i desember fyrte egypteren l\u00f8s mot b\u00e5de egen arbeidsgiver og manager Arne Slot.<\/p>\n<p>Den mange\u00e5rige Liverpool-stjernen sa blant annet at han f\u00f8lte seg kastet under bussen, og han er sv\u00e6rt kritisk til at han er blitt plassert p\u00e5 benken i flere kamper p\u00e5 rad.<\/p>\n<p>\u2013 Det er tydelig at noen \u00f8nsker \u00e5 gi meg all skylden, sa Salah.<\/p>\n<p>Salah har st\u00e5tt i en orkan av kritikk i ettertid og utbl\u00e5singen resulterte ogs\u00e5 i at 33-\u00e5ringen ble vraket fra Champions League-troppen som m\u00f8tte Inter. Slot sa i etterkant av sjokkintervjuet at han ikke er enig i Salahs syn p\u00e5 situasjonen. <\/p>\n<p>Vingen uttalte blant annet at han og Slot ikke har noe forhold lenger.<\/p>\n<p>    <a class=\"article__link\" data-ga-active-label=\"\" data-ga-active-label-animation=\"\" href=\"https:\/\/www.tv2.no\/sport\/salah-fyrte-etter-nedtur-jeg-godtar-ikke-situasjonen\/18360042\/\" rel=\"nofollow noopener\" target=\"_blank\"><\/p>\n<p>    <img class=\"image__img lazyload\" itemprop=\"image\" title=\"\" alt=\"\" width=\"587\" height=\"247\" bad-src=\"https:\/\/www.europesays.com\/no\/wp-content\/uploads\/2025\/12\/18360058.webp\" fetchpriority=\"auto\" \/><\/p>\n<p>\n            Sjokkintervju: \u2013 Jeg godtar ikke situasjonen\n        <\/p>\n<p>    <\/a><\/p>\n<p>\u2013 Jeg f\u00f8ler det ikke s\u00e5nn. Men han har rett til \u00e5 f\u00f8le det som han vil. Jeg har ikke f\u00f8lt det slik i det hele tatt f\u00f8r l\u00f8rdag kveld. Han er vennlig mot st\u00f8tteapparatet og lagkamerater, og han har trent veldig hardt. S\u00e5 til en viss grad var det en overraskelse for meg at han sa det han sa, sa Slot. <\/p>\n<p>Han fikk sp\u00f8rsm\u00e5l om reaksjonen fra Salah p\u00e5 \u00e5 bli utelatt fra tirsdagens tropp.<\/p>\n","protected":false},"excerpt":{"rendered":"Fredag formiddag uttalte holdt Slot pressekonferanse f\u00f8r l\u00f8rdagens ligakamp mot Brighton. \u2013 Det jeg trenger n\u00e5, er en&hellip;\n","protected":false},"author":2,"featured_media":111735,"comment_status":"","ping_status":"","sticky":false,"template":"","format":"standard","meta":{"footnotes":""},"categories":[59],"tags":[30,28,29,83,82],"class_list":{"0":"post-111734","1":"post","2":"type-post","3":"status-publish","4":"format-standard","5":"has-post-thumbnail","7":"category-sport","8":"tag-no","9":"tag-norge","10":"tag-norway","11":"tag-sport","12":"tag-sports"},"share_on_mastodon":{"url":"https:\/\/pubeurope.com\/@no\/115708633338755879","error":""},"_links":{"self":[{"href":"https:\/\/www.europesays.com\/no\/wp-json\/wp\/v2\/posts\/111734","targetHints":{"allow":["GET"]}}],"collection":[{"href":"https:\/\/www.europesays.com\/no\/wp-json\/wp\/v2\/posts"}],"about":[{"href":"https:\/\/www.europesays.com\/no\/wp-json\/wp\/v2\/types\/post"}],"author":[{"embeddable":true,"href":"https:\/\/www.europesays.com\/no\/wp-json\/wp\/v2\/users\/2"}],"replies":[{"embeddable":true,"href":"https:\/\/www.europesays.com\/no\/wp-json\/wp\/v2\/comments?post=111734"}],"version-history":[{"count":0,"href":"https:\/\/www.europesays.com\/no\/wp-json\/wp\/v2\/posts\/111734\/revisions"}],"wp:featuredmedia":[{"embeddable":true,"href":"https:\/\/www.europesays.com\/no\/wp-json\/wp\/v2\/media\/111735"}],"wp:attachment":[{"href":"https:\/\/www.europesays.com\/no\/wp-json\/wp\/v2\/media?parent=111734"}],"wp:term":[{"taxonomy":"category","embeddable":true,"href":"https:\/\/www.europesays.com\/no\/wp-json\/wp\/v2\/categories?post=111734"},{"taxonomy":"post_tag","embeddable":true,"href":"https:\/\/www.europesays.com\/no\/wp-json\/wp\/v2\/tags?post=111734"}],"curies":[{"name":"wp","href":"https:\/\/api.w.org\/{rel}","templated":true}]}}