{"id":111738,"date":"2025-12-12T21:14:08","date_gmt":"2025-12-12T21:14:08","guid":{"rendered":"https:\/\/www.europesays.com\/no\/111738\/"},"modified":"2025-12-12T21:14:08","modified_gmt":"2025-12-12T21:14:08","slug":"kong-charles-storbritannia-kong-charles-sier-han-responderer-bra-pa-kreftbehandling","status":"publish","type":"post","link":"https:\/\/www.europesays.com\/no\/111738\/","title":{"rendered":"Kong Charles, Storbritannia | Kong Charles sier han responderer bra p\u00e5 kreftbehandling"},"content":{"rendered":"\n<p>I en videooverf\u00f8rt tale kalte den 77 \u00e5r gamle kongen bedringsprosessen for en velsignelse, og han hyllet framskrittene som er gjort n\u00e5r det gjelder kreftbehandling de siste \u00e5rene.<\/p>\n<p>\u2013 I dag kan jeg dele med dere den gode nyheten at, takket v\u00e6re tidlig oppdagelse, effektive tiltak og respekt for legenes ordrer, kan behandlingen jeg f\u00e5r, reduseres neste \u00e5r, sa han i videoen som ble spilt inn i forbindelse med den \u00e5rlige kampanjen for kreftforskning i Storbritannia, Stand Up to Cancer.<\/p>\n<p>Den 77 \u00e5r gamle monarken fortalte i fjor at han hadde f\u00e5tt en kreftdiagnose, men har ikke sagt hva slags kreft det er snakk om. Kreften ble oppdaget da han var inne til en prostataoperasjon.<\/p>\n","protected":false},"excerpt":{"rendered":"I en videooverf\u00f8rt tale kalte den 77 \u00e5r gamle kongen bedringsprosessen for en velsignelse, og han hyllet framskrittene&hellip;\n","protected":false},"author":2,"featured_media":111739,"comment_status":"","ping_status":"","sticky":false,"template":"","format":"standard","meta":{"footnotes":""},"categories":[12],"tags":[20,21,24,25,15,22,23,13,30,28,29,14,16,26,27,42,43,44,45],"class_list":{"0":"post-111738","1":"post","2":"type-post","3":"status-publish","4":"format-standard","5":"has-post-thumbnail","7":"category-verden","8":"tag-breaking-news","9":"tag-breakingnews","10":"tag-featured-news","11":"tag-featurednews","12":"tag-headlines","13":"tag-latest-news","14":"tag-latestnews","15":"tag-news","16":"tag-no","17":"tag-norge","18":"tag-norway","19":"tag-nyheter","20":"tag-overskrifter","21":"tag-top-stories","22":"tag-topstories","23":"tag-verden","24":"tag-world","25":"tag-world-news","26":"tag-worldnews"},"share_on_mastodon":{"url":"https:\/\/pubeurope.com\/@no\/115708668543119790","error":""},"_links":{"self":[{"href":"https:\/\/www.europesays.com\/no\/wp-json\/wp\/v2\/posts\/111738","targetHints":{"allow":["GET"]}}],"collection":[{"href":"https:\/\/www.europesays.com\/no\/wp-json\/wp\/v2\/posts"}],"about":[{"href":"https:\/\/www.europesays.com\/no\/wp-json\/wp\/v2\/types\/post"}],"author":[{"embeddable":true,"href":"https:\/\/www.europesays.com\/no\/wp-json\/wp\/v2\/users\/2"}],"replies":[{"embeddable":true,"href":"https:\/\/www.europesays.com\/no\/wp-json\/wp\/v2\/comments?post=111738"}],"version-history":[{"count":0,"href":"https:\/\/www.europesays.com\/no\/wp-json\/wp\/v2\/posts\/111738\/revisions"}],"wp:featuredmedia":[{"embeddable":true,"href":"https:\/\/www.europesays.com\/no\/wp-json\/wp\/v2\/media\/111739"}],"wp:attachment":[{"href":"https:\/\/www.europesays.com\/no\/wp-json\/wp\/v2\/media?parent=111738"}],"wp:term":[{"taxonomy":"category","embeddable":true,"href":"https:\/\/www.europesays.com\/no\/wp-json\/wp\/v2\/categories?post=111738"},{"taxonomy":"post_tag","embeddable":true,"href":"https:\/\/www.europesays.com\/no\/wp-json\/wp\/v2\/tags?post=111738"}],"curies":[{"name":"wp","href":"https:\/\/api.w.org\/{rel}","templated":true}]}}