{"id":111742,"date":"2025-12-12T21:16:17","date_gmt":"2025-12-12T21:16:17","guid":{"rendered":"https:\/\/www.europesays.com\/no\/111742\/"},"modified":"2025-12-12T21:16:17","modified_gmt":"2025-12-12T21:16:17","slug":"meldte-selv-inn-at-det-var-de-som-forarsaket-strombruddet-fredag-men-der-tok-de-feil-de-holdt-pa-a-paele-og-sa-ble-det-morkt-rana-blad","status":"publish","type":"post","link":"https:\/\/www.europesays.com\/no\/111742\/","title":{"rendered":"Meldte selv inn at det var de som for\u00e5rsaket str\u00f8mbruddet fredag &#8211; men der tok de feil. \u2013 De holdt p\u00e5 \u00e5 p\u00e6le, og s\u00e5 ble det m\u00f8rkt &#8211; Rana Blad"},"content":{"rendered":"<ol>\n<li><a href=\"https:\/\/news.google.com\/rss\/articles\/CBMi9AFBVV95cUxPTWY2QjBaREI1Y3llVTFjUjctcDExNWExdk45UkYxZjlaMkR5djktZFR2b3FiYmlUT1F4ZVNfdkpJMUFNMUZzVldxQU5VbWtXS0JmZDQxa1BZaF9TbHpRSUxKUW1xY1NMbDAxSXM1cHJGMzBkalFrVGtuV2duOGpER3Z6LTF6NnpmQmhvbXI5U0tMV2ZsaU5JczlQUHY1SDRSbmZWQU1GWUNVc3dCNHVQZklIdThVeURfUmRTZkNLTGZaZENwZmZFZ3NUT3k0dV9FWGJXRlRvWHMwNDR4emZFS0xtdUFZVTRsQkF6R05rYWlibm5K?oc=5\" target=\"_blank\" rel=\"nofollow noopener\">Meldte selv inn at det var de som for\u00e5rsaket str\u00f8mbruddet fredag &#8211; men der tok de feil. \u2013 De holdt p\u00e5 \u00e5 p\u00e6le, og s\u00e5 ble det m\u00f8rkt<\/a>&nbsp;&nbsp;Rana Blad<\/li>\n<li><a href=\"https:\/\/news.google.com\/rss\/articles\/CBMigwFBVV95cUxNdWdGS2RSNUhJR191bEk0Q0gxMjhBU201MDRWMnVGTkd5ajRSRnRqc1hkcFM3WjdyOTRMZGl1cV9hYlVPME14Uk9jZHQ5X1JleFM5cndqcFJVMzhwWGlGSG5tZEg4VGJOTjBoaHd5RnpOQUV4LS1USHNpQXFnQUhlaGhJZw?oc=5\" target=\"_blank\" rel=\"nofollow noopener\">Str\u00f8mbrudd, Rana | N\u00e6rmere 3.000 var uten str\u00f8m i Mo i Rana fredag ettermiddag<\/a>&nbsp;&nbsp;Rana Blad<\/li>\n<li><a href=\"https:\/\/news.google.com\/rss\/articles\/CBMifEFVX3lxTE1uOTRjbUtGYXZzSkp1c0QzQTZMYTgtVUM0cTdOZFVveF8yTUU3bGNBTUhkY1JwQUQzbGZzTnQ1TDE2dFMtNG9US04xd2MydVZxc2FRYzRMU3lQYndUVmprTFFEUDFKRnpXeGtPMVZLUmthTm5lMkNzUHFYV2E?oc=5\" target=\"_blank\" rel=\"nofollow noopener\">Linea-oppdatering: Alle p\u00e5 nett igjen<\/a>&nbsp;&nbsp;Rana No<\/li>\n<li><a href=\"https:\/\/news.google.com\/rss\/articles\/CBMiowFBVV95cUxPaUhaTG9aclU4MEpHekF0QlZVZ3dhM3BNSTVKeVU4U2YwcmpqY0FkUzdCdmdBU3A5eVk2UUhtZTJBT3Byc0cwb0JobWg5ZGIxX1YyYnRoT0xjREdMUDFrNW1oWHNYT3B3amxTSXJMNVpMSDJwMFpwUTBzRkd3SXBYOHFyZldWcXVpeEpBQkwzaUFBNDk2VWJJZ1lfYlNNQ01wLUQw?oc=5\" target=\"_blank\" rel=\"nofollow noopener\">Str\u00f8mmen tilbake for de fleste i Mo i Rana<\/a>&nbsp;&nbsp;TV2.no<\/li>\n<li><a href=\"https:\/\/news.google.com\/rss\/articles\/CBMitwFBVV95cUxQaXVHSndaZ1BqekppVDV4YW5pdHNBeUpEWlpBZDEyUDhVWlI4RUVvVjBjckJlOWpBdGNYZVp1TDFrYkhRS2dVempnSEhqV2NiYi1acEs3eUFoSmpDWTlYcy14Yk9WeW9Kd1Z6c2o3S1NFQjlEODFXUmRqVEVmc09XaFBWRUtKVnJfcmtvSnJFT3BxQ2ZJcTJsNVgzWnlvSENqR2ljU2N2ejgxVWRnclQ5M0RRczRnVVE?oc=5\" target=\"_blank\" rel=\"nofollow noopener\">Nesten 3000 uten str\u00f8m &#8211; forel\u00f8pig er 19:30 estimert tidspunkt for p\u00e5kobling igjen<\/a>&nbsp;&nbsp;Rana No<\/li>\n<\/ol>\n","protected":false},"excerpt":{"rendered":"Meldte selv inn at det var de som for\u00e5rsaket str\u00f8mbruddet fredag &#8211; men der tok de feil. \u2013&hellip;\n","protected":false},"author":2,"featured_media":111743,"comment_status":"","ping_status":"","sticky":false,"template":"","format":"standard","meta":{"footnotes":""},"categories":[5],"tags":[20,21,24,25,15,19,22,23,17,18,13,30,28,29,14,16,26,27],"class_list":{"0":"post-111742","1":"post","2":"type-post","3":"status-publish","4":"format-standard","5":"has-post-thumbnail","7":"category-overskrifter","8":"tag-breaking-news","9":"tag-breakingnews","10":"tag-featured-news","11":"tag-featurednews","12":"tag-headlines","13":"tag-hovedoppslag","14":"tag-latest-news","15":"tag-latestnews","16":"tag-main-news","17":"tag-mainnews","18":"tag-news","19":"tag-no","20":"tag-norge","21":"tag-norway","22":"tag-nyheter","23":"tag-overskrifter","24":"tag-top-stories","25":"tag-topstories"},"share_on_mastodon":{"url":"https:\/\/pubeurope.com\/@no\/115708676329452305","error":""},"_links":{"self":[{"href":"https:\/\/www.europesays.com\/no\/wp-json\/wp\/v2\/posts\/111742","targetHints":{"allow":["GET"]}}],"collection":[{"href":"https:\/\/www.europesays.com\/no\/wp-json\/wp\/v2\/posts"}],"about":[{"href":"https:\/\/www.europesays.com\/no\/wp-json\/wp\/v2\/types\/post"}],"author":[{"embeddable":true,"href":"https:\/\/www.europesays.com\/no\/wp-json\/wp\/v2\/users\/2"}],"replies":[{"embeddable":true,"href":"https:\/\/www.europesays.com\/no\/wp-json\/wp\/v2\/comments?post=111742"}],"version-history":[{"count":0,"href":"https:\/\/www.europesays.com\/no\/wp-json\/wp\/v2\/posts\/111742\/revisions"}],"wp:featuredmedia":[{"embeddable":true,"href":"https:\/\/www.europesays.com\/no\/wp-json\/wp\/v2\/media\/111743"}],"wp:attachment":[{"href":"https:\/\/www.europesays.com\/no\/wp-json\/wp\/v2\/media?parent=111742"}],"wp:term":[{"taxonomy":"category","embeddable":true,"href":"https:\/\/www.europesays.com\/no\/wp-json\/wp\/v2\/categories?post=111742"},{"taxonomy":"post_tag","embeddable":true,"href":"https:\/\/www.europesays.com\/no\/wp-json\/wp\/v2\/tags?post=111742"}],"curies":[{"name":"wp","href":"https:\/\/api.w.org\/{rel}","templated":true}]}}