{"id":111744,"date":"2025-12-12T21:17:31","date_gmt":"2025-12-12T21:17:31","guid":{"rendered":"https:\/\/www.europesays.com\/no\/111744\/"},"modified":"2025-12-12T21:17:31","modified_gmt":"2025-12-12T21:17:31","slug":"roper-drama-ikke-noe-jeg-har-lyst-at-skal-skje","status":"publish","type":"post","link":"https:\/\/www.europesays.com\/no\/111744\/","title":{"rendered":"R\u00f8per drama: &#8211; Ikke noe jeg har lyst at skal skje"},"content":{"rendered":"<p>Franske Lou Jeanmonnot gikk til topps i kvinnenes sprint. Med null bom klokket det franske esset inn som eneste p\u00e5 under 20 minutter med sin 19:59,4.\u00a0<\/p>\n<p>P\u00e5 de resterende pallplassene ble det en skandinavisk sekundstrid.<\/p>\n<p>Svenske Anna Magnusson truet Maren Hjelmeset Kirkeeides andreplass, og klokket inn 0,1 sekunder bak p\u00e5 den siste mellomtiden f\u00f8r m\u00e5l.<\/p>\n<p>Bak Jeanmonnot\u00a0endte til slutt Norges lyspunkt for dagen, Maren Hjelmeset Kirkeeide. Hun leverte raskest sisterunde og tok til slutt en knallsterk andreplass.<\/p>\n<p class=\"bold m-bold\" data-lab-font_weight=\"bold\">\u2013 Fantastisk l\u00f8p av Maren! Vanvittig bra, applauderte TV 2s ekspert Ole Einar Bj\u00f8rndalen.<\/p>\n<p data-lab-font_weight=\"\">Kirkeeide selv var str\u00e5lende forn\u00f8yd etter l\u00f8pet overfor TV 2.<\/p>\n<p data-lab-font_weight=\"\">\u2013 Det kjennes veldig bra ut! innleder hun.<\/p>\n<p>\u2013 Ikke noe jeg har lyst til at skal skje<\/p>\n<p>For den 22 \u00e5r gamle stryningen var det dramatisk allerede f\u00f8r start. Kun f\u00e5 minutter f\u00f8r Hjelmeset Kirkeeide skulle starte fredagens sprint, spydde hun.<\/p>\n<p>\u2013 Det var litt nerver, og s\u00e5 fikk jeg en liten slimklump som ville ut. Da brakk jeg meg. Kort vei til litt oppkast, men det gikk fint, sier hun.<\/p>\n<p>Det endte heldigvis godt for henne, men hun innr\u00f8mmer at det naturligvis ikke er \u00f8nskelig.<\/p>\n<p class=\"bold m-bold\" data-lab-font_weight=\"bold\">\u2013\u00a0Det er selvf\u00f8lgelig ikke noe jeg har lyst at skal skje f\u00f8r start, men det gikk bra likevel, forteller hun til TV 2.<\/p>\n<p>Landslagsvenninne Ingrid Landmark Tandrevold hadde ikke dagen, og bommet en gang p\u00e5 liggende skyting. P\u00e5 st\u00e5ende skyting ble det ogs\u00e5 en bom.<\/p>\n<p>Hun ble til slutt nummer 27.<\/p>\n<p>        <img class=\"image__img lazyload\" itemprop=\"image\" title=\"Foto: Christian Bruna \/ Reuters \/ NTB\" alt=\"SKUFFENDE: Ingrid Landmark Tandrevold gikk inn 1:20 bak vinneren fredag. Foto: Christian Bruna \/ Reuters \/ NTB\" width=\"978\" height=\"656\" bad-src=\"https:\/\/www.europesays.com\/no\/wp-content\/uploads\/2025\/12\/1765574250_198_18380208.webp\" fetchpriority=\"auto\" \/><\/p>\n<p>      SKUFFENDE: Ingrid Landmark Tandrevold gikk inn 1:20 bak vinneren fredag.<br \/>\n         Foto: Christian Bruna \/ Reuters \/ NTB<\/p>\n<p>Tandrevold antydet at Kirkeeide allerede p\u00e5 morgenkvisten viste gode takter. Det sier hun seg enig i.<\/p>\n<p>\u2013 Hun lurte litt p\u00e5 det. Mente jeg l\u00f8p litt fort. Det er sjeldent jeg som drar opp tempoet p\u00e5 s\u00e5nne joggeturer s\u00e5 det hadde hun visst rett i!<\/p>\n<p>Likevel innr\u00f8mmer den norske skiskytteren at nervene var til stede p\u00e5 dagens sprint.<\/p>\n<p>\u2013 Det gikk egentlig greit, men s\u00e5 fikk jeg ekstra nerver f\u00f8r start.<\/p>\n<p>      <img class=\"image__img lazyload\" itemprop=\"image\" title=\"Foto: Matthias Schrader \/ AP \/ NTB\" alt=\"NEST RASKEST: Maren Hjelmeset Kirkeeide. Foto: Matthias Schrader \/ AP \/ NTB\" width=\"978\" height=\"652\" bad-src=\"https:\/\/www.europesays.com\/no\/wp-content\/uploads\/2025\/12\/1765574251_632_18380477.webp\" fetchpriority=\"auto\" \/><\/p>\n<p>      NEST RASKEST: Maren Hjelmeset Kirkeeide.<br \/>\n         Foto: Matthias Schrader \/ AP \/ NTB<\/p>\n<p>      <img class=\"image__img lazyload\" itemprop=\"image\" title=\"Foto: Christian Bruna \/ Reuters \/ NTB\" alt=\"NEST RASKEST: Maren Hjelmeset Kirkeeide. Foto: Christian Bruna \/ Reuters \/ NTB\" width=\"978\" height=\"652\" bad-src=\"https:\/\/www.europesays.com\/no\/wp-content\/uploads\/2025\/12\/1765574251_230_18380478.webp\" fetchpriority=\"auto\" \/><\/p>\n<p>      NEST RASKEST: Maren Hjelmeset Kirkeeide.<br \/>\n         Foto: Christian Bruna \/ Reuters \/ NTB<\/p>\n<p>      <img class=\"image__img lazyload\" itemprop=\"image\" title=\"Foto: Christian Bruna \/ Reuters \/ NTB\" alt=\"NEST RASKEST: Maren Hjelmeset Kirkeeide. Foto: Christian Bruna \/ Reuters \/ NTB\" width=\"978\" height=\"652\" bad-src=\"https:\/\/www.europesays.com\/no\/wp-content\/uploads\/2025\/12\/1765574251_863_18380479.webp\" fetchpriority=\"auto\" \/><\/p>\n<p>      NEST RASKEST: Maren Hjelmeset Kirkeeide.<br \/>\n         Foto: Christian Bruna \/ Reuters \/ NTB<\/p>\n<p>Den avgj\u00f8rende bommen<\/p>\n<p class=\"no_italic m-no_italic\" data-lab-italic=\"\">22-\u00e5ringen leverte dagens nest beste langrennstid.\u00a0<\/p>\n<p class=\"no_italic m-no_italic\" data-lab-italic=\"\">Hun syns det er for tidlig \u00e5 analysere hva hun har forbedret fra forrige sesong, men har likevel noen punkter hun trekker frem:\u00a0<\/p>\n<p class=\"no_italic m-no_italic\" data-lab-italic=\"\">\u2013 Jeg har levert mer stabilt hittil. Det er bare andre helgen, s\u00e5 tidlig \u00e5 si noe om. Men jeg har levert mer stabilt ogs\u00e5 p\u00e5 skytingen, forklarer hun.<\/p>\n<p class=\"no_italic m-no_italic\" data-lab-italic=\"\">Til tross for sv\u00e6rt god langrennstid, bommet Kirkeeide p\u00e5 det siste og avgj\u00f8rende skuddet p\u00e5 st\u00e5ende skyting.<\/p>\n<p class=\"no_italic m-no_italic\" data-lab-italic=\"\">\u2013 Jeg f\u00f8lte jeg hadde skikkelig god kontroll. Jeg visste hva jeg skulle skyte om. Jeg syns jeg klarte \u00e5 v\u00e6re ganske rolig, men s\u00e5 er det ekstra kjipt n\u00e5r det er siste skuddet. Jeg tror jeg var litt for rask p\u00e5 avtrykket, og da ble det bom.<\/p>\n<p>Av de andre nordmennene i aksjon traff Karoline Knotten ni av ti blinker. Hun endte til slutt p\u00e5 9. plass, 45 sekunder bak den fransk seierskvinnen.<\/p>\n<p>Kvinnenes jaktstart er s\u00f8ndag 14.45 p\u00e5 TV 2 Direkte og TV 2 Play. Du kan se herrenes jaktstart l\u00f8rdag 12.45 p\u00e5 samme kanaler.<\/p>\n","protected":false},"excerpt":{"rendered":"Franske Lou Jeanmonnot gikk til topps i kvinnenes sprint. Med null bom klokket det franske esset inn som&hellip;\n","protected":false},"author":2,"featured_media":111450,"comment_status":"","ping_status":"","sticky":false,"template":"","format":"standard","meta":{"footnotes":""},"categories":[59],"tags":[30,28,29,83,82],"class_list":{"0":"post-111744","1":"post","2":"type-post","3":"status-publish","4":"format-standard","5":"has-post-thumbnail","7":"category-sport","8":"tag-no","9":"tag-norge","10":"tag-norway","11":"tag-sport","12":"tag-sports"},"share_on_mastodon":{"url":"https:\/\/pubeurope.com\/@no\/115708680177781979","error":""},"_links":{"self":[{"href":"https:\/\/www.europesays.com\/no\/wp-json\/wp\/v2\/posts\/111744","targetHints":{"allow":["GET"]}}],"collection":[{"href":"https:\/\/www.europesays.com\/no\/wp-json\/wp\/v2\/posts"}],"about":[{"href":"https:\/\/www.europesays.com\/no\/wp-json\/wp\/v2\/types\/post"}],"author":[{"embeddable":true,"href":"https:\/\/www.europesays.com\/no\/wp-json\/wp\/v2\/users\/2"}],"replies":[{"embeddable":true,"href":"https:\/\/www.europesays.com\/no\/wp-json\/wp\/v2\/comments?post=111744"}],"version-history":[{"count":0,"href":"https:\/\/www.europesays.com\/no\/wp-json\/wp\/v2\/posts\/111744\/revisions"}],"wp:featuredmedia":[{"embeddable":true,"href":"https:\/\/www.europesays.com\/no\/wp-json\/wp\/v2\/media\/111450"}],"wp:attachment":[{"href":"https:\/\/www.europesays.com\/no\/wp-json\/wp\/v2\/media?parent=111744"}],"wp:term":[{"taxonomy":"category","embeddable":true,"href":"https:\/\/www.europesays.com\/no\/wp-json\/wp\/v2\/categories?post=111744"},{"taxonomy":"post_tag","embeddable":true,"href":"https:\/\/www.europesays.com\/no\/wp-json\/wp\/v2\/tags?post=111744"}],"curies":[{"name":"wp","href":"https:\/\/api.w.org\/{rel}","templated":true}]}}