{"id":111745,"date":"2025-12-12T21:21:29","date_gmt":"2025-12-12T21:21:29","guid":{"rendered":"https:\/\/www.europesays.com\/no\/111745\/"},"modified":"2025-12-12T21:21:29","modified_gmt":"2025-12-12T21:21:29","slug":"russland-hyller-norge-etter-flertall-mot-eus-tyveriforsok","status":"publish","type":"post","link":"https:\/\/www.europesays.com\/no\/111745\/","title":{"rendered":"Russland hyller Norge etter flertall mot \u00abEUs tyverifors\u00f8k\u00bb"},"content":{"rendered":"<p class=\"kicker t15 font-weight-bold m-font-weight-bold color_mobile_no_bg_color quaternary color_mobile_quaternary font-Trim text-case-transform-upper mobile-hasTextPadding\" style=\"\">Nyheter<\/p>\n<p>    Stortinget stemte nei til \u00e5 stille som garantist for Ukraina-l\u00e5n, og det gleder Russland .\u00a0<\/p>\n<p>\n        KLAR BESKJED: Finansminister Jens Stoltenberg (Ap) har tidligere gitt klar beskjed om at det er uaktuelt at Norge bidrar for \u00e5 f\u00e5 et EU-l\u00e5n til Ukraina p\u00e5 plass.<br \/>\n        Foto: Ole Berg-Rusten, NTB\n    <\/p>\n<p>Arbeiderpartiet stilte seg sammen med Fremskrittspartiet og Senterpartiet og stemte ned et forslag om at Norge bidrar som garantist\u00a0for\u00a0et EU-l\u00e5n\u00a0til\u00a0Ukraina.<\/p>\n<p>Etter initiativ fra Venstre-leder Guri Melby gikk H\u00f8yre, MDG, KrF og Venstre sammen om et forslag om at Norge b\u00f8r stille som medgarantist\u00a0for\u00a0gigantl\u00e5net\u00a0til\u00a0Ukraina.<\/p>\n<p>Ap\u00a0sto dermed p\u00e5 vippen. Men deres\u00a0nei\u00a0avgjorde\u00a0saken da\u00a0Stortinget\u00a0stemte over forslaget torsdag.<\/p>\n<p>Dermed falt forslaget med 24 mot 80 stemmer. Det\u00a0gleder\u00a0Russland.<\/p>\n<p>\u2013 Beste mulighet<\/p>\n<p>Vanskelig\u00a0\u00e5\u00a0skj\u00f8nne, mener Melby.<\/p>\n<p>\u2013 Norge har en unik mulighet\u00a0til\u00a0\u00e5\u00a0bidra p\u00e5 en m\u00e5te som andre land ikke har. Det er vanskelig\u00a0\u00e5\u00a0forst\u00e5 hvorfor regjeringen ikke engang vil vurdere\u00a0\u00e5\u00a0stille som medgarantist\u00a0for\u00a0en europeisk l\u00e5neordning n\u00e5r det kunne bidratt\u00a0til\u00a0\u00e5\u00a0utl\u00f8se langt st\u00f8rre st\u00f8tte ogs\u00e5 fra andre land,\u00a0sier\u00a0hun\u00a0til\u00a0NTB.<\/p>\n<p>Melby peker p\u00e5 at situasjonen i\u00a0Ukraina\u00a0er kritisk.<\/p>\n<p>\u2013 Et norsk bidrag\u00a0til\u00a0EUs l\u00e5neordning er den beste muligheten vi har akkurat n\u00e5\u00a0til\u00a0\u00e5\u00a0utl\u00f8se en mye st\u00f8rre st\u00f8tte i en fase av krigen der det virkelig trengs,\u00a0sier\u00a0hun.<\/p>\n<p>Pakke p\u00e5 210 milliarder euro<\/p>\n<p>EU-kommisjonen jobber med\u00a0\u00e5\u00a0f\u00e5 p\u00e5 plass en \u00f8konomisk pakke\u00a0til\u00a0Ukraina\u00a0p\u00e5 i alt 210 milliarder euro fram\u00a0til\u00a02030.<\/p>\n<p>Brorparten av dette er et s\u00e5kalt reparasjonsl\u00e5n p\u00e5 i alt 165 milliarder euro, n\u00e6rmere 2000 milliarder kroner etter dagens kurs, finansiert av russiske midler som ligger nedfryst i europeiske banker.<\/p>\n<p>L\u00e5net blir etter alt\u00a0\u00e5\u00a0d\u00f8mme toppsaken p\u00e5 EU-toppm\u00f8tet neste uke.<\/p>\n<p>Mesteparten av pengene, 140 milliarder euro, ligger i den belgiske finansinstitusjonen Euroclear, mens 25 milliarder befinner seg i ulike private banker i Europa.<\/p>\n<p>90 milliarder euro er avsatt\u00a0til\u00a0\u00e5\u00a0dekke Ukrainas behov i 2026 og 2027.<\/p>\n<p>Russisk ros\u00a0<\/p>\n<p>Russland\u00a0roser Stortingets\u00a0nei\u00a0til\u00a0et forslag om\u00a0\u00e5\u00a0stille som garantist\u00a0for\u00a0et gigantisk\u00a0EU-l\u00e5n\u00a0til\u00a0Ukraina.<\/p>\n<p>Det sier Russlands ambassad\u00f8r i Norge, Nikolaj Kortsjunov, i\u00a0<a href=\"https:\/\/ria.ru\/20251211\/aktivy-2061537736.html\" target=\"_blank\" rel=\"nofollow noopener\">et intervju<\/a>\u00a0med det statlige russiske nyhetsbyr\u00e5et RIA Novosti.\u00a0<\/p>\n<p>\u2013 Man kan bare hilse velkommen det faktum at flertallet av norske stortingsrepresentanter gikk imot at landet skulle slutte\u00a0seg\u00a0til\u00a0EUs tyverifors\u00f8k av v\u00e5rt lands midler, sier Kortsjunov.<\/p>\n<p>If\u00f8lge ham var det \u00abvelbegrunnede bekymringer\u00a0for\u00a0hvilke \u00f8deleggende langsiktige konsekvenser\u00bb en slik\u00a0norsk\u00a0garanti ville kunne f\u00e5\u00a0for\u00a0integriteten\u00a0til\u00a0oljefondets investeringer rundt omkring i verden, som l\u00e5 bak Stortingets\u00a0nei.<\/p>\n<p>Kortsjunov betegner EUs l\u00e5nepakke som et fors\u00f8k p\u00e5\u00a0\u00e5\u00a0sabotere USAs arbeid med\u00a0\u00e5\u00a0f\u00e5 i stand en politisk-diplomatisk l\u00f8sning av\u00a0Ukraina-konflikten.<\/p>\n<p>Planen er at\u00a0Ukraina\u00a0skal tilbakebetale l\u00e5net n\u00e5r krigen er over, dersom Russland betaler krigserstatning. Dette vurderes imidlertid som h\u00f8yst usannsynlig. Reparasjonsl\u00e5net ses dermed som et forskudd p\u00e5 krigserstatningen.<\/p>\n<p>Men Belgia frykter russiske represalier og har s\u00e5 langt satt foten ned\u00a0for\u00a0planene. De krever at alle EU-land er med og garanterer\u00a0for\u00a0l\u00e5net.<\/p>\n<p>Men det faller mange EU-land, som allerede sliter med skyh\u00f8y gjeld og lav kredittverdighet, tungt\u00a0for\u00a0brystet.<\/p>\n<p>Ukraina\u00a0st\u00e5r p\u00e5 sin side i fare\u00a0for\u00a0\u00e5\u00a0g\u00e5 tom\u00a0for\u00a0penger om f\u00e5 m\u00e5neder. Bortfallet av amerikansk st\u00f8tte har etterlatt seg et stort hull som EU-landene ikke greier\u00a0\u00e5\u00a0fylle, varslet tankesmia Kiel Institute tidligere denne uka.<\/p>\n<p>Ideen avvist<\/p>\n<p>Et stort flertall av EU-landene ble torsdag enige om\u00a0\u00e5\u00a0fryse de russiske verdiene p\u00e5 permanent basis. Inntil n\u00e5 har det v\u00e6rt n\u00f8dvendig\u00a0\u00e5\u00a0fornye frysen med et enstemmig vedtak hver sjette m\u00e5ned, skriver nyhetsbyr\u00e5et AFP.<\/p>\n<p>Nedfrysingen kan dermed ikke lenger oppheves med et veto fra Ungarn, som har n\u00e6re forbindelser\u00a0til\u00a0Russland.<\/p>\n<p>Det var to norske \u00f8konomer som f\u00f8rst lanserte ideen om at Norge kunne stille som medgarantist\u00a0for\u00a0Ukraina-l\u00e5net\u00a0for\u00a0\u00e5\u00a0lette byrden\u00a0for\u00a0EU.<\/p>\n<p>Men ideen ble raskt avvist av statsminister Jonas Gahr St\u00f8re (Ap) og finansminister Jens Stoltenberg (Ap).<\/p>\n<p>\u2013\u00a0For\u00a0Norge er det ikke aktuelt\u00a0\u00e5\u00a0slutte seg\u00a0til\u00a0et system med l\u00e5negarantier\u00a0for\u00a0Ukraina-st\u00f8tte i EU, sa Stoltenberg\u00a0til\u00a0NTB i november.<\/p>\n","protected":false},"excerpt":{"rendered":"Nyheter Stortinget stemte nei til \u00e5 stille som garantist for Ukraina-l\u00e5n, og det gleder Russland .\u00a0 KLAR BESKJED:&hellip;\n","protected":false},"author":2,"featured_media":111746,"comment_status":"","ping_status":"","sticky":false,"template":"","format":"standard","meta":{"footnotes":""},"categories":[12],"tags":[20,21,24,25,15,22,23,13,30,28,29,14,16,26,27,42,43,44,45],"class_list":{"0":"post-111745","1":"post","2":"type-post","3":"status-publish","4":"format-standard","5":"has-post-thumbnail","7":"category-verden","8":"tag-breaking-news","9":"tag-breakingnews","10":"tag-featured-news","11":"tag-featurednews","12":"tag-headlines","13":"tag-latest-news","14":"tag-latestnews","15":"tag-news","16":"tag-no","17":"tag-norge","18":"tag-norway","19":"tag-nyheter","20":"tag-overskrifter","21":"tag-top-stories","22":"tag-topstories","23":"tag-verden","24":"tag-world","25":"tag-world-news","26":"tag-worldnews"},"share_on_mastodon":{"url":"https:\/\/pubeurope.com\/@no\/115708695958655299","error":""},"_links":{"self":[{"href":"https:\/\/www.europesays.com\/no\/wp-json\/wp\/v2\/posts\/111745","targetHints":{"allow":["GET"]}}],"collection":[{"href":"https:\/\/www.europesays.com\/no\/wp-json\/wp\/v2\/posts"}],"about":[{"href":"https:\/\/www.europesays.com\/no\/wp-json\/wp\/v2\/types\/post"}],"author":[{"embeddable":true,"href":"https:\/\/www.europesays.com\/no\/wp-json\/wp\/v2\/users\/2"}],"replies":[{"embeddable":true,"href":"https:\/\/www.europesays.com\/no\/wp-json\/wp\/v2\/comments?post=111745"}],"version-history":[{"count":0,"href":"https:\/\/www.europesays.com\/no\/wp-json\/wp\/v2\/posts\/111745\/revisions"}],"wp:featuredmedia":[{"embeddable":true,"href":"https:\/\/www.europesays.com\/no\/wp-json\/wp\/v2\/media\/111746"}],"wp:attachment":[{"href":"https:\/\/www.europesays.com\/no\/wp-json\/wp\/v2\/media?parent=111745"}],"wp:term":[{"taxonomy":"category","embeddable":true,"href":"https:\/\/www.europesays.com\/no\/wp-json\/wp\/v2\/categories?post=111745"},{"taxonomy":"post_tag","embeddable":true,"href":"https:\/\/www.europesays.com\/no\/wp-json\/wp\/v2\/tags?post=111745"}],"curies":[{"name":"wp","href":"https:\/\/api.w.org\/{rel}","templated":true}]}}