{"id":111753,"date":"2025-12-12T21:36:14","date_gmt":"2025-12-12T21:36:14","guid":{"rendered":"https:\/\/www.europesays.com\/no\/111753\/"},"modified":"2025-12-12T21:36:14","modified_gmt":"2025-12-12T21:36:14","slug":"skjot-norge-til-vm-finalen-spinnvilt","status":"publish","type":"post","link":"https:\/\/www.europesays.com\/no\/111753\/","title":{"rendered":"Skj\u00f8t Norge til VM-finalen: \u2013 Spinnvilt"},"content":{"rendered":"\n<p class=\"_paragraph_o9xde_4 _paragraph_xtcu6_10 layout-component text-serif-m layout-normal text-serif-m layout-padded\">\u2013 Det betyr veldig mye. Vi har lengta etter denne finalen siden forrige finale, sier Henny Reistad til Viaplay.<\/p>\n<p class=\"_paragraph_o9xde_4 _paragraph_xtcu6_10 layout-component text-serif-m layout-normal text-serif-m layout-padded\">Hun er k\u00e5ret til verdens beste h\u00e5ndballspiller de to siste \u00e5rene. P\u00e5 en kokende bortebane i Rotterdam viste Reistad hvorfor. Hun scoret 10 og sto bak nesten like mange m\u00e5l i assist og tredje sistepasninger.<\/p>\n<p class=\"_paragraph_o9xde_4 _paragraph_xtcu6_10 layout-component text-serif-m layout-normal text-serif-m layout-padded\">Norge h\u00e5ndterte igjen maksimalt press. Akkurat som i fjor\u00e5rets OL-finale \u2013 syvm\u00e5lsseier over Frankrike foran nesten. 27.000 i Lille, bestyrte h\u00e5ndballjentene etter hvert hele butikken.<\/p>\n<p class=\"_paragraph_o9xde_4 _paragraph_xtcu6_10 layout-component text-serif-m layout-normal text-serif-m layout-padded\">\u2013 Vi kan ikke ta for gitt at vi havner i finalen. Jeg f\u00f8ler mest glede, men ogs\u00e5 litt lettelse, sier trener Ole Gustav Gjekstad til Viaplay etter kampslutt.<\/p>\n<p class=\"_paragraph_o9xde_4 _paragraph_xtcu6_10 layout-component text-serif-m layout-normal text-serif-m layout-padded\"><strong class=\"_strong_o9xde_25\">Reistad klinket syv strake baller inn i det nederlandske m\u00e5let i l\u00f8pet av bare 18 minutter og 21 sekunder f\u00f8r pause.<\/strong><\/p>\n<p class=\"_paragraph_o9xde_4 _paragraph_xtcu6_10 layout-component text-serif-m layout-normal text-serif-m layout-padded\">Estavana Polman og Nederland satte Norge under press. Men det hjalp ikke.<\/p>\n<p class=\"_paragraph_o9xde_4 _paragraph_xtcu6_10 layout-component text-serif-m layout-normal text-serif-m layout-padded\">Norge fl\u00f8t ifra hjemmelaget st\u00f8ttet av de fleste av de 10.000 tilskuerne.<\/p>\n<p class=\"_paragraph_o9xde_4 _paragraph_xtcu6_10 layout-component text-serif-m layout-normal text-serif-m layout-padded\">\u2013 Det er spinnvilt, ropte Viaplay-kommentator Daniel H\u00f8glund.<\/p>\n<p><img alt=\"Foto: Bj\u00f8rn S. Delebekk \/ VG\" class=\"_image_qp4xg_65 layout-component layout-normal\" data-fullscreen- data-track-element-type=\"Article image fullscreen\" data-track-name=\"ImageFullscreen\" decoding=\"async\" loading=\"lazy\" height=\"3592\" itemprop=\"image\"  src=\"https:\/\/www.europesays.com\/no\/wp-content\/uploads\/2025\/12\/af92d3ce-9c2e-42b0-a39e-4b2ca7fa2afc\"  style=\"object-position:0% 0%\" width=\"5392\"\/>Foto: Bj\u00f8rn S. Delebekk \/ VG<\/p>\n<p class=\"_paragraph_o9xde_4 _paragraph_xtcu6_10 layout-component text-serif-m layout-normal text-serif-m layout-padded\">\u2013 Det har v\u00e6rt bra, sa hun selv n\u00f8ytralt i pausen p\u00e5 norsk 18\u201314-ledelse. Hun ble godt st\u00f8ttet av Nora M\u00f8rks gode spill og straffer, Vilde Ingstads p\u00e5 streken og Thale Rushfeldt Deilas duellspill.<\/p>\n<p class=\"_paragraph_o9xde_4 _paragraph_xtcu6_10 layout-component text-serif-m layout-normal text-serif-m layout-padded\"><strong class=\"_strong_o9xde_25\">Norge er klar for sin tiende VM-finale i kvinneh\u00e5ndball. S\u00f8ndag venter Tyskland. Norge kan ta VM-gull nummer fem siden det legendariske f\u00f8rste p\u00e5 Lillehammer i 1999.<\/strong><\/p>\n<p class=\"_paragraph_o9xde_4 _paragraph_xtcu6_10 layout-component text-serif-m layout-normal text-serif-m layout-padded\">\u2013 Det var litt varierende til tider, men at vi g\u00e5r i land med en seier p\u00e5 ti m\u00e5l skal vi v\u00e6re forn\u00f8yde, sier Ingvild Bakkerud til VG.<\/p>\n<p class=\"_paragraph_o9xde_4 _paragraph_xtcu6_10 layout-component text-serif-m layout-normal text-serif-m layout-padded\">Tyskerne overrasket med \u00e5 sl\u00e5 Frankrike med 29\u201323 fredag. De tyske jentene jublet som gale for den f\u00f8rste VM-finalen siden de ble verdensmestre i Oslo for 32 \u00e5r siden.<\/p>\n<p><img alt=\"Foto: Bj\u00f8rn S. Delebekk \/ VG\" class=\"_image_qp4xg_65 layout-component layout-normal\" data-fullscreen- data-track-element-type=\"Article image fullscreen\" data-track-name=\"ImageFullscreen\" decoding=\"async\" loading=\"lazy\" height=\"1712\" itemprop=\"image\"  src=\"https:\/\/www.europesays.com\/no\/wp-content\/uploads\/2025\/12\/52ba184b-0578-40c0-856d-61116d2454fa\"  style=\"object-position:0% 0%\" width=\"2560\"\/>Foto: Bj\u00f8rn S. Delebekk \/ VG<\/p>\n<p class=\"_paragraph_o9xde_4 _paragraph_xtcu6_10 layout-component text-serif-m layout-normal text-serif-m layout-padded\">Ole Gustav Gjekstad startet ikke med Stine Skogrand i forsvar. Nederlenderne fikk plass, og Katrine Lunde fikk d\u00e5rlig st\u00f8tte. Hun fikk opp fire redninger f\u00f8r pause, men hadde veldig t\u00f8ffe arbeidsforhold.<\/p>\n<p class=\"_paragraph_o9xde_4 _paragraph_xtcu6_10 layout-component text-serif-m layout-normal text-serif-m layout-padded\">Nederland scoret 11 av 14 m\u00e5l i \u00e5pne situasjoner.<\/p>\n<p class=\"_paragraph_o9xde_4 _paragraph_xtcu6_10 layout-component text-serif-m layout-normal text-serif-m layout-padded\">\u2013 Det overrasker meg, sa Viaplay-ekspert Gunnar Pettersen om Gjekstads disponeringer i forsvar.<\/p>\n<p>VG-b\u00f8rsen<\/p>\n<p class=\"_paragraph_o9xde_4 _paragraph_xtcu6_10 _paragraph_16v91_10 layout-component text-serif-m layout-normal text-sans-m layout-padded\">Katrine Lunde 7<\/p>\n<p class=\"_paragraph_o9xde_4 _paragraph_xtcu6_10 _paragraph_16v91_10 layout-component text-serif-m layout-normal text-sans-m layout-padded\">Eli Marie Raasok 5<\/p>\n<p class=\"_paragraph_o9xde_4 _paragraph_xtcu6_10 _paragraph_16v91_10 layout-component text-serif-m layout-normal text-sans-m layout-padded\">Veronica Kristiansen 6<\/p>\n<p class=\"_paragraph_o9xde_4 _paragraph_xtcu6_10 _paragraph_16v91_10 layout-component text-serif-m layout-normal text-sans-m layout-padded\">Maren Aardahl 6<\/p>\n<p class=\"_paragraph_o9xde_4 _paragraph_xtcu6_10 _paragraph_16v91_10 layout-component text-serif-m layout-normal text-sans-m layout-padded\">Stine Skogrand 6<\/p>\n<p class=\"_paragraph_o9xde_4 _paragraph_xtcu6_10 _paragraph_16v91_10 layout-component text-serif-m layout-normal text-sans-m layout-padded\">Nora M\u00f8rk 7<\/p>\n<p class=\"_paragraph_o9xde_4 _paragraph_xtcu6_10 _paragraph_16v91_10 layout-component text-serif-m layout-normal text-sans-m layout-padded\">Malin Aune 5<\/p>\n<p class=\"_paragraph_o9xde_4 _paragraph_xtcu6_10 _paragraph_16v91_10 layout-component text-serif-m layout-normal text-sans-m layout-padded\">Kristine Breist\u00f8l 5<\/p>\n<p class=\"_paragraph_o9xde_4 _paragraph_xtcu6_10 _paragraph_16v91_10 layout-component text-serif-m layout-normal text-sans-m layout-padded\">Vilde Ingstad 6<\/p>\n<p class=\"_paragraph_o9xde_4 _paragraph_xtcu6_10 _paragraph_16v91_10 layout-component text-serif-m layout-normal text-sans-m layout-padded\">Ingvild Bakkerud 6<\/p>\n<p class=\"_paragraph_o9xde_4 _paragraph_xtcu6_10 _paragraph_16v91_10 layout-component text-serif-m layout-normal text-sans-m layout-padded\"><strong class=\"_strong_o9xde_25\">Henny Reistad BB 10<\/strong><\/p>\n<p class=\"_paragraph_o9xde_4 _paragraph_xtcu6_10 _paragraph_16v91_10 layout-component text-serif-m layout-normal text-sans-m layout-padded\">Emilie Hovden 5<\/p>\n<p class=\"_paragraph_o9xde_4 _paragraph_xtcu6_10 _paragraph_16v91_10 layout-component text-serif-m layout-normal text-sans-m layout-padded\">Thale Rushfeldt Deila 6<\/p>\n<p class=\"_paragraph_o9xde_4 _paragraph_xtcu6_10 _paragraph_16v91_10 layout-component text-serif-m layout-normal text-sans-m layout-padded\">Anniken Wollik 6<\/p>\n<p class=\"_paragraph_o9xde_4 _paragraph_xtcu6_10 _paragraph_16v91_10 layout-component text-serif-m layout-normal text-sans-m layout-padded\">Ole Gustav Gjekstad (trener) 7<\/p>\n<p>Vis mer<\/p>\n<p class=\"_paragraph_o9xde_4 _paragraph_xtcu6_10 layout-component text-serif-m layout-normal text-serif-m layout-padded\">2. omgang startet med en Lunde-redning og et fantastisk kontringsm\u00e5l av Anniken Wollik.<\/p>\n<p class=\"_paragraph_o9xde_4 _paragraph_xtcu6_10 layout-component text-serif-m layout-normal text-serif-m layout-padded\">S\u00e5 ble romerikingen spilt opp av en svevende Reistad. Norge ledet med fem.<\/p>\n<p class=\"_paragraph_o9xde_4 _paragraph_xtcu6_10 layout-component text-serif-m layout-normal text-serif-m layout-padded\">Stine Skogrand kom f\u00f8rst inn etter 23 minutter av 1. omgang. N\u00e5 kom en kraftpakke av en scoring fra bergenseren<\/p>\n<p class=\"_paragraph_o9xde_4 _paragraph_xtcu6_10 layout-component text-serif-m layout-normal text-serif-m layout-padded\">Eli Marie Raasok kom inn og reddet en straffe fra Nederland-stjerne Dione Housheer.<\/p>\n<p class=\"_paragraph_o9xde_4 _paragraph_xtcu6_10 layout-component text-serif-m layout-normal text-serif-m layout-padded\">Norge ledet p\u00e5 det meste med \u00e5tte m\u00e5l.<\/p>\n<p><img alt=\"Foto: Bj\u00f8rn S. Delebekk \/ VG\" class=\"_image_qp4xg_65 layout-component layout-normal\" data-fullscreen- data-track-element-type=\"Article image fullscreen\" data-track-name=\"ImageFullscreen\" decoding=\"async\" loading=\"lazy\" height=\"1920\" itemprop=\"image\"  src=\"https:\/\/www.europesays.com\/no\/wp-content\/uploads\/2025\/12\/1ec99d77-a409-40a0-ba86-06cd08964cef\"  style=\"object-position:0% 0%\" width=\"2880\"\/>Foto: Bj\u00f8rn S. Delebekk \/ VG<\/p>\n<p class=\"_paragraph_o9xde_4 _paragraph_xtcu6_10 layout-component text-serif-m layout-normal text-serif-m layout-padded\">Men feilene kom, Henny Reistad ble utvist og Nederland var fire m\u00e5l bak da det gjensto 14 minutter.<\/p>\n<p class=\"_paragraph_o9xde_4 _paragraph_xtcu6_10 layout-component text-serif-m layout-normal text-serif-m layout-padded\">Nora M\u00f8rk roet norske nerver med en signaturscoring \u2013 underarmsskudd \u2013 via keeperen og i m\u00e5l.<\/p>\n<p class=\"_paragraph_o9xde_4 _paragraph_xtcu6_10 layout-component text-serif-m layout-normal text-serif-m layout-padded\">Lyset i tunnelen var slukket.<\/p>\n<p class=\"_paragraph_o9xde_4 _paragraph_xtcu6_10 layout-component text-serif-m layout-normal text-serif-m layout-padded\">Katrine Lunde fant frem redningene.<\/p>\n<p class=\"_paragraph_o9xde_4 _paragraph_xtcu6_10 layout-component text-serif-m layout-normal text-serif-m layout-padded\">Maren Aardahl scoringene.<\/p>\n<p class=\"_paragraph_o9xde_4 _paragraph_xtcu6_10 layout-component text-serif-m layout-normal text-serif-m layout-padded\">Resten var full kontroll, vill jubel, og ny norsk VM-finale.<\/p>\n","protected":false},"excerpt":{"rendered":"\u2013 Det betyr veldig mye. Vi har lengta etter denne finalen siden forrige finale, sier Henny Reistad til&hellip;\n","protected":false},"author":2,"featured_media":111754,"comment_status":"","ping_status":"","sticky":false,"template":"","format":"standard","meta":{"footnotes":""},"categories":[59],"tags":[105,9443,1528,30,28,29,83,82],"class_list":{"0":"post-111753","1":"post","2":"type-post","3":"status-publish","4":"format-standard","5":"has-post-thumbnail","7":"category-sport","8":"tag-handball","9":"tag-handball-vm","10":"tag-kvinnelandslaget-handball","11":"tag-no","12":"tag-norge","13":"tag-norway","14":"tag-sport","15":"tag-sports"},"share_on_mastodon":{"url":"https:\/\/pubeurope.com\/@no\/115708755185702883","error":""},"_links":{"self":[{"href":"https:\/\/www.europesays.com\/no\/wp-json\/wp\/v2\/posts\/111753","targetHints":{"allow":["GET"]}}],"collection":[{"href":"https:\/\/www.europesays.com\/no\/wp-json\/wp\/v2\/posts"}],"about":[{"href":"https:\/\/www.europesays.com\/no\/wp-json\/wp\/v2\/types\/post"}],"author":[{"embeddable":true,"href":"https:\/\/www.europesays.com\/no\/wp-json\/wp\/v2\/users\/2"}],"replies":[{"embeddable":true,"href":"https:\/\/www.europesays.com\/no\/wp-json\/wp\/v2\/comments?post=111753"}],"version-history":[{"count":0,"href":"https:\/\/www.europesays.com\/no\/wp-json\/wp\/v2\/posts\/111753\/revisions"}],"wp:featuredmedia":[{"embeddable":true,"href":"https:\/\/www.europesays.com\/no\/wp-json\/wp\/v2\/media\/111754"}],"wp:attachment":[{"href":"https:\/\/www.europesays.com\/no\/wp-json\/wp\/v2\/media?parent=111753"}],"wp:term":[{"taxonomy":"category","embeddable":true,"href":"https:\/\/www.europesays.com\/no\/wp-json\/wp\/v2\/categories?post=111753"},{"taxonomy":"post_tag","embeddable":true,"href":"https:\/\/www.europesays.com\/no\/wp-json\/wp\/v2\/tags?post=111753"}],"curies":[{"name":"wp","href":"https:\/\/api.w.org\/{rel}","templated":true}]}}