{"id":111757,"date":"2025-12-12T21:43:32","date_gmt":"2025-12-12T21:43:32","guid":{"rendered":"https:\/\/www.europesays.com\/no\/111757\/"},"modified":"2025-12-12T21:43:32","modified_gmt":"2025-12-12T21:43:32","slug":"aamodt-avslorer-luksusplaner","status":"publish","type":"post","link":"https:\/\/www.europesays.com\/no\/111757\/","title":{"rendered":"Aamodt avsl\u00f8rer luksusplaner"},"content":{"rendered":"<p class=\"kicker t20\" style=\"\">Bolig-slal\u00e5m for Kjetil Andr\u00e9 Aamodt<\/p>\n<p>  N\u00e5r han ikke fikk solgt sitt 400 kvadrats dr\u00f8mmehus med privat strandlinje &#8211; gikk OL-vinneren nye veier.<\/p>\n<p>\n    DR\u00d8MMEBOLIG I STRANDKANTEN: Kjetil Andr\u00e8<br \/>\nAamodt har grunn til \u00e5 smile etter \u00e5 ha kj\u00f8rt bolig-slal\u00e5m med sin strand-eiendom helt siden i sommer. <br \/>Foto: Dagbladet\n  <\/p>\n<p> Kjetil Andr\u00e9 Aamodt (54) var en del av \u00abgullgenerasjonen\u00bb i norsk idrett. Mellom 1991 og 2006 tok han \u00e5tte OL-medaljer og 12 VM-medaljer. <br \/>Tre av disse var OL-gull.<\/p>\n<p>Flink med \u00f8konomien\t<\/p>\n<p>I 2006 la familiefaren plutselig opp , og har siden blitt et kjent og kj\u00e6rt\u00a0 TV-ansikt b\u00e5de som ekspertkommentator og i en rekke underholdningsprogrammer.<\/p>\n<p>    <a itemprop=\"url\" href=\"https:\/\/www.seher.no\/kjendis\/for-mye-press\/83973281\" rel=\"nofollow noopener\" target=\"_blank\"><\/p>\n<p>        <img loading=\"lazy\" decoding=\"async\" src=\"https:\/\/www.europesays.com\/no\/wp-content\/uploads\/2025\/12\/82201170.webp\" width=\"980\" height=\"441\" title=\"Avsl\u00f8rer panikkanfall\" alt=\"\" class=\"lazyload\" style=\"--aspect-ratio-image: 2.22; \"\/><\/p>\n<p>        Avsl\u00f8rer panikkanfall<\/p>\n<p>    <\/a><\/p>\n<p>I tillegg har han i likhet med \u00absuper-kollega\u00bb Aksel Lund Svindal (42), v\u00e6rt dyktig til \u00e5 forvalte pengene sine.<\/p>\n<p>        UVANLIG: Kong Charles, som for tiden f\u00e5r behandling for kreft, skal fredag kveld dele en videooppdatering om sin helsetilstand. If\u00f8lge Se og H\u00f8rs kongehusekspert er dette et uvanlig grep fra det britiske kongehuset. Reporter: Caroline Vagle. Video: Kine Falch<\/p>\n<p>Aamodt og familien har i en \u00e5rrekke bodd i en praktfull funkisvilla med strandsone i Admiral B\u00f8rresens vei p\u00e5 Bygd\u00f8y i Oslo.\u00a0\u00a0<\/p>\n<p>Tidligere i \u00e5r ble det klart at han og naboen vegg-i-vegg-, sn\u00f8br\u00f8tt-stjernen\u00a0Terje H\u00e5konsen (49),\u00a0ville selge hele prakteiendommen &#8211; for den\u00a0 rette prisen.<\/p>\n<p>        IKKE VENNER: Sebastian Solberg g\u00e5r hardt ut mot sine meddeltakere i den kommende sesongen av \u00abSpillet\u00bb. Influenseren r\u00f8per ogs\u00e5 hvorfor, like f\u00f8r \u00e9n av dem avbryter intervjuet med en uhyggelig beskjed. Reporter: Thea Hope. Video: Nora Skavhaug. \u00abSpillet\u00bb \/ TV2.<\/p>\n<p>Delt i tre\t<\/p>\n<p>Deres herskapelige funkisperle best\u00e5r av tre deler. Og det var Terje H\u00e5konsen som f\u00f8rst flyttet inn. Han ga 10,2 millioner for en trededel av eiendommen &#8211; i 2003.<\/p>\n<p>\u00c5ret etter ga Aamodt 13 millioner for f\u00f8rste etasje i resten av boligen. Og da andre etasje ble lagt ut for salg i 2011, hadde Aamodt forkj\u00f8psrett \u2013 og fikk sikret seg herligheten for 17 millioner.<\/p>\n<p>        <img loading=\"lazy\" decoding=\"async\" src=\"https:\/\/www.europesays.com\/no\/wp-content\/uploads\/2025\/12\/83970226.webp\" width=\"686\" height=\"728\" title=\"FLOTT GJENG: Kjetil&#10;Andr\u00e9 Aamodt og Stine Merete&#10;\u00d8stvold Aamodt (50) har&#10;tre barn sammen \u2013 Erle, Axel&#10;og Emily.\" alt=\"\" class=\"\" style=\"--aspect-ratio-image: 0.94; \"\/><\/p>\n<p>\n        FLOTT GJENG: Kjetil<br \/>\nAndr\u00e9 Aamodt og Stine Merete<br \/>\n\u00d8stvold Aamodt (50) har<br \/>\ntre barn sammen \u2013 Erle, Axel<br \/>\nog Emily.\n    <\/p>\n<p>Dermed hadde Aamodt og familien et boareal p\u00e5 nesten 400 kvadratmeter!<\/p>\n<p>\u2013 Vi kommer til \u00e5 gj\u00f8re f\u00e5 endringer, det er bare \u00e5 sl\u00e5 et hull \u2013 s\u00e5 er vi i m\u00e5l, sa han til Se og H\u00f8r da salget ble kjent.<\/p>\n<p>Ville ha 65 milloner\t<\/p>\n<p>\u00a0Men i sommer la alts\u00e5 eksalpinisten ut en del av luksuseiendommen sin for salg.<\/p>\n<p>        HELT FEIL: Etter at deltakerne til neste \u00e5rs \u00abFarmen kjendis\u00bb ble kjent, m\u00e5 det norske nettstedet beklage til en av dem. Video: Nora Skavhaug\/ Thea Hope\/ R\u00f8d L\u00f8per<\/p>\n<p>For 65 millioner kroner kunne kj\u00f8peren blant annet sikre seg strandlinje, brygge, terrasse, stort uteomr\u00e5de og dobbeltgarasje. I tillegg til en eiendom i en av Oslos mest prestisjefylte gater \u2013 Admiral B\u00f8rresens vei.<\/p>\n<p>    <a itemprop=\"url\" href=\"https:\/\/www.seher.no\/kjendis\/det-blir-trist\/83970437\" rel=\"nofollow noopener\" target=\"_blank\"><\/p>\n<p>        <img loading=\"lazy\" decoding=\"async\" src=\"https:\/\/www.europesays.com\/no\/wp-content\/uploads\/2025\/12\/83972569.webp\" width=\"980\" height=\"441\" title=\"- Det blir trist\" alt=\"\" class=\"lazyload\" style=\"--aspect-ratio-image: 2.22; \"\/><\/p>\n<p>        &#8211; Det blir trist<\/p>\n<p>    <\/a><\/p>\n<p>Til sammen strekker de to naboenes eiendom seg ut over enorme seks m\u00e5l. Eiendomsmegler Nils Nordvik fortalte til DN at hele eiendommen potensielt kunne ha en verdi p\u00e5 over 200 millioner kroner.<\/p>\n<p> \u2013 Ligger du i f\u00f8rste rekke ved sj\u00f8en b\u00f8r det i hvert fall v\u00e6re det, sa han. <\/p>\n<p>        <img loading=\"lazy\" decoding=\"async\" src=\"https:\/\/www.europesays.com\/no\/wp-content\/uploads\/2025\/12\/83970229.webp\" width=\"686\" height=\"700\" title=\"VURDERT TIL 200 MILL: I sommer kunne man sikre seg denne fantastiske funkisvillaen. Terje H\u00e5konsen eier den venstre&#10;delen i bildet, Kjetil Andr\u00e9 Aamodt eier f\u00f8rste&#10;og andre etasje \u2013 og den st\u00f8rste hagebiten.\" alt=\"\" class=\"\" style=\"--aspect-ratio-image: 0.98; \"\/><\/p>\n<p>\n        VURDERT TIL 200 MILL: I sommer kunne man sikre seg denne fantastiske funkisvillaen. Terje H\u00e5konsen eier den venstre<br \/>\ndelen i bildet, Kjetil Andr\u00e9 Aamodt eier f\u00f8rste<br \/>\nog andre etasje \u2013 og den st\u00f8rste hagebiten.\n    <\/p>\n<p> Fikk ikke solgt &#8211; endrer planer\u00a0\t<\/p>\n<p>Aamodt bekreftet til Dagens N\u00e6ringsliv den gang at de vurderte \u00e5 selge en, to eller tre av leilighetene. Og at de ogs\u00e5 vurderte \u00e5 selge boligene samlet.<\/p>\n<p>Men for kort tid siden avsl\u00f8rte avisen at Kjetil Andr\u00e9 ikke fikk solgt sin Bygd\u00f8y-luksus \u2013 og at han i stedet ville bygge takterrasser.<\/p>\n<p>    <a itemprop=\"url\" href=\"https:\/\/www.seher.no\/kjendis\/artist-26-er-dod\/83972807\" rel=\"nofollow noopener\" target=\"_blank\"><\/p>\n<p>        <img loading=\"lazy\" decoding=\"async\" src=\"https:\/\/www.europesays.com\/no\/wp-content\/uploads\/2025\/12\/83972846.webp\" width=\"980\" height=\"441\" title=\"D\u00f8de i sparksykkelulykke\" alt=\"\" class=\"lazyload\" style=\"--aspect-ratio-image: 2.22; \"\/><\/p>\n<p>        D\u00f8de i sparksykkelulykke<\/p>\n<p>    <\/a><\/p>\n<p>Derfor s\u00f8kte han om omfattende ombygging av luksuseiendommen.<\/p>\n<p>I brev sendt til Oslo kommune s\u00f8kte han blant annet om \u00e5 f\u00e5:<\/p>\n<ul>\n<li class=\"lab-bodytext-line\">Rive og bygge h\u00f8yere annen etasje.<\/li>\n<\/ul>\n<ul>\n<li class=\"lab-bodytext-line\">Bygge to separate takterrasser.<\/li>\n<\/ul>\n<p>        <img loading=\"lazy\" decoding=\"async\" src=\"https:\/\/www.europesays.com\/no\/wp-content\/uploads\/2025\/12\/83970263.webp\" width=\"980\" height=\"559\" title=\"Avsl\u00f8rer ny plan for luksus-huset\" alt=\"\" class=\"\" style=\"--aspect-ratio-image: 1.75; \"\/><\/p>\n<p>If\u00f8lge DN viste plantegningene at b\u00e5de andre etasje og takterrassen blir delt i to, og at det settes inn trapp mellom f\u00f8rste og andre etasje.\u00a0<\/p>\n<p>Ny utvikling &#8211; har solgt\u00a0\t<\/p>\n<p>Men n\u00e5 kan Se og H\u00f8r avsl\u00f8re praktbyggets endelige skjebne. Og at Aamodt og familien n\u00e5 har funnet l\u00f8sningen p\u00e5 sin bolig-slal\u00e5m.\u00a0<\/p>\n<p>&#8211; Vi bygger tre leiligheter, sier Kjetil Andr\u00e9 Aamodt til Se og H\u00f8r.<\/p>\n<p>&#8211; Vi har solgt en leilighet allerede &#8211; og s\u00e5 beholder vi to, sier OL-vinneren &#8211; og avsl\u00f8rer samtidig at familien p\u00e5 fem blir boende i sitt dr\u00f8mmehus ved vannet.<\/p>\n","protected":false},"excerpt":{"rendered":"Bolig-slal\u00e5m for Kjetil Andr\u00e9 Aamodt N\u00e5r han ikke fikk solgt sitt 400 kvadrats dr\u00f8mmehus med privat strandlinje &#8211;&hellip;\n","protected":false},"author":2,"featured_media":111758,"comment_status":"","ping_status":"","sticky":false,"template":"","format":"standard","meta":{"footnotes":""},"categories":[59],"tags":[237,4104,479,508,30,28,29,83,82],"class_list":{"0":"post-111757","1":"post","2":"type-post","3":"status-publish","4":"format-standard","5":"has-post-thumbnail","7":"category-sport","8":"tag-bolig","9":"tag-eksklusivt","10":"tag-kjendis","11":"tag-kjetil-andre-aamodt","12":"tag-no","13":"tag-norge","14":"tag-norway","15":"tag-sport","16":"tag-sports"},"share_on_mastodon":{"url":"https:\/\/pubeurope.com\/@no\/115708783056420972","error":""},"_links":{"self":[{"href":"https:\/\/www.europesays.com\/no\/wp-json\/wp\/v2\/posts\/111757","targetHints":{"allow":["GET"]}}],"collection":[{"href":"https:\/\/www.europesays.com\/no\/wp-json\/wp\/v2\/posts"}],"about":[{"href":"https:\/\/www.europesays.com\/no\/wp-json\/wp\/v2\/types\/post"}],"author":[{"embeddable":true,"href":"https:\/\/www.europesays.com\/no\/wp-json\/wp\/v2\/users\/2"}],"replies":[{"embeddable":true,"href":"https:\/\/www.europesays.com\/no\/wp-json\/wp\/v2\/comments?post=111757"}],"version-history":[{"count":0,"href":"https:\/\/www.europesays.com\/no\/wp-json\/wp\/v2\/posts\/111757\/revisions"}],"wp:featuredmedia":[{"embeddable":true,"href":"https:\/\/www.europesays.com\/no\/wp-json\/wp\/v2\/media\/111758"}],"wp:attachment":[{"href":"https:\/\/www.europesays.com\/no\/wp-json\/wp\/v2\/media?parent=111757"}],"wp:term":[{"taxonomy":"category","embeddable":true,"href":"https:\/\/www.europesays.com\/no\/wp-json\/wp\/v2\/categories?post=111757"},{"taxonomy":"post_tag","embeddable":true,"href":"https:\/\/www.europesays.com\/no\/wp-json\/wp\/v2\/tags?post=111757"}],"curies":[{"name":"wp","href":"https:\/\/api.w.org\/{rel}","templated":true}]}}