{"id":111761,"date":"2025-12-12T21:50:38","date_gmt":"2025-12-12T21:50:38","guid":{"rendered":"https:\/\/www.europesays.com\/no\/111761\/"},"modified":"2025-12-12T21:50:38","modified_gmt":"2025-12-12T21:50:38","slug":"snoop-dogg-blir-trener-i-vinter-ol","status":"publish","type":"post","link":"https:\/\/www.europesays.com\/no\/111761\/","title":{"rendered":"Snoop Dogg blir trener i vinter-OL"},"content":{"rendered":"<p> Det skriver den amerikanske OL- og paralympisk komit\u00e9 (USOPC) <a href=\"https:\/\/www.usopc.org\/news\/2025\/december\/10\/coach-snoop-joins-the-team-behind-the-team-as-team-usa-s-first-honorary-coach\" rel=\"noopener nofollow\" target=\"_blank\">p\u00e5 sine nettsider.<\/a> De opplyser at artisten vil ta p\u00e5 seg \u00aben frivillig rolle som skal feire og st\u00f8tte USAs ut\u00f8vere utenfor konkurransearenaen\u00bb.<\/p>\n<p>Rapperen og musikkprodusenten Snoop Dogg hadde ogs\u00e5 en betydelig tilstedev\u00e6relse for USA under sommerlekene i Paris i fjor. Da fungerte han som spesialkorrespondent for TV-kanalen NBCs OL-dekning, i tillegg til \u00e5 opptre under overleveringsseremonien for Los Angeles 2028.<\/p>\n<p>\u2013 Team USA-ut\u00f8verne er de virkelige stjernene. Jeg er bare her for \u00e5 heie, l\u00f8fte dem opp og kanskje komme med litt visdom fra sidelinjen, sier \u00abCoach Snoop\u00bb i pressemeldingen.<\/p>\n<p><a href=\"https:\/\/trdby.adressa.no\/kultur\/i\/BxJ2bw\/snart-kan-du-lage-din-egen-disney-film-med-ki-helt-lovlig\" rel=\"nofollow noopener\" target=\"_blank\"> <img decoding=\"async\" src=\"data:image\/gif;base64,R0lGODlhEAAJAIAAAP\/\/\/wAAACH5BAEAAAAALAAAAAAQAAkAAAIKhI+py+0Po5yUFQA7\" alt=\"\"\/>   Snart kan du lage din egen Disney-film med KI \u2013 helt lovlig  <\/a> <\/p>\n<p>Administrerende direkt\u00f8r i USOPC, Sarah Hirshland, skryter av rappstjernens evne til \u00e5 spre entusiasme rundt seg.<\/p>\n<p>\u2013 Fra det \u00f8yeblikket Snoop m\u00f8tte USA-ut\u00f8verne, var det en umiddelbar tilknytning, gjensidig respekt, ekte nysgjerrighet og mye latter. Hans entusiasme for den olympiske og paralympiske bevegelsen er smittsom, sier hun.<\/p>\n<p>Rapperen, som opprinnelig heter er Calvin Cordozar Broadus Jr, har en stor lidenskap for idrett. Han opprettet Snoop Youth Football League i 2005 for \u00e5 gi barn i storbyomr\u00e5der muligheten til \u00e5 spille amerikansk fotball p\u00e5 stadioner rundt omkring i USA.<\/p>\n<p>Vinterlekene arrangeres i Milano og Cortina i Italia fra 6. til 22. februar.<\/p>\n<p><a href=\"https:\/\/trdby.adressa.no\/aktuelt\/i\/L40Lbp\/mobbetallene-gaar-ned-tror-det-har-noe-med-at-mobilen-er-ute-av-klasserommet\" rel=\"nofollow noopener\" target=\"_blank\"> <img decoding=\"async\" src=\"data:image\/gif;base64,R0lGODlhEAAJAIAAAP\/\/\/wAAACH5BAEAAAAALAAAAAAQAAkAAAIKhI+py+0Po5yUFQA7\" alt=\"\"\/>   Mobbetallene g\u00e5r ned &#8211; tror det har noe med at mobilen er ute av klasserommet   <\/a> <\/p>\n","protected":false},"excerpt":{"rendered":"Det skriver den amerikanske OL- og paralympisk komit\u00e9 (USOPC) p\u00e5 sine nettsider. De opplyser at artisten vil ta&hellip;\n","protected":false},"author":2,"featured_media":111762,"comment_status":"","ping_status":"","sticky":false,"template":"","format":"standard","meta":{"footnotes":""},"categories":[59],"tags":[30,28,29,526,13633,83,82,50,3428],"class_list":{"0":"post-111761","1":"post","2":"type-post","3":"status-publish","4":"format-standard","5":"has-post-thumbnail","7":"category-sport","8":"tag-no","9":"tag-norge","10":"tag-norway","11":"tag-ol","12":"tag-snoop-dogg","13":"tag-sport","14":"tag-sports","15":"tag-usa","16":"tag-vinter-ol"},"share_on_mastodon":{"url":"https:\/\/pubeurope.com\/@no\/115708809949098243","error":""},"_links":{"self":[{"href":"https:\/\/www.europesays.com\/no\/wp-json\/wp\/v2\/posts\/111761","targetHints":{"allow":["GET"]}}],"collection":[{"href":"https:\/\/www.europesays.com\/no\/wp-json\/wp\/v2\/posts"}],"about":[{"href":"https:\/\/www.europesays.com\/no\/wp-json\/wp\/v2\/types\/post"}],"author":[{"embeddable":true,"href":"https:\/\/www.europesays.com\/no\/wp-json\/wp\/v2\/users\/2"}],"replies":[{"embeddable":true,"href":"https:\/\/www.europesays.com\/no\/wp-json\/wp\/v2\/comments?post=111761"}],"version-history":[{"count":0,"href":"https:\/\/www.europesays.com\/no\/wp-json\/wp\/v2\/posts\/111761\/revisions"}],"wp:featuredmedia":[{"embeddable":true,"href":"https:\/\/www.europesays.com\/no\/wp-json\/wp\/v2\/media\/111762"}],"wp:attachment":[{"href":"https:\/\/www.europesays.com\/no\/wp-json\/wp\/v2\/media?parent=111761"}],"wp:term":[{"taxonomy":"category","embeddable":true,"href":"https:\/\/www.europesays.com\/no\/wp-json\/wp\/v2\/categories?post=111761"},{"taxonomy":"post_tag","embeddable":true,"href":"https:\/\/www.europesays.com\/no\/wp-json\/wp\/v2\/tags?post=111761"}],"curies":[{"name":"wp","href":"https:\/\/api.w.org\/{rel}","templated":true}]}}