{"id":111765,"date":"2025-12-12T21:57:41","date_gmt":"2025-12-12T21:57:41","guid":{"rendered":"https:\/\/www.europesays.com\/no\/111765\/"},"modified":"2025-12-12T21:57:41","modified_gmt":"2025-12-12T21:57:41","slug":"sport-helse-apenhjertig-rekdal-om-kreftdiagnosen-du-blir-mentalt-slatt-over-ende","status":"publish","type":"post","link":"https:\/\/www.europesays.com\/no\/111765\/","title":{"rendered":"Sport, Helse | \u00c5penhjertig Rekdal om kreftdiagnosen: \u2013 Du blir mentalt sl\u00e5tt over ende"},"content":{"rendered":"\n<p>Aalesund slapp aldri Bryne inn i kampen om den siste billetten til neste \u00e5rs eliteserie. Etter 0-1 torsdag kunne Rekdal og elevene starte feiringen.<\/p>\n<p>I intervjuet med TV 2 ble AaFK-treneren overmannet av f\u00f8lelser. Etter \u00e5 ha satt noen f\u00e5 ord p\u00e5 gleden han kjente p\u00e5, m\u00e5tte assistenttrener Geir Frig\u00e5rd ta over.<\/p>\n<p>\u2013 Det har v\u00e6rt en t\u00f8ff h\u00f8st. Kjetil har st\u00e5tt midt oppe i det. N\u00e5 ser det veldig bra ut med Kjetil, og det er vi veldig glade for, sa han.<\/p>\n<p>Rekdal ble tidligere i h\u00f8st operert for kreft, og har v\u00e6rt sykmeldt den siste tiden. I garderoben snakket Rekdal mer med TV 2 om egen situasjon.<\/p>\n<p>\u2013 Dette er veldig spesielt. Jeg er ekstremt stolt over det spillerne og st\u00f8tteapparatet har bidratt med. Samtidig er jeg preget av det som har skjedd gjennom h\u00f8sten, med en operasjon og all den uvissheten. Det er gode tilbakemeldinger, og s\u00e5 f\u00e5r jeg bare v\u00e6re litt t\u00e5lmodig, sa han.<\/p>\n<p>\u2013 Det g\u00e5r sakte, men sikkert bedre, men samtidig er du p\u00e5 en fotballkamp der du er til stede p\u00e5 en annen m\u00e5te enn f\u00f8r. Det er litt rart, sa AaFK-treneren ogs\u00e5.<\/p>\n<p>Vil ta tid<\/p>\n<p>En \u00e5penhjertig Rekdal legger ikke skjul p\u00e5 at han har en vanskelig tid bak seg.<\/p>\n<p>\u2013 Det har v\u00e6rt ekstremt t\u00f8ft. Jeg vet at det er mange andre som har hatt det t\u00f8ft og til og med t\u00f8ffere. Jeg skal ikke sutre for mye, men du blir mentalt sl\u00e5tt over ende, sa AaFK-treneren \u2013 og la til:<\/p>\n<p>\u2013 Hverdagen din blir helt annerledes. Du sliter med \u00e5 sove. Du begynner \u00e5 f\u00e5 negative tanker. Angsten du har for andre ting tar plutselig overh\u00e5nd. N\u00e5r du h\u00f8rer ordet kreft, er det et sjokk. Det har v\u00e6rt beint\u00f8ft.<\/p>\n<p>Overfor TV 2 r\u00f8per trenerprofilen at han er p\u00e5 bedringens vei.<\/p>\n<p>\u2013 Jeg skal n\u00e5 p\u00e5 en seksukerskontroll. Det vil nok ta tid f\u00f8r jeg blir som jeg var. Det mentale m\u00e5 det jobbes med, sa Rekdal.<\/p>\n<p>Hverdagen bruker han n\u00e5 til lange turer og flere \u00f8kter med styrketrening. Han bor i Ottestad.<\/p>\n<p>   <img decoding=\"async\" width=\"5868\" height=\"3912\" fetchpriority=\"low\"  loading=\"lazy\"  src=\"https:\/\/www.europesays.com\/no\/wp-content\/uploads\/2025\/12\/NTB_uEPYUv3tSlU.jpg\" alt=\"\u00c5lesund 20251211. &#10;Aalesunds supportere med st\u00f8tteerkl\u00e6ring til trener Kjetil Rekdal som nylig ble behandlet for kreft. Kvalifiseringskampen til Eliteserien i fotball mellom Aalesund og Bryne p\u00e5 Color Line Stadion.&#10;Foto: Svein Ove Ekornesv\u00e5g \/ NTB\" class=\"brick-c-cFOWSL\" style=\"--brick-image-ratio: 5868 \/ 3912;\"\/><\/p>\n<p>      Aalesunds supportere med st\u00f8tteerkl\u00e6ring til trener Kjetil Rekdal.<br \/>\n      Foto: Svein Ove Ekornesv\u00e5g\n    <\/p>\n<p>  Knockout<\/p>\n<p>Aalesund slo knockout p\u00e5 Bryne i den f\u00f8rste av de to avgj\u00f8rende kvalifiseringsfinalene sist helg. Torsdag var aldri 4-0-seieren p\u00e5 J\u00e6ren i n\u00e6rheten av \u00e5 bli spist opp i returoppgj\u00f8ret.<\/p>\n<p>Dermed kunne AaFK-spillerne og trener Rekdal slippe jubelen l\u00f8s foran egne fans.<\/p>\n<p>Torsdag var trenerprofilen h\u00f8yst delaktig p\u00e5 benken, selv om assistenttrener Frig\u00e5rd hadde det beste taket om taktpinnen.<\/p>\n<p>Aalesund er tilbake p\u00e5 \u00f8verste niv\u00e5 i norsk fotball etter to \u00e5rs frav\u00e6r. Trener Rekdal har tidligere rykket opp til eliteserien med b\u00e5de HamKam og V\u00e5lerenga.<\/p>\n<p>Torsdag gjorde han det igjen.<\/p>\n","protected":false},"excerpt":{"rendered":"Aalesund slapp aldri Bryne inn i kampen om den siste billetten til neste \u00e5rs eliteserie. Etter 0-1 torsdag&hellip;\n","protected":false},"author":2,"featured_media":111766,"comment_status":"","ping_status":"","sticky":false,"template":"","format":"standard","meta":{"footnotes":""},"categories":[59],"tags":[36,134,92,736,30,28,29,83,82,1510],"class_list":{"0":"post-111765","1":"post","2":"type-post","3":"status-publish","4":"format-standard","5":"has-post-thumbnail","7":"category-sport","8":"tag-art","9":"tag-eliteserien","10":"tag-fotball","11":"tag-helse","12":"tag-no","13":"tag-norge","14":"tag-norway","15":"tag-sport","16":"tag-sports","17":"tag-story"},"share_on_mastodon":{"url":"https:\/\/pubeurope.com\/@no\/115708837616393222","error":""},"_links":{"self":[{"href":"https:\/\/www.europesays.com\/no\/wp-json\/wp\/v2\/posts\/111765","targetHints":{"allow":["GET"]}}],"collection":[{"href":"https:\/\/www.europesays.com\/no\/wp-json\/wp\/v2\/posts"}],"about":[{"href":"https:\/\/www.europesays.com\/no\/wp-json\/wp\/v2\/types\/post"}],"author":[{"embeddable":true,"href":"https:\/\/www.europesays.com\/no\/wp-json\/wp\/v2\/users\/2"}],"replies":[{"embeddable":true,"href":"https:\/\/www.europesays.com\/no\/wp-json\/wp\/v2\/comments?post=111765"}],"version-history":[{"count":0,"href":"https:\/\/www.europesays.com\/no\/wp-json\/wp\/v2\/posts\/111765\/revisions"}],"wp:featuredmedia":[{"embeddable":true,"href":"https:\/\/www.europesays.com\/no\/wp-json\/wp\/v2\/media\/111766"}],"wp:attachment":[{"href":"https:\/\/www.europesays.com\/no\/wp-json\/wp\/v2\/media?parent=111765"}],"wp:term":[{"taxonomy":"category","embeddable":true,"href":"https:\/\/www.europesays.com\/no\/wp-json\/wp\/v2\/categories?post=111765"},{"taxonomy":"post_tag","embeddable":true,"href":"https:\/\/www.europesays.com\/no\/wp-json\/wp\/v2\/tags?post=111765"}],"curies":[{"name":"wp","href":"https:\/\/api.w.org\/{rel}","templated":true}]}}