{"id":111773,"date":"2025-12-12T22:18:11","date_gmt":"2025-12-12T22:18:11","guid":{"rendered":"https:\/\/www.europesays.com\/no\/111773\/"},"modified":"2025-12-12T22:18:11","modified_gmt":"2025-12-12T22:18:11","slug":"tv-kastet-ut-av-vindu","status":"publish","type":"post","link":"https:\/\/www.europesays.com\/no\/111773\/","title":{"rendered":"\u2013 TV kastet ut av vindu"},"content":{"rendered":"\n<p class=\"_lead_o9xde_2 _lead_xtcu6_50 layout-component text-serif-m layout-normal text-serif-l layout-component layout-wide layout-padded _wide_17hqh_1 layout-padded\">Bursdagsfesten tok av \u2013 if\u00f8lge politiet er det gjort skadeverk i flere etasjer. N\u00e5 har de anholdt tre personer. <\/p>\n<p><img alt=\"Her ligger TV-en som if\u00f8lge politiet er kastet ut av vinduet i fjerde etasje fra hotellet.  Foto: H\u00e5kon Wikan, Harstad Tidende\" class=\"_image_qp4xg_65 layout-component layout-wide\" data-fullscreen- data-track-element-type=\"Article image fullscreen\" data-track-name=\"ImageFullscreen\" fetchpriority=\"high\" decoding=\"sync\" loading=\"eager\" height=\"3000\" itemprop=\"image\"  src=\"https:\/\/www.europesays.com\/no\/wp-content\/uploads\/2025\/12\/1253d4cd-1a2c-4a65-92e6-b1b3eb215b3e\"  style=\"object-position:0% 0%\" width=\"4000\"\/>Her ligger TV-en som if\u00f8lge politiet er kastet ut av vinduet i fjerde etasje fra hotellet.  Foto: H\u00e5kon Wikan, Harstad Tidende<\/p>\n<ul aria-hidden=\"true\" class=\"_images_ntbth_112\">\n<li><a class=\"_link_ntbth_117\" href=\"https:\/\/www.vg.no\/forfatter\/preben-soerensen-olsen\" style=\"z-index:2\" title=\"Preben S\u00f8rensen Olsen\" rel=\"nofollow noopener\" target=\"_blank\"><img alt=\"Bilde av Preben S\u00f8rensen Olsen\" class=\"_image_ntbth_93\" fetchpriority=\"low\" loading=\"lazy\" decoding=\"async\" itemprop=\"image\"  src=\"https:\/\/www.europesays.com\/no\/wp-content\/uploads\/2025\/12\/1765577889_430_64aa1fb4-b39a-43ab-9306-fd34402fdbb9\"  width=\"480\"\/><\/a><\/li>\n<li><a class=\"_link_ntbth_117\" href=\"https:\/\/www.vg.no\/forfatter\/gyrid-friis-edland\" style=\"z-index:1\" title=\"Gyrid Friis Edland\" rel=\"nofollow noopener\" target=\"_blank\"><img alt=\"Bilde av Gyrid Friis Edland\" class=\"_image_ntbth_93\" fetchpriority=\"low\" loading=\"lazy\" decoding=\"async\" itemprop=\"image\"  src=\"https:\/\/www.europesays.com\/no\/wp-content\/uploads\/2025\/12\/eda2caeb-5adb-4a95-823f-1f8f04f5c1a3\"  width=\"480\"\/><\/a><\/li>\n<\/ul>\n<p> Oppdatert fredag 12. desember kl. 22:51     <\/p>\n<p class=\"_paragraph_o9xde_4 _paragraph_xtcu6_10 layout-component text-serif-m layout-normal text-serif-m layout-padded\">Skadeverket skjedde p\u00e5 F2-hotellet i <a href=\"https:\/\/www.vg.no\/tag\/harstad?utm_source=vg-article&amp;utm_medium=auto-tagger&amp;utm_campaign=XMwLdr\" class=\"_link_o9xde_39\" rel=\"nofollow noopener\" target=\"_blank\">Harstad<\/a>. <\/p>\n<p class=\"_paragraph_o9xde_4 _paragraph_xtcu6_10 layout-component text-serif-m layout-normal text-serif-m layout-padded\">\u2013 Det meldes om knust inventar i flere etasjer, samt en TV som er kastet ut av et vindu i fjerde etasje. Det vi vet forel\u00f8pig er at det har v\u00e6rt fest p\u00e5 minst to rom. Tre personer er per n\u00e5 anholdt av politiet, skriver operasjonsleder Karl Erik Thomassen i Troms politidistrikt i loggen. <\/p>\n<p class=\"_paragraph_o9xde_4 _paragraph_xtcu6_10 layout-component text-serif-m layout-normal text-serif-m layout-padded\">Til VG forteller Thomassen at patruljer er til stede p\u00e5 hotellet sent fredag kveld. <\/p>\n<p class=\"_paragraph_o9xde_4 _paragraph_xtcu6_10 layout-component text-serif-m layout-normal text-serif-m layout-padded\">\u2013 Vi er i kontakt med parter som vi har mistanke om har v\u00e6rt sentral, sier han. <\/p>\n<p class=\"_paragraph_o9xde_4 _paragraph_xtcu6_10 layout-component text-serif-m layout-normal text-serif-m layout-padded\">Han opplyser at politiet har f\u00e5tt flere meldinger om st\u00f8y fra hotellet i l\u00f8pet av kvelden. <\/p>\n<p class=\"_paragraph_o9xde_4 _paragraph_xtcu6_10 layout-component text-serif-m layout-normal text-serif-m layout-padded\">\u2013 Vi har v\u00e6rt der nede tidligere uten at det har skjedd noe. Men n\u00e5 tok det litt av. Etter sigende er det en bursdagsfeiring som har g\u00e5tt over styr, sier Thomassen. <\/p>\n<p>    <img decoding=\"async\" alt=\"Tips oss illustrasjon\" src=\"https:\/\/www.europesays.com\/no\/wp-content\/uploads\/2025\/10\/pssst-small.webp.webp\"\/>    <\/p>\n<p class=\"title-serif-s\">Har du tips?<\/p>\n<p class=\"text-sans-m\">Send oss informasjon, bilder eller video.<\/p>\n<p>  <a href=\"https:\/\/www.vg.no\/tips-oss\" rel=\"nofollow noopener\" target=\"_blank\"> Tips oss <\/a>      <\/p>\n","protected":false},"excerpt":{"rendered":"Bursdagsfesten tok av \u2013 if\u00f8lge politiet er det gjort skadeverk i flere etasjer. N\u00e5 har de anholdt tre&hellip;\n","protected":false},"author":2,"featured_media":111774,"comment_status":"","ping_status":"","sticky":false,"template":"","format":"standard","meta":{"footnotes":""},"categories":[10],"tags":[31,20,21,24,25,370,15,1097,22,23,13,30,28,29,14,16,26,27,1625],"class_list":{"0":"post-111773","1":"post","2":"type-post","3":"status-publish","4":"format-standard","5":"has-post-thumbnail","7":"category-norge","8":"tag-breaking","9":"tag-breaking-news","10":"tag-breakingnews","11":"tag-featured-news","12":"tag-featurednews","13":"tag-harstad","14":"tag-headlines","15":"tag-hotell","16":"tag-latest-news","17":"tag-latestnews","18":"tag-news","19":"tag-no","20":"tag-norge","21":"tag-norway","22":"tag-nyheter","23":"tag-overskrifter","24":"tag-top-stories","25":"tag-topstories","26":"tag-troms-politidistrikt"},"share_on_mastodon":{"url":"https:\/\/pubeurope.com\/@no\/115708920281153967","error":""},"_links":{"self":[{"href":"https:\/\/www.europesays.com\/no\/wp-json\/wp\/v2\/posts\/111773","targetHints":{"allow":["GET"]}}],"collection":[{"href":"https:\/\/www.europesays.com\/no\/wp-json\/wp\/v2\/posts"}],"about":[{"href":"https:\/\/www.europesays.com\/no\/wp-json\/wp\/v2\/types\/post"}],"author":[{"embeddable":true,"href":"https:\/\/www.europesays.com\/no\/wp-json\/wp\/v2\/users\/2"}],"replies":[{"embeddable":true,"href":"https:\/\/www.europesays.com\/no\/wp-json\/wp\/v2\/comments?post=111773"}],"version-history":[{"count":0,"href":"https:\/\/www.europesays.com\/no\/wp-json\/wp\/v2\/posts\/111773\/revisions"}],"wp:featuredmedia":[{"embeddable":true,"href":"https:\/\/www.europesays.com\/no\/wp-json\/wp\/v2\/media\/111774"}],"wp:attachment":[{"href":"https:\/\/www.europesays.com\/no\/wp-json\/wp\/v2\/media?parent=111773"}],"wp:term":[{"taxonomy":"category","embeddable":true,"href":"https:\/\/www.europesays.com\/no\/wp-json\/wp\/v2\/categories?post=111773"},{"taxonomy":"post_tag","embeddable":true,"href":"https:\/\/www.europesays.com\/no\/wp-json\/wp\/v2\/tags?post=111773"}],"curies":[{"name":"wp","href":"https:\/\/api.w.org\/{rel}","templated":true}]}}