{"id":111775,"date":"2025-12-12T22:25:11","date_gmt":"2025-12-12T22:25:11","guid":{"rendered":"https:\/\/www.europesays.com\/no\/111775\/"},"modified":"2025-12-12T22:25:11","modified_gmt":"2025-12-12T22:25:11","slug":"na-blir-reder-per-saevik-i-havila-pensjonist-nrk-more-og-romsdal-lokale-nyheter-tv-og-radio","status":"publish","type":"post","link":"https:\/\/www.europesays.com\/no\/111775\/","title":{"rendered":"N\u00e5 blir reder Per S\u00e6vik i Havila pensjonist \u2013 NRK M\u00f8re og Romsdal \u2013 Lokale nyheter, TV og radio"},"content":{"rendered":"<p>F\u00e5 personer har preget Kyst-Norge slik Per S\u00e6vik har gjort. I flere ti\u00e5r har han v\u00e6rt en av de mest markante drivkreftene innen maritim n\u00e6ringsutvikling.<\/p>\n<p>Men n\u00e5 legger han fra seg rollen som toppleder.<\/p>\n<p>Fredag m\u00f8tte Per S\u00e6vik opp i Diamanten, kontorbygget til Havila i Fosnav\u00e5g, for sin siste ordin\u00e6re arbeidsdag.<\/p>\n<p>\u2013 Det er merkelig etter at du har holdt p\u00e5 s\u00e5pass lenge at du har kommet dit at n\u00e5 er det definitivt slutt, med lederfunksjonen i alle fall.<\/p>\n<p><img decoding=\"async\"   src=\"data:image\/gif;base64,R0lGODlhAQABAIAAAAAAAP\/\/\/yH5BAEAAAAALAAAAAABAAEAAAIBRAA7\" loading=\"eager\" alt=\"Eldre mann i dress sitter ved et skrivebord p\u00e5 et kontor med utsikt over sj\u00f8en. Mange permer fyller en hylle. En bunke med b\u00f8ker ligger p\u00e5 skrivebordet. En skjerm og en trebrett med kontorrekvisita er synlig. (Bildebeskrivelsen er laget av en KI-tjeneste)\" title=\"Foto: Arne Flatin \/ NRK\"\/><\/p>\n<p class=\"\">Per S\u00e6vik skal beholde kontoret selv om han gir seg som toppleder. <\/p>\n<p>Foto: Arne Flatin \/ NRK<\/p>\n<p>Han klarer likevel ikke \u00e5 gi helt slipp. Kontoret sitt skal han beholde. Han vil fortsatt f\u00f8lge med p\u00e5 deler av aktiviteten, men n\u00e5 skal barna f\u00e5 overta Havila-konsernet.<\/p>\n<p><strong>\u2013 Det er klart n\u00e5r mine etterkommere er pluss minus 50 \u00e5r, s\u00e5 er det p\u00e5 h\u00f8y tid at de f\u00e5r frie t\u00f8yler, humrer S\u00e6vik. <\/strong><\/p>\n<p><img decoding=\"async\"   src=\"data:image\/gif;base64,R0lGODlhAQABAIAAAAAAAP\/\/\/yH5BAEAAAAALAAAAAABAAEAAAIBRAA7\" loading=\"eager\" alt=\"Tre personer if\u00f8rt pene, men uformelle kl\u00e6r st\u00e5r foran en steinbygning med glassd\u00f8rer. Omgivelsene antyder en formell eller forretningsmessig setting. Det ser ut til \u00e5 v\u00e6re en offentlig eller bedriftsbygning i bakgrunnen. (Bildebeskrivelsen er laget av en KI-tjeneste)\" title=\"Foto: Arne Flatin \/ NRK\"\/><\/p>\n<p class=\"\">Vegard, Per og Nj\u00e5l S\u00e6vik. <\/p>\n<p>Foto: Arne Flatin \/ NRK<\/p>\n<p>Rodde \u00e9n nautisk mil som seks\u00e5ring<\/p>\n<p>For \u00e5 bygge opp et familiekonsern, m\u00e5 du v\u00e6re modig. Og Per S\u00e6vik begynte tidlig \u00e5 teste hva som var mulig \u00e5 f\u00e5 til. Allerede som seks\u00e5ring rodde han fra S\u00e6vikane p\u00e5 Rem\u00f8ya, og over til Fosnav\u00e5gen.<\/p>\n<p><strong>\u2013 Det er en strekning p\u00e5 \u00e9n nautisk mil. Det gjorde jeg for \u00e5 se om jeg greide det, og det har nok v\u00e6rt noe som jeg har hengt ved senere ogs\u00e5. At det har v\u00e6rt spennende \u00e5 pr\u00f8ve ting og se om man fikk det til, sier han. <\/strong><\/p>\n<p>Gr\u00fcnderen har s\u00e5 absolutt f\u00e5tt det til. Han estimerer at det er 1500 ansatte i Havila- gruppa, som har eierskap i en rekke selskaper blant annet innen offshore, fiskeri, transport, skipsteknologi, eiendom og reiseliv.<\/p>\n<p><img decoding=\"async\"   src=\"data:image\/gif;base64,R0lGODlhAQABAIAAAAAAAP\/\/\/yH5BAEAAAAALAAAAAABAAEAAAIBRAA7\" loading=\"eager\" alt=\"Nj\u00e5l og Per S\u00e6vik p\u00e5 Gardermoen etter at avtalen om Havile er klar. P\u00e5 vei til styrem\u00f8te.\" title=\"Foto: Frode Berg\"\/><\/p>\n<p class=\"\">Nj\u00e5l og Per S\u00e6vik p\u00e5 Gardermoen etter at avtalen om Havila var klar. <\/p>\n<p>Foto: Frode Berg<\/p>\n<p>Men S\u00e6vik innr\u00f8mmer ogs\u00e5 at det har v\u00e6rt feilskj\u00e6r og vanskelige tider. Han har tidligere fortalt om hvordan det var da familiebedriften holdt p\u00e5 \u00e5 g\u00e5 konkurs.<a href=\"https:\/\/www.nrk.no\/mr\/per-saevik_-_-offshorenaeringa-har-tatt-kollektivt-sjolvmord-1.13697412\" ec-id=\"pp:article:1.13697412\" ec-name=\"I et helt \u00e5r var Havila i gjeldsforhandlinger med 11 ulike banker, aksjon\u00e6rer og obligasjonseiere.\" rel=\"nofollow noopener\" target=\"_blank\"> I et helt \u00e5r var Havila i gjeldsforhandlinger med 11 ulike banker, aksjon\u00e6rer og obligasjonseiere. <\/a><\/p>\n<p>Og det smertet da de m\u00e5tte selge Fjord1, men han er ikke en mann som dveler ved slikt.<\/p>\n<p><strong>\u2013 Du m\u00e5 bare pr\u00f8ve igjen, hvis du har hatt et feilskj\u00e6r.<\/strong><\/p>\n<p><strong>\u2013 Dette med \u00e5 skape aktivitet og vekst, prim\u00e6rt p\u00e5 kysten av Vestlandet, det tror jeg er det som har v\u00e6rt en vesentlig del av drivkraften, sier S\u00e6vik. <\/strong><\/p>\n<p>\u2013 En foregangsmann<\/p>\n<p>Her\u00f8y er kjent for sitt rike n\u00e6ringsliv knyttet til fiskeri og maritime virksomheter. \u00c5ge Rem\u00f8y, grunnlegger av REM Offshore, sier Per S\u00e6vik har v\u00e6rt et forbilde for mange andre i kommunen og regionen.<\/p>\n<p>\u2013 Han har jo v\u00e6rt en foregangsmann p\u00e5 alt innenfor offshore, sl\u00e5r Rem\u00f8y fast. tillegg mener han S\u00e6vik var tidlig ute. <\/p>\n<p>\u2013 S\u00e5 han var v\u00e5r ledestjerne, sier Rem\u00f8y.<\/p>\n<p><img decoding=\"async\"   src=\"data:image\/gif;base64,R0lGODlhAQABAIAAAAAAAP\/\/\/yH5BAEAAAAALAAAAAABAAEAAAIBRAA7\" loading=\"eager\" alt=\"To menn sitter ved siden av hverandre p\u00e5 en sofa i et rom med n\u00f8ytrale farger. Den ene mannen har jakke, mens den andre b\u00e6rer dress. Begge har lys skjorte under plaggene. (Bildebeskrivelsen er laget av en KI-tjeneste)\" title=\"Foto: Arne Flatin \/ NRK\"\/><\/p>\n<p class=\"\">\u00c5ge Rem\u00f8y, grunnlegger av REM Offshore, sammen med Per S\u00e6vik.<\/p>\n<p>Foto: Arne Flatin \/ NRK<\/p>\n<p>\u2013 Et forbilde<\/p>\n<p>Innsatsen har blitt lagt merke til. Han har f\u00e5tt mange utmerkelser. For sitt bidrag til skipsfartsn\u00e6ringen er Per S\u00e6vik sl\u00e5tt til Ridder av f\u00f8rste klasse av kongen. Han har hatt lederverv i flere organisasjoner, i tillegg har S\u00e6vik v\u00e6rt b\u00e5de stortingsrepresentant og ordf\u00f8rer.<\/p>\n<p>KrF-leder Dag Inge Ulstein, sier innsatsen til Per S\u00e6vik har betydd mye for hele samfunnet og landet. Ikke bare i form av alle ledervervene han har hatt, og i kapasitet som nestleder for Kontrollkomitten p\u00e5 Stortinget, men ogs\u00e5 hvordan han har v\u00e6rt opptatt av \u00e5 bygge landet med gode verdier.<\/p>\n<p>\u2013 Mange av disse usynlige engasjementene som Per har hatt, er et forbilde for meg og for veldig mange andre yngre ledere, sier Dag Inge Ulstein. <\/p>\n<p>Han har gjerne tatt imot r\u00e5d n\u00e5r de har kommet inn fra Her\u00f8y.<\/p>\n<p>\u2013 Han er en samfunnsbygger av rang som det ikke fins mange av i landet, sier Ulstein. <\/p>\n<p>Mener mulighetene fortsatt ligger i havet<\/p>\n<p>Selv synes Per S\u00e6vik, n\u00e5r han ser tilbake p\u00e5 et langt og aktivt yrkesliv, at han har f\u00e5tt opplevd veldig mye spennende. Han mener ogs\u00e5 at hans generasjon har opplevd den st\u00f8rste utviklingen som har v\u00e6rt i samfunnet noen gang.<\/p>\n<p><strong>\u2013 Det har v\u00e6rt uante muligheter. Og jeg er helt sikker p\u00e5, at for oss som er kystfolk og havrelaterte folk, s\u00e5 er det mot havet, mot den delen av n\u00e6ringslivet, v\u00e5re muligheter ligger fortsatt, avslutter S\u00e6vik. <\/strong><\/p>\n<p><img decoding=\"async\"   src=\"data:image\/gif;base64,R0lGODlhAQABAIAAAAAAAP\/\/\/yH5BAEAAAAALAAAAAABAAEAAAIBRAA7\" loading=\"eager\" alt=\"81 \u00e5r gamle Per S\u00e6vik p\u00e5 brua p\u00e5 skipet Havila Castor under konferansen om Stad skipstunnel.\" title=\"Foto: B\u00e5rd Siem\"\/><\/p>\n<p class=\"\">81 \u00e5r gamle Per S\u00e6vik p\u00e5 brua p\u00e5 skipet Havila Castor under konferansen om Stad skipstunnel.<\/p>\n<p>Foto: B\u00e5rd Siem<\/p>\n<p>Publisert<\/p>\n<p>12.12.2025, kl. 19.38<\/p>\n<p>Oppdatert<\/p>\n<p>12.12.2025, kl. 20.13<\/p>\n","protected":false},"excerpt":{"rendered":"F\u00e5 personer har preget Kyst-Norge slik Per S\u00e6vik har gjort. I flere ti\u00e5r har han v\u00e6rt en av&hellip;\n","protected":false},"author":2,"featured_media":111776,"comment_status":"","ping_status":"","sticky":false,"template":"","format":"standard","meta":{"footnotes":""},"categories":[10],"tags":[20,21,24,25,15,22,23,13,30,28,29,14,16,26,27],"class_list":{"0":"post-111775","1":"post","2":"type-post","3":"status-publish","4":"format-standard","5":"has-post-thumbnail","7":"category-norge","8":"tag-breaking-news","9":"tag-breakingnews","10":"tag-featured-news","11":"tag-featurednews","12":"tag-headlines","13":"tag-latest-news","14":"tag-latestnews","15":"tag-news","16":"tag-no","17":"tag-norge","18":"tag-norway","19":"tag-nyheter","20":"tag-overskrifter","21":"tag-top-stories","22":"tag-topstories"},"share_on_mastodon":{"url":"https:\/\/pubeurope.com\/@no\/115708947536396173","error":""},"_links":{"self":[{"href":"https:\/\/www.europesays.com\/no\/wp-json\/wp\/v2\/posts\/111775","targetHints":{"allow":["GET"]}}],"collection":[{"href":"https:\/\/www.europesays.com\/no\/wp-json\/wp\/v2\/posts"}],"about":[{"href":"https:\/\/www.europesays.com\/no\/wp-json\/wp\/v2\/types\/post"}],"author":[{"embeddable":true,"href":"https:\/\/www.europesays.com\/no\/wp-json\/wp\/v2\/users\/2"}],"replies":[{"embeddable":true,"href":"https:\/\/www.europesays.com\/no\/wp-json\/wp\/v2\/comments?post=111775"}],"version-history":[{"count":0,"href":"https:\/\/www.europesays.com\/no\/wp-json\/wp\/v2\/posts\/111775\/revisions"}],"wp:featuredmedia":[{"embeddable":true,"href":"https:\/\/www.europesays.com\/no\/wp-json\/wp\/v2\/media\/111776"}],"wp:attachment":[{"href":"https:\/\/www.europesays.com\/no\/wp-json\/wp\/v2\/media?parent=111775"}],"wp:term":[{"taxonomy":"category","embeddable":true,"href":"https:\/\/www.europesays.com\/no\/wp-json\/wp\/v2\/categories?post=111775"},{"taxonomy":"post_tag","embeddable":true,"href":"https:\/\/www.europesays.com\/no\/wp-json\/wp\/v2\/tags?post=111775"}],"curies":[{"name":"wp","href":"https:\/\/api.w.org\/{rel}","templated":true}]}}