{"id":111777,"date":"2025-12-12T22:32:52","date_gmt":"2025-12-12T22:32:52","guid":{"rendered":"https:\/\/www.europesays.com\/no\/111777\/"},"modified":"2025-12-12T22:32:52","modified_gmt":"2025-12-12T22:32:52","slug":"quiz-i-dagbladet-2025-uke-50","status":"publish","type":"post","link":"https:\/\/www.europesays.com\/no\/111777\/","title":{"rendered":"Quiz i Dagbladet 2025, uke 50"},"content":{"rendered":"<p>  President Donald Trump, Bill Clinton og Bill Gates er blant de avbildede. N\u00e5 tordner Det hvite hus.\u00a0<\/p>\n<p>\n    AVBILDET: President Donald Trump er med i flere av bildene, her avbildet sammen med seks ukjente kvinner. Foto: House Oversight Democrats\n  <\/p>\n<p>Tilsynskomiteen i Representantenes hus har mottatt 95 000 nye bilder fra innsiden av Jeffrey Epsteins luksushjem, opplyser de p\u00e5 <a href=\"https:\/\/x.com\/OversightDems\/status\/1999498082493280689?s=20\" target=\"_blank\" rel=\"nofollow\">X<\/a>.<\/p>\n<p class=\"font-weight-bold m-font-weight-bold\" data-lab-font_weight=\"font-weight-bold\">19 av disse er offentliggjort fredag.<\/p>\n<p>Bildene viser blant annet Donald Trump, Bill Clinton, Steve Bannon, Bill Gates og tidligere prins Andrew &#8211; menn som\u00a0tidligere har blitt knyttet til Epstein.<\/p>\n<p>Det bekrefter\u00a0Robert Garcia, den \u00f8verste demokraten i tilsynskomiteen, i en uttalelse.<\/p>\n<blockquote class=\"twitter-tweet\">\n<p lang=\"en\" dir=\"ltr\">\ud83d\udea8 BREAKING: Oversight Dems received 95,000 new photos from Jeffrey Epstein&#8217;s estate. These disturbing images raise even more questions about Epstein and his relationships with some of the most powerful men in the world.<\/p>\n<p>Time to end this White House cover-up. Release the files! <a href=\"https:\/\/t.co\/nQNIywayb9\" rel=\"nofollow\">pic.twitter.com\/nQNIywayb9<\/a><\/p>\n<p>\u2014 Oversight Dems (@OversightDems) <a href=\"https:\/\/twitter.com\/OversightDems\/status\/1999498082493280689?ref_src=twsrc%5Etfw\" rel=\"nofollow noopener\" target=\"_blank\">December 12, 2025<\/a><\/p><\/blockquote>\n<p>Bildene er publisert uten bildetekster eller kontekst. Ett av bildene viser Donald Trump sammen med seks kvinner. Alle kvinnene er sladdet, men komiteen har ikke forklart hvorfor, if\u00f8lge nyhetsbyr\u00e5et <a href=\"https:\/\/apnews.com\/live\/donald-trump-news-updates-12-12-2025\" rel=\"nofollow noopener\" target=\"_blank\">AP<\/a>.\u00a0<\/p>\n<p>Det hvite hus tordner i en uttalelse fredag kveld, hvor de avviser bildene som en bl\u00f8ff orkestrert av Demokratene, if\u00f8lge nyhetsbyr\u00e5et AP.\u00a0<\/p>\n<p>&#8211; Demokratene i Representantenes hus plukker ut enkelte bilder og sladder dem vilk\u00e5rlig for \u00e5 skape et falskt bilde av saken, hevder talsperson Abigail Jackson til AP.\u00a0<\/p>\n<p>Trump-kondomer avbildet<\/p>\n<p> Et av bildene viser det som ser ut til \u00e5 v\u00e6re en bolle med kondomer, som har en karikatur av Trumps ansikt.\u00a0<\/p>\n<p>I bollen st\u00e5r et skilt med teksten \u00abTrump-kondom 4,50 dollar\u00bb, og kondomene har et bilde av Trumps ansikt med teksten \u00ab I\u2019m HUUUUGE!\u00bb.<\/p>\n<p>        <img loading=\"lazy\" decoding=\"async\" src=\"https:\/\/www.europesays.com\/no\/wp-content\/uploads\/2025\/12\/83978417.webp\" width=\"686\" height=\"824\" title=\"TRUMP-KONDOM: Dette var blant de 19 bildene som ble offentliggjort fredag. Foto: House Oversight Democrats\" alt=\"\" class=\"\" style=\"--aspect-ratio-image: 0.83; \"\/><\/p>\n<p>\n        TRUMP-KONDOM: Dette var blant de 19 bildene som ble offentliggjort fredag. Foto: House Oversight Democrats\n    <\/p>\n<p> En talsperson for komiteen har anklaget demokratene i panelet for \u00e5 \u00abplukke ut bilder n\u00f8ye og gj\u00f8re m\u00e5lrettede redigeringer for \u00e5 skape en falsk fortelling om president Trump\u00bb, skriver <a href=\"https:\/\/edition.cnn.com\/2025\/12\/12\/politics\/epstein-photos-trump-clinton-bannon\" target=\"_blank\" rel=\"nofollow noopener\">CNN<\/a>.<\/p>\n<p> Trump var tidligere venn av Epstein, men har nektet kjennskap til menneskehandelen og de seksuelle overgrepene milliard\u00e6ren var d\u00f8mt og anklaget for. <\/p>\n<p>        <img loading=\"lazy\" decoding=\"async\" src=\"https:\/\/www.europesays.com\/no\/wp-content\/uploads\/2025\/12\/83978524.webp\" width=\"980\" height=\"559\" title=\"SAMME KRETS: Jeffrey Epstein og Donald Trump tilh\u00f8rte den samme omgangskretsen i Florida fra slutten av 1980-tallet og begynnelsen av 2000-tallet. Foto: House Oversight Democrats\" alt=\"\" class=\"\" style=\"--aspect-ratio-image: 1.75; \"\/><\/p>\n<p>\n        SAMME KRETS: Jeffrey Epstein og Donald Trump tilh\u00f8rte den samme omgangskretsen i Florida fra slutten av 1980-tallet og begynnelsen av 2000-tallet. Foto: House Oversight Democrats\n    <\/p>\n<p>        <img loading=\"lazy\" decoding=\"async\" src=\"https:\/\/www.europesays.com\/no\/wp-content\/uploads\/2025\/12\/83978470.webp\" width=\"686\" height=\"501\" title=\"SELFIE: Et annet bilde viser Trump-r\u00e5dgiver Steve Bannon og Jeffrey Epstein som tar en selfie i speilet. Foto: House Oversight Democrats\" alt=\"\" class=\"\" style=\"--aspect-ratio-image: 1.37; \"\/><\/p>\n<p>\n        SELFIE: Et annet bilde viser Trump-r\u00e5dgiver Steve Bannon og Jeffrey Epstein som tar en selfie i speilet. Foto: House Oversight Democrats\n    <\/p>\n<p>&#8211; Urovekkende bilder<\/p>\n<p>Det er ikke klart n\u00e5r eller hvor bildene ble tatt, eller hvem som tok dem. Bildene viser ingen ulovlig aktivitet fra de avbildede personene, skriver <a href=\"https:\/\/edition.cnn.com\/2025\/12\/12\/politics\/epstein-photos-trump-clinton-bannon\" target=\"_blank\" rel=\"nofollow noopener\">CNN<\/a>.<\/p>\n<p> \u00abDisse urovekkende bildene reiser enda flere sp\u00f8rsm\u00e5l om Epstein og hans forhold til noen av verdens mektigste menn. Det er p\u00e5 tide \u00e5 f\u00e5 slutt p\u00e5 denne tildekkingen av Det hvite hus\u00bb, skriver tilsynskomiteen p\u00e5\u00a0<a href=\"https:\/\/x.com\/OversightDems\/status\/1999498082493280689\" target=\"_blank\" rel=\"nofollow\">X<\/a>. <\/p>\n<p> I november <a href=\"https:\/\/www.dagbladet.no\/nyheter\/bekrefter-har-signert-epstein-vedtak\/83876099\" target=\"_blank\" rel=\"nofollow noopener\">undertegnet Trump et kongressvedtak<\/a> om frigivelse av resterende dokumenter knyttet til etterforskningen av Epstein. <\/p>\n<p> Tilsynskomiteen har allerede frigjort tusenvis av dokumenter, e-poster og kommunikasjon fra Epstein-boet. <\/p>\n<p>    <a itemprop=\"url\" href=\"https:\/\/www.dagbladet.no\/nyheter\/aldri-sett-for-nye-bilder-fra-epstein-oya\/83935314\" rel=\"nofollow noopener\" target=\"_blank\"><\/p>\n<p>        <img loading=\"lazy\" decoding=\"async\" src=\"https:\/\/www.europesays.com\/no\/wp-content\/uploads\/2025\/12\/1765578772_869_83935339.webp\" width=\"980\" height=\"441\" title=\"Aldri sett f\u00f8r: Nye bilder fra Epstein-\u00f8ya\" alt=\"\" class=\"lazyload\" style=\"--aspect-ratio-image: 2.22; \"\/><\/p>\n<p>        Aldri sett f\u00f8r: Nye bilder fra Epstein-\u00f8ya<\/p>\n<p>    <\/a><\/p>\n<p>    Fakta om Epstein-saken<\/p>\n<p>&#8211; Mars 2005: Politiet i Florida innleder etterforskning av Jeffrey\u00a0Epstein\u00a0etter at moren til en 14 \u00e5r gammel jente anmelder ham for voldtekt av datteren.<\/p>\n<p>&#8211; 2006: Politiet sikter\u00a0Epstein\u00a0for flere tilfeller av ulovlig seksuell omgang med mindre\u00e5rige.<\/p>\n<p>&#8211; Mars 2011: Virginia Giuffr\u00e9 g\u00e5r ut offentlig med sin historie om hvordan hun som 17-\u00e5ring ble utsatt for seksuell menneskehandel. Hun m\u00f8tte Epsteins partner Ghislaine Maxwell f\u00f8rste gang mens hun jobbet p\u00e5 et spa eid av Donald Trump i Florida. Saken publiseres i Mail on Sunday og inkluderer et bilde av Giuffre sammen med prins Andrew.<\/p>\n<p>&#8211; Juli 2019: Jeffrey\u00a0Epstein\u00a0p\u00e5gripes i New Jersey. Han blir tiltalt for \u00e5 ha forgrepet seg seksuelt p\u00e5 flere titall mindre\u00e5rige jenter mellom 2002 og 2005. If\u00f8lge tiltalen skal\u00a0Epstein\u00a0ha rekruttert et stort nettverk av mindre\u00e5rige ofre, enkelte s\u00e5 unge som 14 \u00e5r.<\/p>\n<p>&#8211; August 2019:\u00a0Epstein\u00a0tar sitt eget liv i fengselet.<\/p>\n<p>Kilde: NTB<\/p>\n<p>      Vis mer<br \/>\n      Vis mindre<\/p>\n<p><script async src=\"https:\/\/platform.twitter.com\/widgets.js\" charset=\"utf-8\"><\/script><\/p>\n","protected":false},"excerpt":{"rendered":"President Donald Trump, Bill Clinton og Bill Gates er blant de avbildede. N\u00e5 tordner Det hvite hus.\u00a0 AVBILDET:&hellip;\n","protected":false},"author":2,"featured_media":111778,"comment_status":"","ping_status":"","sticky":false,"template":"","format":"standard","meta":{"footnotes":""},"categories":[10],"tags":[20,21,24,25,15,22,23,13,30,28,29,14,16,218,4410,4407,4409,4408,4406,26,27],"class_list":{"0":"post-111777","1":"post","2":"type-post","3":"status-publish","4":"format-standard","5":"has-post-thumbnail","7":"category-norge","8":"tag-breaking-news","9":"tag-breakingnews","10":"tag-featured-news","11":"tag-featurednews","12":"tag-headlines","13":"tag-latest-news","14":"tag-latestnews","15":"tag-news","16":"tag-no","17":"tag-norge","18":"tag-norway","19":"tag-nyheter","20":"tag-overskrifter","21":"tag-pluss","22":"tag-quiz","23":"tag-quiz-sporsmal","24":"tag-simenstikjappe","25":"tag-tema","26":"tag-test-deg-selv","27":"tag-top-stories","28":"tag-topstories"},"share_on_mastodon":{"url":"https:\/\/pubeurope.com\/@no\/115708979214743388","error":""},"_links":{"self":[{"href":"https:\/\/www.europesays.com\/no\/wp-json\/wp\/v2\/posts\/111777","targetHints":{"allow":["GET"]}}],"collection":[{"href":"https:\/\/www.europesays.com\/no\/wp-json\/wp\/v2\/posts"}],"about":[{"href":"https:\/\/www.europesays.com\/no\/wp-json\/wp\/v2\/types\/post"}],"author":[{"embeddable":true,"href":"https:\/\/www.europesays.com\/no\/wp-json\/wp\/v2\/users\/2"}],"replies":[{"embeddable":true,"href":"https:\/\/www.europesays.com\/no\/wp-json\/wp\/v2\/comments?post=111777"}],"version-history":[{"count":0,"href":"https:\/\/www.europesays.com\/no\/wp-json\/wp\/v2\/posts\/111777\/revisions"}],"wp:featuredmedia":[{"embeddable":true,"href":"https:\/\/www.europesays.com\/no\/wp-json\/wp\/v2\/media\/111778"}],"wp:attachment":[{"href":"https:\/\/www.europesays.com\/no\/wp-json\/wp\/v2\/media?parent=111777"}],"wp:term":[{"taxonomy":"category","embeddable":true,"href":"https:\/\/www.europesays.com\/no\/wp-json\/wp\/v2\/categories?post=111777"},{"taxonomy":"post_tag","embeddable":true,"href":"https:\/\/www.europesays.com\/no\/wp-json\/wp\/v2\/tags?post=111777"}],"curies":[{"name":"wp","href":"https:\/\/api.w.org\/{rel}","templated":true}]}}