{"id":111779,"date":"2025-12-12T22:38:08","date_gmt":"2025-12-12T22:38:08","guid":{"rendered":"https:\/\/www.europesays.com\/no\/111779\/"},"modified":"2025-12-12T22:38:08","modified_gmt":"2025-12-12T22:38:08","slug":"kastet-tv-ut-av-hotellvindu-tre-tatt-av-politiet","status":"publish","type":"post","link":"https:\/\/www.europesays.com\/no\/111779\/","title":{"rendered":"Kastet TV ut av hotellvindu \u2013 tre tatt av politiet"},"content":{"rendered":"<p>Operasjonsleder Karl Erik Thomassen i Troms politidistrikt skriver klokken 22.07 i politiloggen at det har kommet melding om knust inventar i flere etasjer p\u00e5 et hotell. I tillegg har en TV blitt kastet ut av et vindu i fjerde etasje.<\/p>\n<p><img decoding=\"async\" src=\"data:image\/gif;base64,R0lGODlhEAAJAIAAAP\/\/\/wAAACH5BAEAAAAALAAAAAAQAAkAAAIKhI+py+0Po5yUFQA7\" alt=\"\"\/> <\/p>\n<p>  <strong>Foto:<\/strong> H\u00e5kon Wikan<\/p>\n<p>Det har v\u00e6rt fest p\u00e5 minst to rom, og tre personer er n\u00e5 anholdt av politiet.<\/p>\n<p>Det aktuelle hotellet er F2.<\/p>\n<p>Harstad Tidende har ikke lyktes i \u00e5 f\u00e5 tak i operasjonssentralen.<\/p>\n<p>Til VG sier Thomassen at de er i kontakt med parter som de har mistanke om har v\u00e6rt sentral.<\/p>\n<p>\u2013 Vi har v\u00e6rt der nede tidligere uten at det har skjedd noe. Men n\u00e5 tok det litt av. Etter sigende er det en bursdagsfeiring som har g\u00e5tt over styr, sier Thomassen til VG.<\/p>\n","protected":false},"excerpt":{"rendered":"Operasjonsleder Karl Erik Thomassen i Troms politidistrikt skriver klokken 22.07 i politiloggen at det har kommet melding om&hellip;\n","protected":false},"author":2,"featured_media":111780,"comment_status":"","ping_status":"","sticky":false,"template":"","format":"standard","meta":{"footnotes":""},"categories":[12],"tags":[20,21,24,25,15,22,23,13,30,28,29,14,16,26,27,42,43,44,45],"class_list":{"0":"post-111779","1":"post","2":"type-post","3":"status-publish","4":"format-standard","5":"has-post-thumbnail","7":"category-verden","8":"tag-breaking-news","9":"tag-breakingnews","10":"tag-featured-news","11":"tag-featurednews","12":"tag-headlines","13":"tag-latest-news","14":"tag-latestnews","15":"tag-news","16":"tag-no","17":"tag-norge","18":"tag-norway","19":"tag-nyheter","20":"tag-overskrifter","21":"tag-top-stories","22":"tag-topstories","23":"tag-verden","24":"tag-world","25":"tag-world-news","26":"tag-worldnews"},"share_on_mastodon":{"url":"https:\/\/pubeurope.com\/@no\/115708998732632705","error":""},"_links":{"self":[{"href":"https:\/\/www.europesays.com\/no\/wp-json\/wp\/v2\/posts\/111779","targetHints":{"allow":["GET"]}}],"collection":[{"href":"https:\/\/www.europesays.com\/no\/wp-json\/wp\/v2\/posts"}],"about":[{"href":"https:\/\/www.europesays.com\/no\/wp-json\/wp\/v2\/types\/post"}],"author":[{"embeddable":true,"href":"https:\/\/www.europesays.com\/no\/wp-json\/wp\/v2\/users\/2"}],"replies":[{"embeddable":true,"href":"https:\/\/www.europesays.com\/no\/wp-json\/wp\/v2\/comments?post=111779"}],"version-history":[{"count":0,"href":"https:\/\/www.europesays.com\/no\/wp-json\/wp\/v2\/posts\/111779\/revisions"}],"wp:featuredmedia":[{"embeddable":true,"href":"https:\/\/www.europesays.com\/no\/wp-json\/wp\/v2\/media\/111780"}],"wp:attachment":[{"href":"https:\/\/www.europesays.com\/no\/wp-json\/wp\/v2\/media?parent=111779"}],"wp:term":[{"taxonomy":"category","embeddable":true,"href":"https:\/\/www.europesays.com\/no\/wp-json\/wp\/v2\/categories?post=111779"},{"taxonomy":"post_tag","embeddable":true,"href":"https:\/\/www.europesays.com\/no\/wp-json\/wp\/v2\/tags?post=111779"}],"curies":[{"name":"wp","href":"https:\/\/api.w.org\/{rel}","templated":true}]}}