{"id":111783,"date":"2025-12-12T22:41:11","date_gmt":"2025-12-12T22:41:11","guid":{"rendered":"https:\/\/www.europesays.com\/no\/111783\/"},"modified":"2025-12-12T22:41:11","modified_gmt":"2025-12-12T22:41:11","slug":"fra-nybakt-mamma-til-vm-stjerne-for-norge","status":"publish","type":"post","link":"https:\/\/www.europesays.com\/no\/111783\/","title":{"rendered":"Fra nybakt mamma til VM-stjerne for Norge"},"content":{"rendered":"<p class=\"kicker \" style=\"\">Nora M\u00f8rks t\u00f8ffe VM-valg<\/p>\n<p>  Som nybakt mamma har hun f\u00e5tt seg et lite gull. N\u00e5 vil hun ha enda ett &#8211; for Norge!<\/p>\n<p>\n    DU OG JEG: Mamma-lykken var stor da Nora og kj\u00e6resten fikk datteren Tyra. P\u00e5 den aller siste mai-dagen kom hun til verden, og Nora delte dette bildet i sosiale medier. Foto: @noramrk_9\/instagram\n  <\/p>\n<p>N\u00e5r <a href=\"https:\/\/www.seher.no\/kjendis\/apner-opp-om-mammalivet\/83364404\" rel=\"nofollow noopener\" target=\"_blank\">Nora M\u00f8rk<\/a> (34) er p\u00e5 banen for Norge &#8211; er hun som en propell. Motstanderne skal merke at den h\u00f8yre bakspilleren er der. Det ser man ogs\u00e5 p\u00e5 antall m\u00e5l etter hver kamp \u2013 Nora leverer! <\/p>\n<p class=\"font-weight-bold m-font-weight-bold\" data-lab-font_weight=\"font-weight-bold\">Det gj\u00f8r hun privat ogs\u00e5. 31. mai ble hun og hennes svenske h\u00e5ndball-kj\u00e6reste Jerry Tollbring (30) foreldre til lille Tyra.\u00a0<\/p>\n<p>        <img loading=\"lazy\" decoding=\"async\" src=\"https:\/\/www.europesays.com\/no\/wp-content\/uploads\/2025\/12\/83954869.webp\" width=\"686\" height=\"611\" title=\"VET HVA HUN VIL: Blikket til Nora er det ingenting \u00e5 si p\u00e5. Det er konsentrert og rettet frem mot VM-finalen 14. desember. Et nytt gull er p\u00e5 \u00f8nskelista. Foto: NTB\" alt=\"\" class=\"\" style=\"--aspect-ratio-image: 1.12; \"\/><\/p>\n<p>\n        VET HVA HUN VIL: Blikket til Nora er det ingenting \u00e5 si p\u00e5. Det er konsentrert og rettet frem mot VM-finalen 14. desember. Et nytt gull er p\u00e5 \u00f8nskelista. Foto: NTB\n    <\/p>\n<p class=\"font-weight-light m-font-weight-light\" data-lab-font_weight=\"font-weight-light\">Allerede over sommeren var Team Esbjerg-spilleren tilbake p\u00e5 laget.\u00a0Landslagets assistenttrener Tonje Larsen (50) er glad for at Nora er med i VM.<\/p>\n<p>&#8211; Hun bidrar mye b\u00e5de p\u00e5 banen og utenfor. Hun har et klokt h\u00e5ndball-hode og tenker spill hele tiden. Det kan nesten bli litt overkant! Men hun lever og \u00e5nder for h\u00e5ndball og har enormt mye \u00e5 bidra med, forteller hun til Se og H\u00f8r.<\/p>\n<p>        IKKE VENNER: Sebastian Solberg g\u00e5r hardt ut mot sine meddeltakere i den kommende sesongen av \u00abSpillet\u00bb. Influenseren r\u00f8per ogs\u00e5 hvorfor, like f\u00f8r \u00e9n av dem avbryter intervjuet med en uhyggelig beskjed. Reporter: Thea Hope. Video: Nora Skavhaug. \u00abSpillet\u00bb \/ TV2.<\/p>\n<p>Da VM startet, reiste Nora ned med lille Tyra og mamma Tirill som hjelp. Det var et krav fra henne. Alle tre fikk bo p\u00e5 samme hotell. Alt har v\u00e6rt helt up\u00e5klagelig, mener Nora.<\/p>\n<p>    <a itemprop=\"url\" href=\"https:\/\/www.seher.no\/kjendis\/nytt-kapittel-med-mannen\/83969462\" rel=\"nofollow noopener\" target=\"_blank\"><\/p>\n<p>        <img loading=\"lazy\" decoding=\"async\" src=\"https:\/\/www.europesays.com\/no\/wp-content\/uploads\/2025\/12\/83772481.webp\" width=\"147\" height=\"98\" title=\"Nytt kapittel med mannen\" alt=\"\" class=\"lazyload\" style=\"--aspect-ratio-image: 1.50; \"\/><\/p>\n<p>        Nytt kapittel med mannen<\/p>\n<p>    <\/a><\/p>\n<p>&#8211; Jeg synes forbundet g\u00e5r foran i motsetning til mange andre. Norge er langt foran p\u00e5 dette med \u00e5 ha med barn. Ogs\u00e5 p\u00e5 dette med \u00e5 ha f\u00f8dt og komme tilbake, sa hun til Dagbladet f\u00f8r f\u00f8rste VM-kamp.<\/p>\n<p>&#8211; Jeg har f\u00f8lt meg i trygge hender hele tiden, fortsatte hun.<\/p>\n<p>        NY SESONG: En stor endring er avsl\u00f8rt f\u00f8r sesong 4 av \u00abSpillet\u00bb kommer til v\u00e5ren. Video: TV 2<\/p>\n<p class=\"font-weight-bold m-font-weight-bold\" data-lab-font_weight=\"font-weight-bold\">Etter sieren i semifinalen fredag kveld, venter n\u00e5 finalen s\u00f8ndag ettermiddag &#8211; mot Tyskland.\u00a0 Det \u00f8ker presset p\u00e5 Nora. Det visste hun f\u00f8r avreise \u2013 derfor har bestemor Tirill reist hjem med Tyra.<\/p>\n<p>&#8211; Hun har ogs\u00e5 en far som vil se henne. Vi m\u00e5 jo dele p\u00e5 henne, selvf\u00f8lgelig, sa Nora til Dagbladet.<\/p>\n","protected":false},"excerpt":{"rendered":"Nora M\u00f8rks t\u00f8ffe VM-valg Som nybakt mamma har hun f\u00e5tt seg et lite gull. N\u00e5 vil hun ha&hellip;\n","protected":false},"author":2,"featured_media":111784,"comment_status":"","ping_status":"","sticky":false,"template":"","format":"standard","meta":{"footnotes":""},"categories":[59],"tags":[4104,479,30,1529,28,29,83,82],"class_list":{"0":"post-111783","1":"post","2":"type-post","3":"status-publish","4":"format-standard","5":"has-post-thumbnail","7":"category-sport","8":"tag-eksklusivt","9":"tag-kjendis","10":"tag-no","11":"tag-nora-mork","12":"tag-norge","13":"tag-norway","14":"tag-sport","15":"tag-sports"},"share_on_mastodon":{"url":"https:\/\/pubeurope.com\/@no\/115709010675570039","error":""},"_links":{"self":[{"href":"https:\/\/www.europesays.com\/no\/wp-json\/wp\/v2\/posts\/111783","targetHints":{"allow":["GET"]}}],"collection":[{"href":"https:\/\/www.europesays.com\/no\/wp-json\/wp\/v2\/posts"}],"about":[{"href":"https:\/\/www.europesays.com\/no\/wp-json\/wp\/v2\/types\/post"}],"author":[{"embeddable":true,"href":"https:\/\/www.europesays.com\/no\/wp-json\/wp\/v2\/users\/2"}],"replies":[{"embeddable":true,"href":"https:\/\/www.europesays.com\/no\/wp-json\/wp\/v2\/comments?post=111783"}],"version-history":[{"count":0,"href":"https:\/\/www.europesays.com\/no\/wp-json\/wp\/v2\/posts\/111783\/revisions"}],"wp:featuredmedia":[{"embeddable":true,"href":"https:\/\/www.europesays.com\/no\/wp-json\/wp\/v2\/media\/111784"}],"wp:attachment":[{"href":"https:\/\/www.europesays.com\/no\/wp-json\/wp\/v2\/media?parent=111783"}],"wp:term":[{"taxonomy":"category","embeddable":true,"href":"https:\/\/www.europesays.com\/no\/wp-json\/wp\/v2\/categories?post=111783"},{"taxonomy":"post_tag","embeddable":true,"href":"https:\/\/www.europesays.com\/no\/wp-json\/wp\/v2\/tags?post=111783"}],"curies":[{"name":"wp","href":"https:\/\/api.w.org\/{rel}","templated":true}]}}