{"id":111787,"date":"2025-12-12T22:46:55","date_gmt":"2025-12-12T22:46:55","guid":{"rendered":"https:\/\/www.europesays.com\/no\/111787\/"},"modified":"2025-12-12T22:46:55","modified_gmt":"2025-12-12T22:46:55","slug":"hvalerfergen-har-brast-inn-i-bygg","status":"publish","type":"post","link":"https:\/\/www.europesays.com\/no\/111787\/","title":{"rendered":"Hvalerfergen har brast inn i bygg"},"content":{"rendered":"\n<ul class=\"_list_o9xde_3 _list_64s2r_85 _unordered_o9xde_106 text-sans-m\">\n<li class=\"_item_o9xde_30\">Fergen \u00abTernen\u00bb krasjet i et bygning p\u00e5 Herf\u00f8l torsdag formiddag.<\/li>\n<li class=\"_item_o9xde_30\">Norled innstilte sambandet og varslet n\u00f8detatene om ulykken.<\/li>\n<li class=\"_item_o9xde_30\">Ingen ble skadet, og passasjerer og ansatte ble raskt hjulpet til land.<\/li>\n<li class=\"_item_o9xde_30\">Teknisk problem skal ha forhindret fergen fra \u00e5 reversere.<\/li>\n<\/ul>\n<p>Vis mer <\/p>\n<p class=\"_paragraph_o9xde_4 _paragraph_xtcu6_10 layout-component text-serif-m layout-normal text-serif-m layout-padded\">Det er <a href=\"https:\/\/www.f-b.no\/hvalerferga-braste-inn-i-hus\/s\/5-59-3776554\" class=\"_link_o9xde_39\" rel=\"nofollow noopener\" target=\"_blank\">Fredriksstad Blad<\/a> som melder om hendelsen, som skjedde p\u00e5 Herf\u00f8l.<\/p>\n<p class=\"_paragraph_o9xde_4 _paragraph_xtcu6_10 layout-component text-serif-m layout-normal text-serif-m layout-padded\">Det er fergen \u00abTernen\u00bb som har v\u00e6rt i ulykken, skriver lokalavisen.<\/p>\n<p class=\"_paragraph_o9xde_4 _paragraph_xtcu6_10 layout-component text-serif-m layout-normal text-serif-m layout-padded\">Rederiselskapet Norled la ut en driftsmelding 09:38 hvor det heter at \u00abSambandet innstilles inntil videre grunnet u\u00f8nsket hendelse.\u00bb<\/p>\n<p class=\"_paragraph_o9xde_4 _paragraph_xtcu6_10 layout-component text-serif-m layout-normal text-serif-m layout-padded\">Fergen kj\u00f8rte inn i det som er det gamle posthuset, men som i dag er en sesong\u00e5pen butikk, P\u00e5 Posten. Bygget blir brukt delvis som lager, og delvis som utsalgsbod med nedsatte varer.<\/p>\n<p class=\"_paragraph_o9xde_4 _paragraph_xtcu6_10 layout-component text-serif-m layout-normal text-serif-m layout-padded\">Politiet oppretter sak p\u00e5 forholdet.<\/p>\n<p><img alt=\"\" class=\"_image_qp4xg_65 layout-component layout-normal\" data-fullscreen- data-track-element-type=\"Article image fullscreen\" data-track-name=\"ImageFullscreen\" decoding=\"async\" loading=\"lazy\" height=\"251\" itemprop=\"image\"  src=\"https:\/\/www.europesays.com\/no\/wp-content\/uploads\/2025\/12\/95148bcc-9944-402f-a808-4d6a5c46e3e6\"  style=\"object-position:0% 0%\" width=\"310\"\/><\/p>\n<p class=\"_paragraph_o9xde_4 _paragraph_xtcu6_10 layout-component text-serif-m layout-normal text-serif-m layout-padded\"><strong class=\"_strong_o9xde_25\">Var du til stede p\u00e5 fergen? Tips oss p\u00e5 2200@vg.no<\/strong><\/p>\n<p class=\"_paragraph_o9xde_4 _paragraph_xtcu6_10 layout-component text-serif-m layout-normal text-serif-m layout-padded\">Da VG ringer operasjonsleder i \u00d8st politidistrikt klokken 11.16, var de ikke kjent med omfanget av hendelsen.<\/p>\n<p class=\"_paragraph_o9xde_4 _paragraph_xtcu6_10 layout-component text-serif-m layout-normal text-serif-m layout-padded\">F\u00f8rst klokken 11.19 melder politiet om hendelsen. De skriver at de \u00abtilstreber \u00e5 f\u00e5 en patrulje ut dit for \u00e5 unders\u00f8ke hendelsen\u00ab i pressens politilogg.<\/p>\n<p class=\"_paragraph_o9xde_4 _paragraph_xtcu6_10 layout-component text-serif-m layout-normal text-serif-m layout-padded\">\u2013 Vi fikk f\u00f8rst melding om at fergen hadde bakket inn i noe mudder og sto fast, men at det var udramatisk og at de klarte seg selv, skriver operasjonsleder Fredrik Solbakken.<\/p>\n<p class=\"_paragraph_o9xde_4 _paragraph_xtcu6_10 layout-component text-serif-m layout-normal text-serif-m layout-padded\">\u2013 Da er det noe vesentlig informasjon dere ikke har f\u00e5tt, da?<\/p>\n<p class=\"_paragraph_o9xde_4 _paragraph_xtcu6_10 layout-component text-serif-m layout-normal text-serif-m layout-padded\">\u2013 Ja, og det er uheldig. Vi m\u00e5 pr\u00f8ve \u00e5 ifnne ut av hvor i meldingsutvekslingen det har blitt borte.<\/p>\n<ul class=\"_gallery_1qa3s_23\" tabindex=\"0\">\n<li class=\"_item_1qa3s_37\" data-index=\"0\"><img decoding=\"async\" class=\"_image_foru8_23 _articleGallery_foru8_39\" data-fullscreen- width=\"1600\" height=\"739\" itemprop=\"image\" loading=\"lazy\"  src=\"https:\/\/www.europesays.com\/no\/wp-content\/uploads\/2025\/12\/e94f3b2a-c3f7-4761-bb46-78bfabad770b\"  style=\"object-position:50% 50%;aspect-ratio:var(--gallery-aspect-ratio, 16 \/ 9)\"\/>Foto: Erik Weydahl<\/li>\n<li class=\"_item_1qa3s_37\" data-index=\"1\"><img decoding=\"async\" class=\"_image_foru8_23 _articleGallery_foru8_39\" data-fullscreen- width=\"1600\" height=\"739\" itemprop=\"image\" loading=\"lazy\"  src=\"https:\/\/www.europesays.com\/no\/wp-content\/uploads\/2025\/12\/0f998f5c-e542-46d1-ab12-6baf5a9f2a86\"  style=\"object-position:50% 50%;aspect-ratio:var(--gallery-aspect-ratio, 16 \/ 9)\"\/>Foto: Erik Weydahl<\/li>\n<\/ul>\n<p class=\"_paragraph_o9xde_4 _paragraph_xtcu6_10 layout-component text-serif-m layout-normal text-serif-m layout-padded\">Solbakken opplyser til VG at de fikk melding om hendelsen fra Hovedredningssentralen (HRS).<\/p>\n<p class=\"_paragraph_o9xde_4 _paragraph_xtcu6_10 layout-component text-serif-m layout-normal text-serif-m layout-padded\">Jan \u00d8yvind Rekeland, Redningsleder i HRS bekrefter at de tok kontakt med lokalt politi etter \u00e5 ha f\u00e5tt beskjed om hendelsen fra Norled.<\/p>\n<p class=\"_paragraph_o9xde_4 _paragraph_xtcu6_10 layout-component text-serif-m layout-normal text-serif-m layout-padded\">\u2013 Vi fikk melding om en ferge som hadde g\u00e5tt p\u00e5 grunn, og at det ikke var noe fare for personene om bord. Det var ikke snakk om at de hadde truffet et bygg, sier Rekeland til VG.<\/p>\n<p> Mannskapet ga beskjed<\/p>\n<p class=\"_paragraph_o9xde_4 _paragraph_xtcu6_10 layout-component text-serif-m layout-normal text-serif-m layout-padded\">Rundt klokken 09.30 ble NorledNorledEt av Norges st\u00f8rste rederier for ferger og hurtigb\u00e5ter. varslet av mannskapet p\u00e5 fergen, if\u00f8lge kommunikasjonssjef i Norled Cathrine Gjertsen.<\/p>\n<p class=\"_paragraph_o9xde_4 _paragraph_xtcu6_10 layout-component text-serif-m layout-normal text-serif-m layout-padded\">Til VG sier hun f\u00f8rst at de fikk beskjed om at fergen kun hadde g\u00e5tt p\u00e5 grunna.<\/p>\n<p class=\"_paragraph_o9xde_4 _paragraph_xtcu6_10 layout-component text-serif-m layout-normal text-serif-m layout-padded\">\u2013 Men blir det riktig \u00e5 si at den bare har g\u00e5tt p\u00e5 grunna n\u00e5r den traff et bygg?<\/p>\n<p class=\"_paragraph_o9xde_4 _paragraph_xtcu6_10 layout-component text-serif-m layout-normal text-serif-m layout-padded\">\u2013 Det var det vi fikk beskjed om, svarer Gjertsen.<\/p>\n<p><img decoding=\"async\" alt=\"Bilde av Cathrine Gjertsen\" class=\"_image_ygndg_42\" height=\"27\" itemprop=\"image\" loading=\"lazy\"  src=\"https:\/\/www.europesays.com\/no\/wp-content\/uploads\/2025\/12\/eb70dd72-d5ec-4374-ac51-0ac6df3fb7a6\"  width=\"40\"\/><strong class=\"_name_ygndg_51 title-serif-xs\">Cathrine Gjertsen<\/strong><\/p>\n<p class=\"_paragraph_o9xde_4 text-sans-m _description_ygndg_56\">Kommunikasjonssjef i Norled<\/p>\n<p class=\"_paragraph_o9xde_4 _paragraph_xtcu6_10 layout-component text-serif-m layout-normal text-serif-m layout-padded\"><strong class=\"_strong_o9xde_25\">Senere sier hun imidlertid at mannskapet hadde gitt beskjed om at de traff et bygg \u2013 det de opprinnelig trodde var et naust.<\/strong><\/p>\n<p class=\"_paragraph_o9xde_4 _paragraph_xtcu6_10 layout-component text-serif-m layout-normal text-serif-m layout-padded\">I en meldingstr\u00e5d spurte dermed VG om denne informasjonen ble varslet til Hovedredningssentralen og politiet.<\/p>\n<p class=\"_paragraph_o9xde_4 _paragraph_xtcu6_10 layout-component text-serif-m layout-normal text-serif-m layout-padded\">Da svarer Gjertsen at hun ikke har loggene, men at m\u00e5let er \u00e5 varsle raskt og etter beste evne. I tillegg skal Norled evaluere hendelsen.<\/p>\n<p class=\"_paragraph_o9xde_4 _paragraph_xtcu6_10 layout-component text-serif-m layout-normal text-serif-m layout-padded\"><strong class=\"_strong_o9xde_25\">\u00abDet er ikke alltid vi har det hele bildet n\u00e5r vi varsler\u00bb, skriver hun videre i meldingen.<\/strong><\/p>\n<p><img alt=\"Foto: Erik Weydahl\" class=\"_image_qp4xg_65 layout-component layout-normal\" data-fullscreen- data-track-element-type=\"Article image fullscreen\" data-track-name=\"ImageFullscreen\" decoding=\"async\" loading=\"lazy\" height=\"739\" itemprop=\"image\"  src=\"https:\/\/www.europesays.com\/no\/wp-content\/uploads\/2025\/12\/760bb003-d573-40ca-9986-3eade7e98934\"  style=\"object-position:0% 0%\" width=\"1600\"\/>Foto: Erik Weydahl<\/p>\n<p class=\"_paragraph_o9xde_4 _paragraph_xtcu6_10 layout-component text-serif-m layout-normal text-serif-m layout-padded\">N\u00e5r VG igjen sp\u00f8r om hvorfor det ikke ble varslet, med tanke p\u00e5 at de hadde infromasjonen om at fergen traff et bygg, svarer hun f\u00f8lgende:<\/p>\n<p class=\"_paragraph_o9xde_4 _paragraph_xtcu6_10 layout-component text-serif-m layout-normal text-serif-m layout-padded\">\u00abVi vil som sagt evaluere hendelsen i etterkant og se hva vi evt. kan gj\u00f8re bedre. Vi har ikke alle svar midt i en beredskapssituasjon\u00bb.<\/p>\n<p class=\"_paragraph_o9xde_4 _paragraph_xtcu6_10 layout-component text-serif-m layout-normal text-serif-m layout-padded\">Politiet mener at det kun var HRS som varslet dem \u2013 ikke Norled.<\/p>\n<p class=\"_paragraph_o9xde_4 _paragraph_xtcu6_10 layout-component text-serif-m layout-normal text-serif-m layout-padded\">Da Gjertsen blir spurt om dette, henviser hun videre til \u00d8stfold politidistrikt og HRS.<\/p>\n<p> Flere ombord<\/p>\n<p class=\"_paragraph_o9xde_4 _paragraph_xtcu6_10 layout-component text-serif-m layout-normal text-serif-m layout-padded\">Gjertsen opplyser at det var fem ansatte og syv passasjerer om bord, og at de raskt ble hjulpet til land.<\/p>\n<p class=\"_paragraph_o9xde_4 _paragraph_xtcu6_10 layout-component text-serif-m layout-normal text-serif-m layout-padded\">Klokken 12.28 skriver hun en melding om at fergen er dratt av grunn ved hjelp av slepefart\u00f8y.<\/p>\n<p class=\"_paragraph_o9xde_4 _paragraph_xtcu6_10 layout-component text-serif-m layout-normal text-serif-m layout-padded\">Fergen var p\u00e5 vei til \u00e5 legge ved Herf\u00f8l kai da hendelsen skjedde.<\/p>\n<p>Aktiver kart<br \/>\n    <img decoding=\"async\" alt=\"Tips oss illustrasjon\" src=\"https:\/\/www.europesays.com\/no\/wp-content\/uploads\/2025\/10\/pssst-small.webp.webp\"\/>    <\/p>\n<p class=\"title-serif-s\">Har du tips?<\/p>\n<p class=\"text-sans-m\">Send oss informasjon, bilder eller video.<\/p>\n<p>  <a href=\"https:\/\/www.vg.no\/tips-oss\" rel=\"nofollow noopener\" target=\"_blank\"> Tips oss <\/a>      <\/p>\n","protected":false},"excerpt":{"rendered":"Fergen \u00abTernen\u00bb krasjet i et bygning p\u00e5 Herf\u00f8l torsdag formiddag. Norled innstilte sambandet og varslet n\u00f8detatene om ulykken.&hellip;\n","protected":false},"author":2,"featured_media":111788,"comment_status":"","ping_status":"","sticky":false,"template":"","format":"standard","meta":{"footnotes":""},"categories":[10],"tags":[20,21,24,25,1814,15,853,22,23,13,30,28,29,14,16,26,27,51],"class_list":{"0":"post-111787","1":"post","2":"type-post","3":"status-publish","4":"format-standard","5":"has-post-thumbnail","7":"category-norge","8":"tag-breaking-news","9":"tag-breakingnews","10":"tag-featured-news","11":"tag-featurednews","12":"tag-ferge","13":"tag-headlines","14":"tag-hvaler","15":"tag-latest-news","16":"tag-latestnews","17":"tag-news","18":"tag-no","19":"tag-norge","20":"tag-norway","21":"tag-nyheter","22":"tag-overskrifter","23":"tag-top-stories","24":"tag-topstories","25":"tag-ulykke"},"share_on_mastodon":{"url":"https:\/\/pubeurope.com\/@no\/115709034289821394","error":""},"_links":{"self":[{"href":"https:\/\/www.europesays.com\/no\/wp-json\/wp\/v2\/posts\/111787","targetHints":{"allow":["GET"]}}],"collection":[{"href":"https:\/\/www.europesays.com\/no\/wp-json\/wp\/v2\/posts"}],"about":[{"href":"https:\/\/www.europesays.com\/no\/wp-json\/wp\/v2\/types\/post"}],"author":[{"embeddable":true,"href":"https:\/\/www.europesays.com\/no\/wp-json\/wp\/v2\/users\/2"}],"replies":[{"embeddable":true,"href":"https:\/\/www.europesays.com\/no\/wp-json\/wp\/v2\/comments?post=111787"}],"version-history":[{"count":0,"href":"https:\/\/www.europesays.com\/no\/wp-json\/wp\/v2\/posts\/111787\/revisions"}],"wp:featuredmedia":[{"embeddable":true,"href":"https:\/\/www.europesays.com\/no\/wp-json\/wp\/v2\/media\/111788"}],"wp:attachment":[{"href":"https:\/\/www.europesays.com\/no\/wp-json\/wp\/v2\/media?parent=111787"}],"wp:term":[{"taxonomy":"category","embeddable":true,"href":"https:\/\/www.europesays.com\/no\/wp-json\/wp\/v2\/categories?post=111787"},{"taxonomy":"post_tag","embeddable":true,"href":"https:\/\/www.europesays.com\/no\/wp-json\/wp\/v2\/tags?post=111787"}],"curies":[{"name":"wp","href":"https:\/\/api.w.org\/{rel}","templated":true}]}}