{"id":111789,"date":"2025-12-12T22:49:29","date_gmt":"2025-12-12T22:49:29","guid":{"rendered":"https:\/\/www.europesays.com\/no\/111789\/"},"modified":"2025-12-12T22:49:29","modified_gmt":"2025-12-12T22:49:29","slug":"cupkampen-mot-brighton-har-fatt-dato","status":"publish","type":"post","link":"https:\/\/www.europesays.com\/no\/111789\/","title":{"rendered":"Cupkampen mot Brighton har f\u00e5tt dato"},"content":{"rendered":"<p>        Shaun Botterill\n    <\/p>\n<p class=\"kicker font-weight-bold m-font-weight-bold tertiary color_mobile_tertiary\" style=\"\">VI HAR BILLETTER:<\/p>\n<p>I januar tar Manchester United opp jakten p\u00e5 sin 14. FA-cuptittel. Jakten starter i cupens 3. runde med hjemmekamp mot Brighton.\u00a0<\/p>\n<p>Fredag ble det bekreftet at den kampen spilles s\u00f8ndag 11. januar med avspark klokken 17.30 skandinavisk tid.\u00a0<\/p>\n<p>Vi har ledige billetter til kampen, og alt av informasjon f\u00e5r du <a href=\"https:\/\/medlem.united.no\/travel?_gl=1*udd31g*_gcl_au*ODA5MzUyOTgwLjE3NTg3ODI1NjkuMTMwNzIzNDU3NS4xNzYxNzI5NzkxLjE3NjE3Mjk4MzA.\" target=\"_blank\" rel=\"nofollow noopener\">HER<\/a>.\u00a0<\/p>\n<p>United har m\u00f8tt Brighton \u00e9n gang tidligere denne sesongen, ogs\u00e5 da p\u00e5 Old Trafford: Da vant de r\u00f8de djevlene 4-2 etter scoringer av Matheus Cunha, Casemiro og en dobbel fra Bryan Mbeumo.\u00a0<\/p>\n<p>                <img decoding=\"async\" src=\"https:\/\/www.europesays.com\/no\/wp-content\/uploads\/2025\/12\/1400820.webp\" width=\"480\" height=\"274\" title=\"Bryan Mbeumo feirer scoring med Benjamin Sesko mot Brighton i oktober.\" alt=\"\" loading=\"lazy\" style=\"\"\/><\/p>\n<p>\n            Bryan Mbeumo feirer scoring med Benjamin Sesko mot Brighton i oktober.<br \/>\n            James Gill &#8211; Danehouse\n        <\/p>\n<p>En reprise den 11. januar vil sende United videre til 4. runde i den tradisjonsrike turneringen.\u00a0<\/p>\n<p>Dette blir den \u00e5ttende FA-cupkampen mellom United og Brighton, og selv om \u00abThe Seagulls\u00bb har v\u00e6rt en ekkel motstander for United de siste \u00e5rene er de r\u00f8de djevlene ubeseiret mot m\u00e5kene fra S\u00f8r-England i FA-cupen.\u00a0<\/p>\n<p>United vant sist FA-cupen i 2024 etter \u00e5 ha sl\u00e5tt Manchester City i finalen p\u00e5 Wembley. Crystal Palace er regjerende mestere etter forrige sesongs triumf.\u00a0<\/p>\n","protected":false},"excerpt":{"rendered":"Shaun Botterill VI HAR BILLETTER: I januar tar Manchester United opp jakten p\u00e5 sin 14. FA-cuptittel. Jakten starter&hellip;\n","protected":false},"author":2,"featured_media":111790,"comment_status":"","ping_status":"","sticky":false,"template":"","format":"standard","meta":{"footnotes":""},"categories":[59],"tags":[30,28,29,83,82],"class_list":{"0":"post-111789","1":"post","2":"type-post","3":"status-publish","4":"format-standard","5":"has-post-thumbnail","7":"category-sport","8":"tag-no","9":"tag-norge","10":"tag-norway","11":"tag-sport","12":"tag-sports"},"share_on_mastodon":{"url":"https:\/\/pubeurope.com\/@no\/115709042062129418","error":""},"_links":{"self":[{"href":"https:\/\/www.europesays.com\/no\/wp-json\/wp\/v2\/posts\/111789","targetHints":{"allow":["GET"]}}],"collection":[{"href":"https:\/\/www.europesays.com\/no\/wp-json\/wp\/v2\/posts"}],"about":[{"href":"https:\/\/www.europesays.com\/no\/wp-json\/wp\/v2\/types\/post"}],"author":[{"embeddable":true,"href":"https:\/\/www.europesays.com\/no\/wp-json\/wp\/v2\/users\/2"}],"replies":[{"embeddable":true,"href":"https:\/\/www.europesays.com\/no\/wp-json\/wp\/v2\/comments?post=111789"}],"version-history":[{"count":0,"href":"https:\/\/www.europesays.com\/no\/wp-json\/wp\/v2\/posts\/111789\/revisions"}],"wp:featuredmedia":[{"embeddable":true,"href":"https:\/\/www.europesays.com\/no\/wp-json\/wp\/v2\/media\/111790"}],"wp:attachment":[{"href":"https:\/\/www.europesays.com\/no\/wp-json\/wp\/v2\/media?parent=111789"}],"wp:term":[{"taxonomy":"category","embeddable":true,"href":"https:\/\/www.europesays.com\/no\/wp-json\/wp\/v2\/categories?post=111789"},{"taxonomy":"post_tag","embeddable":true,"href":"https:\/\/www.europesays.com\/no\/wp-json\/wp\/v2\/tags?post=111789"}],"curies":[{"name":"wp","href":"https:\/\/api.w.org\/{rel}","templated":true}]}}