{"id":111791,"date":"2025-12-12T22:53:22","date_gmt":"2025-12-12T22:53:22","guid":{"rendered":"https:\/\/www.europesays.com\/no\/111791\/"},"modified":"2025-12-12T22:53:22","modified_gmt":"2025-12-12T22:53:22","slug":"mener-eurovisions-fremtid-henger-i-en-tynn-trad","status":"publish","type":"post","link":"https:\/\/www.europesays.com\/no\/111791\/","title":{"rendered":"Mener Eurovisions fremtid henger i en tynn tr\u00e5d"},"content":{"rendered":"<p>S\u00e5 langt har fem land valgt \u00e5 boikotte neste \u00e5rs Eurovision Song Contest (ESC) i \u00d8sterrike.<\/p>\n<p>Verken Island, Spania, Nederland, Irland eller Slovenia blir \u00e5 se p\u00e5 scenen i Wien, n\u00e5r sangkonkurransen g\u00e5r av stabelen i mai 2026.\u00a0<\/p>\n<p>Som om det ikke var nok, s\u00e5 fortalte fjor\u00e5rets sveitsiske vinner, Nemo, torsdag kveld at hen sender trofeet sitt i retur til den europeiske kringkastingsunionen (EBU), fordi konkurransen ikke lenger er slik han mener den skal v\u00e6re.<\/p>\n<p>\u00c5rsak: Israel \u00f8nskes fortsatt velkommen med \u00e5pne armer inn i den uttalte ikke-politiske konkurransen, til tross for krigf\u00f8ringen i Gaza og de enorme protestene deltagelsen m\u00f8tes med.<\/p>\n<p class=\"italic m-italic\" data-lab-italic=\"italic\">Les hva NRK har \u00e5 si om situasjonen lenger ned i saken.<\/p>\n<p>    <a class=\"article__link\" data-ga-active-label=\"\" data-ga-active-label-animation=\"\" href=\"https:\/\/www.tv2.no\/underholdning\/israel-far-delta-i-eurovision\/18353283\/\" rel=\"nofollow noopener\" target=\"_blank\"><\/p>\n<p>    <img class=\"image__img lazyload\" itemprop=\"image\" title=\"\" alt=\"\" width=\"978\" height=\"411\" bad-src=\"https:\/\/www.europesays.com\/no\/wp-content\/uploads\/2025\/12\/18353291.webp\" fetchpriority=\"auto\" \/><\/p>\n<p>\n            Israel f\u00e5r delta i Eurovision\n        <\/p>\n<p>    <\/a><\/p>\n<p>Utrygg fremtid<\/p>\n<p>Eurovision-ekspert og entusiast, Johan Patrick Bredesen, mener at landets videre inkludering i konkurransen i verste fall kan bety slutten for den kontroversielle og omdiskuterte musikkonkurransen.<\/p>\n<p>\u2013 Det er liten tvil om at ESC sin framtid er utrygg. Det er ikke mye igjen av det tauet de henger i. Det at Island, Slovenia, Irland, Nederland og Spania trekker seg betyr enormt mye for konkurransen. Det er ikke bare land som bidrar mye \u00f8konomisk, men som ogs\u00e5 ofte hevder seg i toppen av konkurransen og er folkefavoritter \u00e5r etter \u00e5r. <\/p>\n<p>        <img class=\"image__img lazyload\" itemprop=\"image\" title=\"Foto: Heiko Junge \/ NTB\" alt=\"KRITISK: Johan Patrick Bredesen er kritisk til Israelsk deltagelse. Foto: Heiko Junge \/ NTB\" width=\"675\" height=\"473\" bad-src=\"https:\/\/www.europesays.com\/no\/wp-content\/uploads\/2025\/12\/17678291.webp\" fetchpriority=\"auto\" \/><\/p>\n<p>      KRITISK: Johan Patrick Bredesen er kritisk til Israelsk deltagelse.<br \/>\n         Foto: Heiko Junge \/ NTB<\/p>\n<p>Bredesen mener det er tre hovedalternativer for konkurransen fremover:<\/p>\n<p>\u2013 La Israel fortsette \u00e5 delta, som er valget de st\u00e5r ved n\u00e5. Med det risikeres det at flere land trekker seg, noe som kan svekke Eurovision betydelig.\u00a0<\/p>\n<p>\u2013 Det andre alternativet er \u00e5 utestenge Israel, som kan f\u00f8re til at boikottende land returnerer og at \u00e5nden bak slagordet \u00abUnited by Music\u00bb kan gjenoppst\u00e5.\u00a0Dette vurderer jeg som det beste alternativet, men det er usikkert om det kanskje er for sent.\u00a0<\/p>\n<p>\u2013 Det tredje alternativet er \u00e5 ta inn Russland igjen for \u00e5 virkelig vise at Eurovision ikke skal v\u00e6re politisk. Dette anser jeg som det d\u00e5rligste alternativet, og noe jeg forventer ville skapt enda mer splid, sier Bredesen.<\/p>\n<p>        <img class=\"image__img lazyload\" itemprop=\"image\" title=\"Foto: Fredrik Varfjell \/ NTB\" alt=\"DEMONSTRASJONER: MGP og ESC har blitt m\u00f8tt med store demonstrasjoner de siste \u00e5rene. Her fra utenfor NRK i 2024 Foto: Fredrik Varfjell \/ NTB\" width=\"675\" height=\"486\" bad-src=\"https:\/\/www.europesays.com\/no\/wp-content\/uploads\/2025\/12\/18378959.webp\" fetchpriority=\"auto\" \/><\/p>\n<p>      DEMONSTRASJONER: MGP og ESC har blitt m\u00f8tt med store demonstrasjoner de siste \u00e5rene. Her fra utenfor NRK i 2024<br \/>\n         Foto: Fredrik Varfjell \/ NTB<\/p>\n<p>Stemte for nye spilleregler<\/p>\n<p>At Israel fortsatt f\u00e5r delta ble bestemt under generalforsamlingen til EBU i forrige uke.\u00a0<\/p>\n<p>Det ble klart etter at forslaget om nye spilleregler, som blant annet skulle sikre konkurransen mot manipulering av stemmer og politisk p\u00e5virkning, fikk flertall \u2013 noe som igjen gjorde at avstemningen om Israel gikk ut.<\/p>\n<p>    <a class=\"article__link\" data-ga-active-label=\"\" data-ga-active-label-animation=\"\" href=\"https:\/\/www.tv2.no\/underholdning\/island-dropper-eurovision\/18373371\/\" rel=\"nofollow noopener\" target=\"_blank\"><\/p>\n<p>    <img class=\"image__img lazyload\" itemprop=\"image\" title=\"\" alt=\"\" width=\"978\" height=\"411\" bad-src=\"https:\/\/www.europesays.com\/no\/wp-content\/uploads\/2025\/12\/18373384.webp\" fetchpriority=\"auto\" \/><\/p>\n<p>\n            Island dropper Eurovision\n        <\/p>\n<p>    <\/a><\/p>\n<p>NRK var blant kringkasterne som stemte for forslaget, og som har sagt nei til boikott.\u00a0<\/p>\n<p>\u2013 Jeg tenker at NRK i st\u00f8rre grad burde pushet p\u00e5 for en avstemning om Israel skal v\u00e6re med eller ikke. Jeg oppfatter det som feigt at de velger \u00e5 sitte helt stille n\u00e5r man vet reaksjonene de har f\u00e5tt i ettertid, sier Bredesen.<\/p>\n<p>Dette sier NRK n\u00e5<\/p>\n<p>TV 2 har v\u00e6rt i kontakt med NRK, og stilt flere sp\u00f8rsm\u00e5l rundt Israels deltagelse og om hvorfor de ikke gj\u00f8r som blant andre Island og boikotter.<\/p>\n<p>I en epost skriver Camilla Bj\u00f8rn, direkt\u00f8r i innholdsdivisjonen i NRK, at de\u00a0har uttrykt en klar bekymring for konkurransens utvikling de siste \u00e5rene overfor EBU.\u00a0<\/p>\n<p>\u2013 Nettopp derfor har vi jobbet gjennom de formelle prosessene i EBU for innstramming av blant annet reglene. Dette for \u00e5 styrke konkurransens troverdighet. Det har bestandig v\u00e6rt friskt engasjement rundt ESC. Denne situasjonen setter utvilsomt det fellesskapet det er ment \u00e5 v\u00e6re, p\u00e5 pr\u00f8ve. Og diskusjonene konkurransen st\u00e5r i, forsvinner \u00e5penbart ikke med regelendringer alene. Regler skal etterleves. S\u00e5 dette blir et arbeid som m\u00e5 g\u00e5 over tid.<\/p>\n<p>Videre forteller hun at kanalen f\u00f8lger utviklingen i konkurransen n\u00f8ye internt i NRK.<\/p>\n<p>\u2013 Vi vil holde saken p\u00e5 agenda i EBU fremover. Det inneb\u00e6rer blant annet ogs\u00e5 at vi raskt b\u00f8r evaluere gjennomf\u00f8ringen av Eurovision 2026, og at vi fortsetter arbeidet med \u00e5 forbedre Eurovision.\u00a0<\/p>\n<p>    <a class=\"article__link\" data-ga-active-label=\"\" data-ga-active-label-animation=\"\" href=\"https:\/\/www.tv2.no\/underholdning\/nrk-svarer-om-eurovision-endringene-forelopig-lovende\/18309892\/\" rel=\"nofollow noopener\" target=\"_blank\"><\/p>\n<p>    <img class=\"image__img lazyload\" itemprop=\"image\" title=\"\" alt=\"\" width=\"978\" height=\"411\" bad-src=\"https:\/\/www.europesays.com\/no\/wp-content\/uploads\/2025\/12\/18309908.webp\" fetchpriority=\"auto\" \/><\/p>\n<p>\n            NRK svarer om Eurovision-endringene: \u2013 Forel\u00f8pig lovende\n        <\/p>\n<p>    <\/a><\/p>\n<p>Camilla Bj\u00f8rn er ikke overrasket over boikottene som har kommet, selv om konkurransen fortsatt har en bred oppslutning bland EBUs medlemmer.\u00a0<\/p>\n<p>\u2013 Dette er allmennkringkastere som lenge har varslet sine\u00a0ultimatum knyttet til deltagelse. NRKs holdning har hele veien v\u00e6rt at vi ikke tror p\u00e5 boikott, og det st\u00e5r vi ved.<\/p>\n<p>\u2013 Vi tror fellesarenaer for kulturm\u00f8nstring p\u00e5 tvers av landegrenser er viktigere enn p\u00e5 lenge, og derfor har vi valgt \u00e5 jobbe for l\u00f8sninger som kan st\u00e5 seg over tid. Endringene som n\u00e5 innf\u00f8res, blant annet rundt stemmesystemet og betalte kampanjer, er n\u00f8dvendige for \u00e5 styrke tilliten til konkurransen.\u00a0<\/p>\n<p>        <img class=\"image__img lazyload\" itemprop=\"image\" title=\"Foto: JESSICA GOW\/TT \/ AFP \/ NTB\" alt=\"BUET UT: Israels deltager i 2024, Eden Golan ble buet av scenen i Malm\u00f6. Foto: JESSICA GOW\/TT \/ AFP \/ NTB\" width=\"675\" height=\"446\" bad-src=\"https:\/\/www.europesays.com\/no\/wp-content\/uploads\/2025\/12\/18378989.webp\" fetchpriority=\"auto\" \/><\/p>\n<p>      BUET UT: Israels deltager i 2024, Eden Golan ble buet av scenen i Malm\u00f6.<br \/>\n         Foto: JESSICA GOW\/TT \/ AFP \/ NTB<\/p>\n<p>        <img class=\"image__img lazyload\" itemprop=\"image\" title=\"Foto: Martin Meissner \/ AP \/ NTB\" alt=\"N\u00c6RE P\u00c5: Israel, representert av Yuval Raphael, var n\u00e6re p\u00e5 \u00e5 vinne ESC i \u00e5r, etter \u00e5 ha vunnet folkestemmene, Det ble til slutt en andreplass Foto: Martin Meissner \/ AP \/ NTB\" width=\"978\" height=\"551\" bad-src=\"https:\/\/www.europesays.com\/no\/wp-content\/uploads\/2025\/12\/18363255.webp\" fetchpriority=\"auto\" \/><\/p>\n<p>      N\u00c6RE P\u00c5: Israel, representert av Yuval Raphael, var n\u00e6re p\u00e5 \u00e5 vinne ESC i \u00e5r, etter \u00e5 ha vunnet folkestemmene, Det ble til slutt en andreplass<br \/>\n         Foto: Martin Meissner \/ AP \/ NTB<\/p>\n<p>Skal ha drevet lobbyvirksomhet<\/p>\n<p>I etterkant av det avgj\u00f8rende m\u00f8tet i Gen\u00e8ve, har israelske medier rapportert om hvordan\u00a0Israel sikret seg sin plass videre i Eurovision f\u00f8rst etter en intensiv, m\u00e5neder lang diplomatisk kampanje og lobbyvirksomhet.<\/p>\n<p><a href=\"https:\/\/www.ynetnews.com\/culture\/article\/rjx22d1mwg\" target=\"_blank\" rel=\"nofollow noopener\">Ynet<\/a>, et av Israels st\u00f8rste nyhetsnettsteder, skriver blant annet at det i stor grad skal ha foreg\u00e5tt bak kulissene, og beskriver en koordinert lobbyvirksomhet som involverte ledere i den israelske kringkasteren og deltager i ESC, KAN, regjeringsr\u00e5dgivere og landets president for \u00e5 forhindre utkastelse.<\/p>\n<p> \u2013 Sp\u00f8rsm\u00e5let er hva Israel har foretatt seg i Gen\u00e8ve, n\u00e5r det kommer til lobbyvirksomhet. Hva har de sagt? Hvem har de snakket med? Vi vet det har v\u00e6rt misn\u00f8ye rundt israelske delegasjoner ved tidligere anledninger i Eurovision, sier Eurovision-ekspert Johan Patrick Bredesen.<\/p>\n<p>Tidligere har blant andre norske G\u00e5te fortalt om situasjonen de selv sto i under sin deltagelse i 2024. Bandet var n\u00e6re ved \u00e5 trekke seg p\u00e5 selve finaledagen som f\u00f8lge av situasjonen og dramaet som utspilte seg i Malm\u00f6.<\/p>\n<p> \u2013 Vi kjenner ikke til lobbyvirksomhet fra KANs side overfor oss, sier Camilla Bj\u00f8rn i NRK avslutningsvis. <\/p>\n<p>TV 2 har v\u00e6rt i kontakt med EBU. De viser til det<a href=\"https:\/\/www.eurovision.com\/newsroom\/letter-to-our-fans-from-martin-green\/\" target=\"_blank\" rel=\"nofollow noopener\"> \u00e5pne brevet f<\/a>ra Martin Green, direkt\u00f8r for ESC, som ble publisert p\u00e5 deres egne sider\u00a0torsdag. De har ingen kommentar utover det.<\/p>\n<p>Den f\u00f8rste semifinalen av Eurovision Song Contest g\u00e5r etter planen av stabelen 12. mai, med den andre semifinalen 14. mai, og finalen 16. mai.<\/p>\n<p>Hvem som skal kjempe om seier for Norge mot blant andre Israel, Sverige og Danmark, avgj\u00f8res 28. februar \u2013 da er det duket for finale i Melodi Grand Prix.<\/p>\n","protected":false},"excerpt":{"rendered":"S\u00e5 langt har fem land valgt \u00e5 boikotte neste \u00e5rs Eurovision Song Contest (ESC) i \u00d8sterrike. Verken Island,&hellip;\n","protected":false},"author":2,"featured_media":111792,"comment_status":"","ping_status":"","sticky":false,"template":"","format":"standard","meta":{"footnotes":""},"categories":[12],"tags":[20,21,24,25,15,22,23,13,30,28,29,14,16,26,27,42,43,44,45],"class_list":{"0":"post-111791","1":"post","2":"type-post","3":"status-publish","4":"format-standard","5":"has-post-thumbnail","7":"category-verden","8":"tag-breaking-news","9":"tag-breakingnews","10":"tag-featured-news","11":"tag-featurednews","12":"tag-headlines","13":"tag-latest-news","14":"tag-latestnews","15":"tag-news","16":"tag-no","17":"tag-norge","18":"tag-norway","19":"tag-nyheter","20":"tag-overskrifter","21":"tag-top-stories","22":"tag-topstories","23":"tag-verden","24":"tag-world","25":"tag-world-news","26":"tag-worldnews"},"share_on_mastodon":{"url":"https:\/\/pubeurope.com\/@no\/115709057748432381","error":""},"_links":{"self":[{"href":"https:\/\/www.europesays.com\/no\/wp-json\/wp\/v2\/posts\/111791","targetHints":{"allow":["GET"]}}],"collection":[{"href":"https:\/\/www.europesays.com\/no\/wp-json\/wp\/v2\/posts"}],"about":[{"href":"https:\/\/www.europesays.com\/no\/wp-json\/wp\/v2\/types\/post"}],"author":[{"embeddable":true,"href":"https:\/\/www.europesays.com\/no\/wp-json\/wp\/v2\/users\/2"}],"replies":[{"embeddable":true,"href":"https:\/\/www.europesays.com\/no\/wp-json\/wp\/v2\/comments?post=111791"}],"version-history":[{"count":0,"href":"https:\/\/www.europesays.com\/no\/wp-json\/wp\/v2\/posts\/111791\/revisions"}],"wp:featuredmedia":[{"embeddable":true,"href":"https:\/\/www.europesays.com\/no\/wp-json\/wp\/v2\/media\/111792"}],"wp:attachment":[{"href":"https:\/\/www.europesays.com\/no\/wp-json\/wp\/v2\/media?parent=111791"}],"wp:term":[{"taxonomy":"category","embeddable":true,"href":"https:\/\/www.europesays.com\/no\/wp-json\/wp\/v2\/categories?post=111791"},{"taxonomy":"post_tag","embeddable":true,"href":"https:\/\/www.europesays.com\/no\/wp-json\/wp\/v2\/tags?post=111791"}],"curies":[{"name":"wp","href":"https:\/\/api.w.org\/{rel}","templated":true}]}}