{"id":111795,"date":"2025-12-12T22:56:11","date_gmt":"2025-12-12T22:56:11","guid":{"rendered":"https:\/\/www.europesays.com\/no\/111795\/"},"modified":"2025-12-12T22:56:11","modified_gmt":"2025-12-12T22:56:11","slug":"avslorer-ukjent-drama-far-betale-etter-sondag","status":"publish","type":"post","link":"https:\/\/www.europesays.com\/no\/111795\/","title":{"rendered":"Avsl\u00f8rer ukjent drama: &#8211; F\u00e5r betale etter s\u00f8ndag"},"content":{"rendered":"<p>Med 35\u201325 over Nederland fredag er Norge klare for nok en VM-finale.\u00a0<\/p>\n<p>\u2013 Det var spennende i starten, men s\u00e5 drar vi ifra, som vi pleier. Det er en fantastisk f\u00f8lelse, sier Maren Aardahl til TV 2.\u00a0<\/p>\n<p>Litt mystikk ble det imidlertid underveis i semifinalen i Rotterdam.\u00a0<\/p>\n<p class=\"bold m-bold\" data-lab-font_weight=\"bold\">Da lagene startet andre omgang, tok det flere minutter f\u00f8r den tr\u00f8nderske forsvarssjefen kom ut av garderoben.\u00a0<\/p>\n<p>\u2013 Det kan vi snakke om etter s\u00f8ndagen, er Aardahls korte kommentar.\u00a0<\/p>\n<p>Men 31-\u00e5ringen klarer ikke \u00e5 skjule at hun sliter med ett eller annet f\u00f8r s\u00f8ndagens finale mot Tyskland.\u00a0<\/p>\n<p>Ogs\u00e5 etter kvartfinalen mot Montenegro ble hun observert haltende ut av pressesonen etter kampen.\u00a0<\/p>\n<p>\u2013 Ja, det kan vi ogs\u00e5 snakke om etter s\u00f8ndag.\u00a0<\/p>\n<p class=\"italic m-italic\" data-lab-font_weight=\"\" data-lab-italic=\"italic\">\u2013 Du vil ikke si noe om det?\u00a0<\/p>\n<p>\u2013 Nei, men n\u00e5r jeg spiller s\u00e5 g\u00e5r jeg \u00aball in\u00bb. Jeg f\u00f8ler ikke at jeg er hemmet av det. Jeg gir alt jeg kan, og s\u00e5 f\u00e5r vi betale for det etter s\u00f8ndag, sier Ardahl.\u00a0<\/p>\n<p>        <img class=\"image__img lazyload\" itemprop=\"image\" title=\"Foto: Beate Oma Dahle \/ NTB\" alt=\"GIR ALT: Det skal mye til for \u00e5 stoppe Maren Aardahl i jakten p\u00e5 et VM-gull. Foto: Beate Oma Dahle \/ NTB\" width=\"675\" height=\"453\" bad-src=\"https:\/\/www.europesays.com\/no\/wp-content\/uploads\/2025\/12\/18381525.webp\" fetchpriority=\"auto\" \/><\/p>\n<p>      GIR ALT: Det skal mye til for \u00e5 stoppe Maren Aardahl i jakten p\u00e5 et VM-gull.<br \/>\n         Foto: Beate Oma Dahle \/ NTB<\/p>\n<p>For \u00e9n ting er sikkert.\u00a0<\/p>\n<p>Uansett hva hun sliter med, s\u00e5 biter det ikke p\u00e5 en tr\u00f8nder p\u00e5 jakt etter karrierens andre VM-gull.\u00a0<\/p>\n<p>\u2013 Nettopp, avslutter Aardahl bestemt, f\u00f8r hun bryter ut i sin sedvanlige latter.\u00a0<\/p>\n","protected":false},"excerpt":{"rendered":"Med 35\u201325 over Nederland fredag er Norge klare for nok en VM-finale.\u00a0 \u2013 Det var spennende i starten,&hellip;\n","protected":false},"author":2,"featured_media":111796,"comment_status":"","ping_status":"","sticky":false,"template":"","format":"standard","meta":{"footnotes":""},"categories":[59],"tags":[30,28,29,83,82],"class_list":{"0":"post-111795","1":"post","2":"type-post","3":"status-publish","4":"format-standard","5":"has-post-thumbnail","7":"category-sport","8":"tag-no","9":"tag-norge","10":"tag-norway","11":"tag-sport","12":"tag-sports"},"share_on_mastodon":{"url":"https:\/\/pubeurope.com\/@no\/115709069754274989","error":""},"_links":{"self":[{"href":"https:\/\/www.europesays.com\/no\/wp-json\/wp\/v2\/posts\/111795","targetHints":{"allow":["GET"]}}],"collection":[{"href":"https:\/\/www.europesays.com\/no\/wp-json\/wp\/v2\/posts"}],"about":[{"href":"https:\/\/www.europesays.com\/no\/wp-json\/wp\/v2\/types\/post"}],"author":[{"embeddable":true,"href":"https:\/\/www.europesays.com\/no\/wp-json\/wp\/v2\/users\/2"}],"replies":[{"embeddable":true,"href":"https:\/\/www.europesays.com\/no\/wp-json\/wp\/v2\/comments?post=111795"}],"version-history":[{"count":0,"href":"https:\/\/www.europesays.com\/no\/wp-json\/wp\/v2\/posts\/111795\/revisions"}],"wp:featuredmedia":[{"embeddable":true,"href":"https:\/\/www.europesays.com\/no\/wp-json\/wp\/v2\/media\/111796"}],"wp:attachment":[{"href":"https:\/\/www.europesays.com\/no\/wp-json\/wp\/v2\/media?parent=111795"}],"wp:term":[{"taxonomy":"category","embeddable":true,"href":"https:\/\/www.europesays.com\/no\/wp-json\/wp\/v2\/categories?post=111795"},{"taxonomy":"post_tag","embeddable":true,"href":"https:\/\/www.europesays.com\/no\/wp-json\/wp\/v2\/tags?post=111795"}],"curies":[{"name":"wp","href":"https:\/\/api.w.org\/{rel}","templated":true}]}}