{"id":111797,"date":"2025-12-12T22:57:28","date_gmt":"2025-12-12T22:57:28","guid":{"rendered":"https:\/\/www.europesays.com\/no\/111797\/"},"modified":"2025-12-12T22:57:28","modified_gmt":"2025-12-12T22:57:28","slug":"prinsesse-sofia-dukket-opp-i-det-omdiskuterte-plagget","status":"publish","type":"post","link":"https:\/\/www.europesays.com\/no\/111797\/","title":{"rendered":"Prinsesse Sofia dukket opp i det omdiskuterte plagget"},"content":{"rendered":"<p class=\"kicker \" style=\"\">Prinsesse Sofia:\u00a0<\/p>\n<p>  Prinsesse Sofia setter fyr p\u00e5 den tidligere debatten.\u00a0<\/p>\n<p>\n    Prins Carl Philip og prinsesse Sofia. FOTO: NTB\n  <\/p>\n<p>Vi er mest vant til \u00e5 se prinsesse Sofia i elegante k\u00e5per og jakker i de kalde vinterm\u00e5nedene. Derfor skilte politiets uventede bilde av prinseparet p\u00e5 S\u00f6dermalm seg tydelig ut \u2013 der prinsessen bar et plagg som b\u00e5de er elsket og hatet.<\/p>\n<p><a href=\"https:\/\/www.kk.no\/mote\/slaktes-sorgelig-og-smatt-kvinnehatende\/82727712\" rel=\"nofollow noopener\" target=\"_blank\">Tidligere i \u00e5r skrev KK<\/a> om jakka som skapte enorm debatt i nabolandet Sverige, etter at den Londonbaserte Svenska Dagbladet-kommentatoren <a href=\"https:\/\/www.svd.se\/a\/nynVPx\/varfor-envisas-med-mammakorvar\" rel=\"nofollow noopener\" target=\"_blank\">Alice Aveshagen spredte sin avsky til de popul\u00e6re lange dunjakkene<\/a> som vi ser overalt i Norden.\u00a0<\/p>\n<p class=\"font-weight-bold m-font-weight-bold\" data-lab-font_weight=\"font-weight-bold\">Ja, vi snakker om \u00abmammakorven\u00bb, eller\u00a0\u00abmammap\u00f8lsen\u00bb direkte oversatt til norsk.<\/p>\n<p>    <a itemprop=\"url\" href=\"https:\/\/www.kk.no\/underholdning\/slik-er-vi-ikke-vant-til-a-se-prinseparet-1\/79894075\" rel=\"nofollow noopener\" target=\"_blank\"><\/p>\n<p>        <img loading=\"lazy\" decoding=\"async\" src=\"https:\/\/www.europesays.com\/no\/wp-content\/uploads\/2025\/12\/79894236.webp\" width=\"980\" height=\"441\" title=\"Slik er vi ikke vant til \u00e5 se prinseparet\" alt=\"\" class=\"lazyload\" style=\"--aspect-ratio-image: 2.22; \"\/><\/p>\n<p>        Slik er vi ikke vant til \u00e5 se prinseparet<\/p>\n<p>    <\/a><\/p>\n<p>&#8211;\u00a0\u00a0Skal ikke spottes for \u00e5 g\u00e5 i boblejakke i mammaperm\t<\/p>\n<p>At prinsesse Sofia har en garderobe man kan misunne, er de fleste enige om \u2013 hun blir sjelden fotografert i antrekk som ikke er elegante, eksklusive og moteriktige. Ved offisielle oppdrag i vinterhalv\u00e5ret ser vi henne som oftest i vakre k\u00e5per og velsittende jakker, som regel kombinert med flotte kjoler eller bukser og stilige skinnst\u00f8vler.<\/p>\n<p>    <a itemprop=\"url\" href=\"https:\/\/www.kk.no\/mote\/stjal-showet\/80205552\" rel=\"nofollow noopener\" target=\"_blank\"><\/p>\n<p>        <img loading=\"lazy\" decoding=\"async\" src=\"https:\/\/www.europesays.com\/no\/wp-content\/uploads\/2025\/12\/80205578.webp\" width=\"980\" height=\"441\" title=\"Stjal showet\" alt=\"\" class=\"lazyload\" style=\"--aspect-ratio-image: 2.22; \"\/><\/p>\n<p>        Stjal showet<\/p>\n<p>    <\/a><\/p>\n<p>Da politiet p\u00e5 S\u00f6dermalm nylig publiserte et bilde av prinsesse Sofia sammen med ektemannen prins Carl Philip og deres s\u00f8nn prins Julian, fikk vi derimot se prinsessen i en helt ny stil.\u00a0<\/p>\n<p class=\"font-weight-bold m-font-weight-bold\" data-lab-font_weight=\"font-weight-bold\">Det viser seg nemlig at Sofia, akkurat som mange andre sm\u00e5barnsm\u00f8dre, er stor fan av den omdiskuterte \u00abmammap\u00f8lsen\u00bb.<\/p>\n<p>Aveshagen, p\u00e5 sin side, d\u00f8mte det varme ytterplagget som et motebrudd. Dunjakken er hverken figursydd eller oversized, og har gjerne flere lommer enn man noen sinne har behov for, mente hun. Den minner fort om en st\u00e5ende sovepose og sees som regel i svart, gr\u00e5 eller beige.<\/p>\n<p>Det utl\u00f8ste en intens debatt, der noen mente at \u00abmammap\u00f8lsen\u00bb senket stilniv\u00e5et, mens andre forsvarte den som det perfekte plagget ingen burde klage p\u00e5. S\u00e6rlig sm\u00e5barnsm\u00f8dre som st\u00e5r ute og fryser i lekeparker, har hyllet jakken.<\/p>\n<p>        <img loading=\"lazy\" decoding=\"async\" src=\"https:\/\/www.europesays.com\/no\/wp-content\/uploads\/2025\/12\/83972452.webp\" width=\"980\" height=\"559\" title=\"Den lange varme folkefavoritten har blitt slaktet i nabolandet. Foto: NTB\" alt=\"\" class=\"\" style=\"--aspect-ratio-image: 1.75; \"\/><\/p>\n<p>\n        Den lange varme folkefavoritten har blitt slaktet i nabolandet. Foto: NTB\n    <\/p>\n<p>    <a itemprop=\"url\" href=\"https:\/\/www.kk.no\/underholdning\/dette-har-aldri-skjedd-for\/76213616\" rel=\"nofollow noopener\" target=\"_blank\"><\/p>\n<p>        <img loading=\"lazy\" decoding=\"async\" src=\"https:\/\/www.europesays.com\/no\/wp-content\/uploads\/2025\/12\/76187015.webp\" width=\"980\" height=\"441\" title=\"Dette har aldri skjedd f\u00f8r\" alt=\"\" class=\"lazyload\" style=\"--aspect-ratio-image: 2.22; \"\/><\/p>\n<p>        Dette har aldri skjedd f\u00f8r<\/p>\n<p>    <\/a><\/p>\n<p>        KL\u00c6R: Se KK-journalist Mina Knudsen vise et supertips for \u00e5 f\u00e5 str\u00f8mpebuksene dine til \u00e5 vare lenger. Video: Aller media\/Oskar Brus\u00e9n<\/p>\n<p>If\u00f8lge\u00a0KKs moteansvarlig, Ida Elise Eide Einard\u00f3ttir kan vi fint t\u00e5le \u00e5 bli mer lekne i den personlige hverdagsstilen v\u00e5r.\u00a0<\/p>\n<p>&#8211; Men da m\u00e5 det v\u00e6re fordi en selv vil, og ikke fordi man skal spottes for \u00e5 g\u00e5 i boblejakke i mammaperm, fastsl\u00e5r hun.<\/p>\n<p>&#8211; Det er kanskje rart \u00e5 skulle hisse seg opp over det, men det er jo fordi det etter hvert f\u00f8yer seg inn i rekken i et slags m\u00f8nster av kritikk mot kvinner og hvordan vi skal st\u00e5, g\u00e5 og kle oss &#8211; i alle fall i et historisk perspektiv, hevder Einarsd\u00f3ttir.<\/p>\n<p>Videre p\u00e5peker Einarsd\u00f3ttir at kronikken til Svenska Dagbladets kommentator b\u00e5de var vittig og lettbeint skrevet, og at mange kan kjenne seg igjen i beskrivelsen av \u00abmammap\u00f8lsen\u00bb.<\/p>\n<p>&#8211; Verre blir det n\u00e5r man tillegges egenskaper som kvinne \u2013 og mor \u2013 bare fordi man velger \u00e5 ikle seg noe som i utgangspunktet skal v\u00e6re varmt og praktisk, som tross alt er det mest grunnleggende n\u00e5r det kommer til \u00e5 kle seg.<\/p>\n<p>    <a itemprop=\"url\" href=\"https:\/\/www.kk.no\/mote\/treffer-sa-til-de-grader\/83217000\" rel=\"nofollow noopener\" target=\"_blank\"><\/p>\n<p>        <img loading=\"lazy\" decoding=\"async\" src=\"https:\/\/www.europesays.com\/no\/wp-content\/uploads\/2025\/12\/83217090.webp\" width=\"980\" height=\"441\" title=\"\u2013 Treffer s\u00e5 til de grader\" alt=\"\" class=\"lazyload\" style=\"--aspect-ratio-image: 2.22; \"\/><\/p>\n<p>        \u2013 Treffer s\u00e5 til de grader<\/p>\n<p>    <\/a><\/p>\n<p>&#8211; Herlig\t<\/p>\n<p>Prinsesse Sofia har valgt en \u00abmammap\u00f8lse\u00bb med belte i midjen, noe som gir en mer klassisk k\u00e5pesilhuett. Til dette har hun en rustfarget strikkelue for \u00e5 holde godt p\u00e5 varmen. Ogs\u00e5 ektemannen valgte en varm dunjakke over dressen sin. P\u00e5 bildet ser vi dessuten lille Julian forn\u00f8yd bak rattet i politibilen.<\/p>\n<p>\u00abKongelig bes\u00f8k av prins Carl Philip, prinsesse Sofia og prins Julian i et regnfullt Stockholm\u00bb, skriver politiet p\u00e5 Instagram.<\/p>\n<p>\u00abFor et herlig bilde! S\u00e5 spennende for lille prins Julian\u00bb, kommenterer en person.<\/p>\n<p>\u00abTusen takk for at dere deler dette fine bildet! Det er alltid fantastisk \u00e5 se prins Carl Philip og prinsesse Sofia med sine sm\u00e5\u00bb, roser en annen.<\/p>\n<p>    <a itemprop=\"url\" href=\"https:\/\/www.kk.no\/mote\/slaktes-sorgelig-og-smatt-kvinnehatende\/82727712\" rel=\"nofollow noopener\" target=\"_blank\"><\/p>\n<p>        <img loading=\"lazy\" decoding=\"async\" src=\"https:\/\/www.europesays.com\/no\/wp-content\/uploads\/2025\/12\/82729373.webp\" width=\"980\" height=\"441\" title=\"Slaktes: - S\u00f8rgelig og sm\u00e5tt kvinnehatende\" alt=\"\" class=\"lazyload\" style=\"--aspect-ratio-image: 2.22; \"\/><\/p>\n<p>        Slaktes: &#8211; S\u00f8rgelig og sm\u00e5tt kvinnehatende<\/p>\n<p>    <\/a><\/p>\n<p class=\"italic m-italic\" data-lab-italic=\"italic\">Denne saken ble f\u00f8rst publisert hos <a href=\"https:\/\/www.femina.se\/mode\/prinsessan-sofia-dyker-upp-i-omdiskuterade-plagget-harlig\/11183665\" rel=\"nofollow noopener\" target=\"_blank\">Femina<\/a>, som ogs\u00e5 eies av Aller Media. Dette er en utvidet versjon.\u00a0<\/p>\n","protected":false},"excerpt":{"rendered":"Prinsesse Sofia:\u00a0 Prinsesse Sofia setter fyr p\u00e5 den tidligere debatten.\u00a0 Prins Carl Philip og prinsesse Sofia. FOTO: NTB&hellip;\n","protected":false},"author":2,"featured_media":111798,"comment_status":"","ping_status":"","sticky":false,"template":"","format":"standard","meta":{"footnotes":""},"categories":[58],"tags":[13680,71,13681,4024,30,28,29,4247,72],"class_list":{"0":"post-111797","1":"post","2":"type-post","3":"status-publish","4":"format-standard","5":"has-post-thumbnail","7":"category-underholdning","8":"tag-dunjakke","9":"tag-entertainment","10":"tag-mammapolsa","11":"tag-mote","12":"tag-no","13":"tag-norge","14":"tag-norway","15":"tag-prinsesse-sofia","16":"tag-underholdning"},"share_on_mastodon":{"url":"https:\/\/pubeurope.com\/@no\/115709073610152786","error":""},"_links":{"self":[{"href":"https:\/\/www.europesays.com\/no\/wp-json\/wp\/v2\/posts\/111797","targetHints":{"allow":["GET"]}}],"collection":[{"href":"https:\/\/www.europesays.com\/no\/wp-json\/wp\/v2\/posts"}],"about":[{"href":"https:\/\/www.europesays.com\/no\/wp-json\/wp\/v2\/types\/post"}],"author":[{"embeddable":true,"href":"https:\/\/www.europesays.com\/no\/wp-json\/wp\/v2\/users\/2"}],"replies":[{"embeddable":true,"href":"https:\/\/www.europesays.com\/no\/wp-json\/wp\/v2\/comments?post=111797"}],"version-history":[{"count":0,"href":"https:\/\/www.europesays.com\/no\/wp-json\/wp\/v2\/posts\/111797\/revisions"}],"wp:featuredmedia":[{"embeddable":true,"href":"https:\/\/www.europesays.com\/no\/wp-json\/wp\/v2\/media\/111798"}],"wp:attachment":[{"href":"https:\/\/www.europesays.com\/no\/wp-json\/wp\/v2\/media?parent=111797"}],"wp:term":[{"taxonomy":"category","embeddable":true,"href":"https:\/\/www.europesays.com\/no\/wp-json\/wp\/v2\/categories?post=111797"},{"taxonomy":"post_tag","embeddable":true,"href":"https:\/\/www.europesays.com\/no\/wp-json\/wp\/v2\/tags?post=111797"}],"curies":[{"name":"wp","href":"https:\/\/api.w.org\/{rel}","templated":true}]}}