{"id":111799,"date":"2025-12-12T23:00:19","date_gmt":"2025-12-12T23:00:19","guid":{"rendered":"https:\/\/www.europesays.com\/no\/111799\/"},"modified":"2025-12-12T23:00:19","modified_gmt":"2025-12-12T23:00:19","slug":"fotball-vm-2026-graten-tar-meg","status":"publish","type":"post","link":"https:\/\/www.europesays.com\/no\/111799\/","title":{"rendered":"Fotball-VM 2026 | Gr\u00e5ten tar meg"},"content":{"rendered":"\n<p><b>Du har sikkert h\u00f8rt det f\u00f8r, uttrykket \u00abikke vite om man skal le eller gr\u00e5te\u00bb. Det \u00e5 v\u00e6re usikker p\u00e5 om en skal reagere med alvor eller se det komiske i en situasjon. Jeg har ofte valgt det siste, men s\u00e5nn verden ser ut n\u00e5 blir det stadig vanskeligere \u00e5 holde t\u00e5rene unna.<\/b><\/p>\n<p>Jeg synes det var rimelig spr\u00f8tt, men ikke spesielt uventet, da den amerikanske presidenten i januar ben\u00e5det cirka 1500 straffed\u00f8mte, eller gisler som han kalte dem, for deres deltakelse i stormingen av kongressen 6. januar 2001.<\/p>\n<p>Jeg fikk hakeslepp da jeg kom <a href=\"https:\/\/pen.org\/banned-words-list\/\" rel=\"nofollow noopener\" target=\"_blank\">over listen fra PEN America<\/a> (en organisasjon som kjemper for det skrevne ord) med ord som administrasjonen \u00abover there\u00bb har forbudt bruken av p\u00e5 sine nettsider og i dokumenter. Listen har n\u00e5 passert 350 ord og omfatter ikke overraskende det meste som har med klima og mangfold \u00e5 gj\u00f8re, og der finner du til og med begrepet \u00abf\u00f8lelsen av tilh\u00f8righet\u00bb (sense of belonging).<\/p>\n<p><b>George Orwell, forfatteren av den dystopiske romanen \u00ab1984\u00bb og mannen bak begrepet nytale (newspeak), har f\u00e5tt mer rett enn han kunne frykte. Nytale defineres i v\u00e5re dager som \u00abethvert fors\u00f8k p\u00e5 \u00e5 begrense mislikt spr\u00e5k av en regjering eller annen mektig enhet.\u00bb<\/b><\/p>\n<p>Utp\u00e5 h\u00f8sten trodde jeg en annen gjeng, som passer inn i den ovennevnte kategorien, hadde toppet det aller meste. Jeg kom nemlig over noe som het Riyadh Comedy Festival. En stor festival med standup, komedie og sketsjer i Saudi-Arabia.<\/p>\n<p>   <img decoding=\"async\" width=\"1834\" height=\"2803\" fetchpriority=\"low\"  loading=\"lazy\"  src=\"https:\/\/www.europesays.com\/no\/wp-content\/uploads\/2025\/12\/9ddc5592-461f-4416-8add-c3cfd6d2c24b_1.jpg\" alt=\"\" class=\"brick-c-cFOWSL\" style=\"--brick-image-ratio: 1834 \/ 2803;\"\/><\/p>\n<p>      REAKSJON: Jeg tar det som et godt tegn p\u00e5 at jeg fortsatt lot meg oppr\u00f8re av forestillingen vi ble servert da neste \u00e5rs fotball-VM skulle trekkes i Washington, skriver Arne Lysne.<br \/>\n      Foto: T\u00f8nsbergs Blad\n    <\/p>\n<p>Jepp, du leste riktig. Landet som sendte en d\u00f8dsskvadron til et annet land for \u00e5 partere en journalist som skrev artikler de ikke likte (RIP Jamal Khashoggi), og hvor ytringsfriheten ikke har gode k\u00e5r, betalte utenlandske artister godt for \u00e5 underholde seg. Ja, bare de godtok kontrakten som begrenset hva de kunne ytre seg om da \u2026<\/p>\n<p><b>Jeg tar det som et godt tegn at jeg fortsatt lot meg oppr\u00f8re av forestillingen vi ble servert da neste \u00e5rs fotball-VM skulle trekkes i Washington. <\/b><\/p>\n<p>P\u00e5 vegne av meg og milliarder av fotballfans (nei og atter nei) over hele verden, kunne presidenten i det internasjonale fotballforbundet (FIFA) nemlig dele ut en helt ny fredspris til Donald J. Trump, tydeligvis FIFA-presidentens st\u00f8rste helt, for Trumps arbeid for \u00abfred og fellesskap\u00bb.<\/p>\n<p><b>Dette var ikke satire, det var ramme alvor, og det er et av de pinligste \u00f8yeblikkene jeg kan huske fra mine snart 60 \u00e5r som fotballinteressert. <\/b><\/p>\n<p>Jeg visste ikke om jeg skulle le eller gr\u00e5te der jeg satt i sofaen, og kjente at uansett duell mellom Haaland og Mbappe, s\u00e5 var det n\u00e5 p\u00e5 tide \u00e5 gi opp den internasjonale toppfotballen for godt.<\/p>\n<p><b>LES FLERE PETITER HER:<\/b><\/p>\n<p>  <a href=\"https:\/\/www.tb.no\/5-76-2723481\" class=\"related-teaser has-image default-opinion-teaser article--c-eRUmMG article--c-eRUmMG-jKCPdD-design-default\" rel=\"nofollow noopener\" target=\"_blank\"><\/p>\n<p>    <img decoding=\"async\" loading=\"lazy\"  src=\"https:\/\/www.europesays.com\/no\/wp-content\/uploads\/2025\/12\/postkasser.jpg\" alt=\"\" class=\"brick-c-cFOWSL\" style=\"\"\/><\/p>\n<p>\n            Les ogs\u00e5<\/p>\n<p>              Helthjem, eller heltp\u00e5jordet &#8230;\n        <\/p>\n<p>  <\/a><\/p>\n<p>  <a href=\"https:\/\/www.tb.no\/5-76-2700042\" class=\"related-teaser has-image default-opinion-teaser article--c-eRUmMG article--c-eRUmMG-jKCPdD-design-default\" rel=\"nofollow noopener\" target=\"_blank\"><\/p>\n<p>    <img decoding=\"async\" loading=\"lazy\"  src=\"https:\/\/www.europesays.com\/no\/wp-content\/uploads\/2025\/12\/%C3%A5ge+sten.jpg\" alt=\"\" class=\"brick-c-cFOWSL\" style=\"\"\/><\/p>\n<p>\n            Les ogs\u00e5<\/p>\n<p>              One night in Fredrikstad\n        <\/p>\n<p>  <\/a><\/p>\n<p>  <a href=\"https:\/\/www.tb.no\/5-76-2680330\" class=\"related-teaser has-image default-opinion-teaser article--c-eRUmMG article--c-eRUmMG-jKCPdD-design-default\" rel=\"nofollow noopener\" target=\"_blank\"><\/p>\n<p>    <img decoding=\"async\" loading=\"lazy\"  src=\"https:\/\/www.europesays.com\/no\/wp-content\/uploads\/2025\/12\/NTB_jb9wfkjY73o.jpg\" alt=\"\" class=\"brick-c-cFOWSL\" style=\"\"\/><\/p>\n<p>\n            Les ogs\u00e5<\/p>\n<p>              Farvel, dagdr\u00f8mmer\n        <\/p>\n<p>  <\/a><\/p>\n<p>  <a href=\"https:\/\/www.tb.no\/5-76-2658735\" class=\"related-teaser has-image default-opinion-teaser article--c-eRUmMG article--c-eRUmMG-jKCPdD-design-default\" rel=\"nofollow noopener\" target=\"_blank\"><\/p>\n<p>    <img decoding=\"async\" loading=\"lazy\"  src=\"https:\/\/www.europesays.com\/no\/wp-content\/uploads\/2025\/12\/01nyhlesetrening007.jpg\" alt=\"\" class=\"brick-c-cFOWSL\" style=\"\"\/><\/p>\n<p>\n            Les ogs\u00e5<\/p>\n<p>              Godt nytt \u00e5r, folkens!\n        <\/p>\n<p>  <\/a><\/p>\n","protected":false},"excerpt":{"rendered":"Du har sikkert h\u00f8rt det f\u00f8r, uttrykket \u00abikke vite om man skal le eller gr\u00e5te\u00bb. Det \u00e5 v\u00e6re&hellip;\n","protected":false},"author":2,"featured_media":111800,"comment_status":"","ping_status":"","sticky":false,"template":"","format":"standard","meta":{"footnotes":""},"categories":[12],"tags":[36,20,21,24,25,8634,15,13682,22,23,156,13,30,28,29,14,1533,16,26,27,42,43,44,45],"class_list":{"0":"post-111799","1":"post","2":"type-post","3":"status-publish","4":"format-standard","5":"has-post-thumbnail","7":"category-verden","8":"tag-art","9":"tag-breaking-news","10":"tag-breakingnews","11":"tag-featured-news","12":"tag-featurednews","13":"tag-fotball-vm-2026","14":"tag-headlines","15":"tag-inni-mitt-hode","16":"tag-latest-news","17":"tag-latestnews","18":"tag-meninger","19":"tag-news","20":"tag-no","21":"tag-norge","22":"tag-norway","23":"tag-nyheter","24":"tag-opinion","25":"tag-overskrifter","26":"tag-top-stories","27":"tag-topstories","28":"tag-verden","29":"tag-world","30":"tag-world-news","31":"tag-worldnews"},"share_on_mastodon":{"url":"https:\/\/pubeurope.com\/@no\/115709085369936844","error":""},"_links":{"self":[{"href":"https:\/\/www.europesays.com\/no\/wp-json\/wp\/v2\/posts\/111799","targetHints":{"allow":["GET"]}}],"collection":[{"href":"https:\/\/www.europesays.com\/no\/wp-json\/wp\/v2\/posts"}],"about":[{"href":"https:\/\/www.europesays.com\/no\/wp-json\/wp\/v2\/types\/post"}],"author":[{"embeddable":true,"href":"https:\/\/www.europesays.com\/no\/wp-json\/wp\/v2\/users\/2"}],"replies":[{"embeddable":true,"href":"https:\/\/www.europesays.com\/no\/wp-json\/wp\/v2\/comments?post=111799"}],"version-history":[{"count":0,"href":"https:\/\/www.europesays.com\/no\/wp-json\/wp\/v2\/posts\/111799\/revisions"}],"wp:featuredmedia":[{"embeddable":true,"href":"https:\/\/www.europesays.com\/no\/wp-json\/wp\/v2\/media\/111800"}],"wp:attachment":[{"href":"https:\/\/www.europesays.com\/no\/wp-json\/wp\/v2\/media?parent=111799"}],"wp:term":[{"taxonomy":"category","embeddable":true,"href":"https:\/\/www.europesays.com\/no\/wp-json\/wp\/v2\/categories?post=111799"},{"taxonomy":"post_tag","embeddable":true,"href":"https:\/\/www.europesays.com\/no\/wp-json\/wp\/v2\/tags?post=111799"}],"curies":[{"name":"wp","href":"https:\/\/api.w.org\/{rel}","templated":true}]}}