{"id":111808,"date":"2025-12-12T23:17:11","date_gmt":"2025-12-12T23:17:11","guid":{"rendered":"https:\/\/www.europesays.com\/no\/111808\/"},"modified":"2025-12-12T23:17:11","modified_gmt":"2025-12-12T23:17:11","slug":"frykter-de-ikke-liker-amerikanske-fredsplaner","status":"publish","type":"post","link":"https:\/\/www.europesays.com\/no\/111808\/","title":{"rendered":"Frykter de ikke liker amerikanske fredsplaner"},"content":{"rendered":"\n<ul class=\"_list_o9xde_3 _list_64s2r_85 _unordered_o9xde_106 text-sans-m\">\n<li class=\"_item_o9xde_30\">Russland har ikke sett de reviderte amerikanske fredsplanene for Ukraina og frykter misn\u00f8ye med innholdet.<\/li>\n<li class=\"_item_o9xde_30\">R\u00e5dgiver Jurij Usjakov mistenker Russland neppe vil like de nye forslagene.<\/li>\n<li class=\"_item_o9xde_30\">Zelenskyj er klar for valg i Ukraina, men krever v\u00e5penhvile f\u00f8rst.<\/li>\n<li class=\"_item_o9xde_30\">Russland insisterer p\u00e5 at Donbas forblir en del av Den russiske f\u00f8derasjonen.<\/li>\n<\/ul>\n<p>Vis mer <\/p>\n<p class=\"_paragraph_o9xde_4 _paragraph_xtcu6_10 layout-component text-serif-m layout-normal text-serif-m layout-padded\">President\u00adr\u00e5dgiver Jurij Usjakov sier ledelsen i KremlKremlDen offisielle residensen til Russlands president og et symbol p\u00e5 den russiske regjeringen. enn\u00e5 ikke har f\u00e5tt se de reviderte amerikanske <a href=\"https:\/\/www.vg.no\/nyheter\/i\/zOLM71\/trump-usikker-paa-om-zelenskyj-har-lest-fredsforslaget-hans\" data-track-element-type=\"Link\" data-track-id=\"link:zOLM71\" class=\"_link_o9xde_39\" rel=\"nofollow noopener\" target=\"_blank\">planene for fred i Ukraina<\/a>, og antyder at Russland kan bli misforn\u00f8yd med innholdet.<\/p>\n<p class=\"_paragraph_o9xde_4 _paragraph_xtcu6_10 layout-component text-serif-m layout-normal text-serif-m layout-padded\">\u2013 Vi har ikke sett den korrigerte versjonen av de amerikanske utkastene. N\u00e5r vi ser det, er det mye som kan ende med \u00e5 ikke falle oss i smak. Det er s\u00e5nn jeg f\u00f8ler det, sier Usjakov torsdag, if\u00f8lge det statsstyrte russiske nyhetsbyr\u00e5et <a href=\"https:\/\/www.interfax.ru\/russia\/1062894\" class=\"_link_o9xde_39\" rel=\"nofollow noopener\" target=\"_blank\">Interfax<\/a>.<\/p>\n<p><img decoding=\"async\" alt=\"Bilde av  Jurij Usjakov\" class=\"_image_ygndg_42\" height=\"28\" itemprop=\"image\" loading=\"lazy\"  src=\"https:\/\/www.europesays.com\/no\/wp-content\/uploads\/2025\/12\/a15bf49c-0eb5-418d-8685-e64dfebd236a\"  width=\"40\"\/><strong class=\"_name_ygndg_51 title-serif-xs\"> Jurij Usjakov<\/strong><\/p>\n<p class=\"_paragraph_o9xde_4 text-sans-m _description_ygndg_56\">Putins utenriks\u00adpolitiske r\u00e5dgiver<\/p>\n<p class=\"_paragraph_o9xde_4 _paragraph_xtcu6_10 layout-component text-serif-m layout-normal text-serif-m layout-padded\">Uttalelsene kommer mens USA if\u00f8lge Usjakov skal ha \u00abbrainstorming\u00bb i helgen om Ukraina-situasjonen, etter arbeidsforhandlinger med Europa og Ukraina.<\/p>\n<p class=\"_paragraph_o9xde_4 _paragraph_xtcu6_10 layout-component text-serif-m layout-normal text-serif-m layout-padded\">\u2013 Forel\u00f8pig, etter alle disse forhandlingene med Europa og med Ukraina, skal de vise oss dokumentene, og vi m\u00e5 se hva som har skjedd etter denne kontakten, sier han if\u00f8lge <a href=\"https:\/\/www.interfax.ru\/russia\/1062894\" class=\"_link_o9xde_39\" rel=\"nofollow noopener\" target=\"_blank\">Interfax<\/a>.<\/p>\n<p class=\"_paragraph_o9xde_4 _paragraph_xtcu6_10 layout-component text-serif-m layout-normal text-serif-m layout-padded\">Det f\u00f8rste amerikanske utkastet til fredsavtale la opp til at Ukraina m\u00e5tte avst\u00e5 hele Donetsk-fylket, og at regionen deretter skulle anerkjennes som de factode factoEt uttrykk som betyr \u00abi praksis\u00bb eller \u00abfaktisk\u00bb, selv om det ikke er offisielt anerkjent. russisk, ogs\u00e5 av USA. <\/p>\n<p class=\"_paragraph_o9xde_4 _paragraph_xtcu6_10 layout-component text-serif-m layout-normal text-serif-m layout-padded\">Etter press fra Ukraina og deres europeiske allierte er planene siden revidert flere ganger.<\/p>\n<p class=\"_paragraph_o9xde_4 _paragraph_xtcu6_10 layout-component text-serif-m layout-normal text-serif-m layout-padded\">\u2013 Jeg har en f\u00f8lelse av at vi ikke kommer til \u00e5 like forslagene s\u00e5 mye, sier Usjakov i et intervju med den russiske avisen Kommersant, gjengitt av nyhetsbyr\u00e5et Interfax.<\/p>\n<p class=\"_paragraph_o9xde_4 _paragraph_xtcu6_10 layout-component text-serif-m layout-normal text-serif-m layout-padded\">Han la til at Russland trolig ikke vil v\u00e6re forn\u00f8yd med alt i planene:<\/p>\n<p class=\"_paragraph_o9xde_4 _paragraph_xtcu6_10 layout-component text-serif-m layout-normal text-serif-m layout-padded\">\u2013 Jeg tror at vi heller ikke vil v\u00e6re forn\u00f8yde med alt. <\/p>\n<p>Varmere fronter<\/p>\n<p class=\"_paragraph_o9xde_4 _paragraph_xtcu6_10 layout-component text-serif-m layout-normal text-serif-m layout-padded\">Samtidig signaliserer den russiske ledelsen i Kreml at dialogen med USA vil fortsette, uansett hva som skjer med de amerikanske planene.<\/p>\n<p class=\"_paragraph_o9xde_4 _paragraph_xtcu6_10 layout-component text-serif-m layout-normal text-serif-m layout-padded\">\u2013 F\u00f8r eller siden vil aktiv kontakt med amerikanerne gjenopptas, fordi det amerikanerne n\u00e5 koordinerer med europeerne og ukrainerne, til slutt m\u00e5 vises til oss, noe som naturligvis ogs\u00e5 vil fremkalle v\u00e5r tilsvarende reaksjon, sa Usjakov if\u00f8lge <a href=\"https:\/\/www.interfax.ru\/russia\/1062895\" class=\"_link_o9xde_39\" rel=\"nofollow noopener\" target=\"_blank\">Interfax<\/a>.<\/p>\n<p class=\"_paragraph_o9xde_4 _paragraph_xtcu6_10 layout-component text-serif-m layout-normal text-serif-m layout-padded\">I november ble en fem minutter lang <a href=\"https:\/\/www.vg.no\/nyheter\/i\/Rjb8OA\/trumps-utsending-ga-russland-raad-om-fredsplan\" data-track-element-type=\"Link\" data-track-id=\"link:Rjb8OA\" class=\"_link_o9xde_39\" rel=\"nofollow noopener\" target=\"_blank\">telefonsamtale mellom Usjakov og Steve Witkoff<\/a>, Donald Trumps spesialutsending for fredsoppdrag, lekket. <\/p>\n<p class=\"_paragraph_o9xde_4 _paragraph_xtcu6_10 layout-component text-serif-m layout-normal text-serif-m layout-padded\">Der <a href=\"https:\/\/www.vg.no\/nyheter\/i\/Rjb8OA\/trumps-utsending-ga-russland-raad-om-fredsplan\" data-track-element-type=\"Link\" data-track-id=\"link:Rjb8OA\" class=\"_link_o9xde_39\" rel=\"nofollow noopener\" target=\"_blank\">fikk Usjakov r\u00e5d av amerikanske Witkoff <\/a>om at \u00abdet som trengtes for fred var Donetsk\u00bb, og muligens et annet landbytte:<\/p>\n<p class=\"_paragraph_o9xde_4 _paragraph_xtcu6_10 layout-component text-serif-m layout-normal layout-padded\"><strong class=\"_strong_o9xde_25\">Les ogs\u00e5:<\/strong> <a href=\"https:\/\/www.vg.no\/i\/Rjb8OA\" data-track-element-type=\"Link\" data-track-id=\"link:Rjb8OA\" class=\"_link_o9xde_39\" rel=\"nofollow noopener\" target=\"_blank\">Putin-r\u00e5dgiver etter telefon\u00adlekkasje: \u2013 Noen lytter<\/a><\/p>\n<p class=\"_paragraph_o9xde_4 _paragraph_xtcu6_10 layout-component text-serif-m layout-normal text-serif-m layout-padded\">Normalisering av forholdet til Russland st\u00e5r p\u00e5 agendaen for Trump-administrasjonens nasjonale sikkerhets\u00adstrateginasjonale sikkerhets\u00adstrategiTemaet for strategien er USAs nasjonale sikkerhet og hvordan landet skal beskytte sine interesser i verden. Strategien fokuserer p\u00e5 hvordan USA kan bruke sine ressurser og allianser for \u00e5 sikre sin sikkerhet, \u00f8konomi og globale posisjon.. <\/p>\n<p class=\"_paragraph_o9xde_4 _paragraph_xtcu6_10 layout-component text-serif-m layout-normal layout-padded\"><strong class=\"_strong_o9xde_25\">Les ogs\u00e5:<\/strong> <a href=\"https:\/\/www.vg.no\/i\/ln1VOk\" data-track-element-type=\"Link\" data-track-id=\"link:ln1VOk\" class=\"_link_o9xde_39\" rel=\"nofollow noopener\" target=\"_blank\">Ny Trump-strategi: Bekymret for \u00absivilisasjons\u00adutslettelse\u00bb i Europa<\/a><\/p>\n<p class=\"_paragraph_o9xde_4 _paragraph_xtcu6_10 layout-component text-serif-m layout-normal text-serif-m layout-padded\">Der f\u00e5r EU skylden for at konflikten i Ukraina ikke er over, og at USA m\u00e5 s\u00f8ke \u00e5 \u00abre\u00adetablere strategisk stabilitet mot Russland\u00bb, som igjen kan \u00abstabilisere europeiske \u00f8konomier\u00bb. <\/p>\n<p class=\"_paragraph_o9xde_4 _paragraph_xtcu6_10 layout-component text-serif-m layout-normal layout-padded\"><strong class=\"_strong_o9xde_25\">Les ogs\u00e5:<\/strong> <a href=\"https:\/\/www.vg.no\/i\/Pd30pe\" data-track-element-type=\"Link\" data-track-id=\"link:Pd30pe\" class=\"_link_o9xde_39\" rel=\"nofollow noopener\" target=\"_blank\">Svarer Trump: \u2013 Vi m\u00e5 bli mindre avhengige av USA<\/a><\/p>\n<p class=\"_paragraph_o9xde_4 _paragraph_xtcu6_10 layout-component text-serif-m layout-normal text-serif-m layout-padded\">Dette virker \u00e5 ha falt i god jord i Russland, i alle fall if\u00f8lge president Vladimir Putins talsperson Dmitrij Peskov:<\/p>\n<p class=\"_paragraph_o9xde_4 _paragraph_xtcu6_10 layout-component text-serif-m layout-normal text-serif-m layout-padded\">\u2013 Tilpasningene vi ser er sett i stort konsistent med v\u00e5r visjon, sa han s\u00f8ndag. <\/p>\n<p><img alt=\"Jurij Usjakov og Dmitrij Peskov sammen i Turkmenistan fredag.  Foto: ALEXANDER KAZAKOV \/ AFP \/ NTB\" class=\"_image_qp4xg_65 layout-component layout-normal\" data-fullscreen- data-track-element-type=\"Article image fullscreen\" data-track-name=\"ImageFullscreen\" decoding=\"async\" loading=\"lazy\" height=\"2648\" itemprop=\"image\"  src=\"https:\/\/www.europesays.com\/no\/wp-content\/uploads\/2025\/12\/936876a8-d68f-47fb-83cd-e855299668d9\"  style=\"object-position:0% 0%\" width=\"3972\"\/>Jurij Usjakov og Dmitrij Peskov sammen i Turkmenistan fredag.  Foto: ALEXANDER KAZAKOV \/ AFP \/ NTBV\u00e5penhvile<\/p>\n<p class=\"_paragraph_o9xde_4 _paragraph_xtcu6_10 layout-component text-serif-m layout-normal text-serif-m layout-padded\">Russiske myndigheter ser ogs\u00e5 med skepsis p\u00e5 president Volodymyr Zelenskyjs nylige utspill om valg i Ukraina. <\/p>\n<p class=\"_paragraph_o9xde_4 _paragraph_xtcu6_10 layout-component text-serif-m layout-normal text-serif-m layout-padded\">Zelenskyj sier ogs\u00e5 at eventuelle kompromisser knyttet til ukrainske territorier m\u00e5 avgj\u00f8res av folket i Ukraina.<\/p>\n<p class=\"_paragraph_o9xde_4 _paragraph_xtcu6_10 layout-component text-serif-m layout-normal text-serif-m layout-padded\">Utspillet kommer etter \u00f8kende press fra USA. President Donald Trump har anklaget Zelenskyj for \u00e5 bruke krigen til \u00e5 unng\u00e5 valg og holde seg ved makten. <\/p>\n<p class=\"_paragraph_o9xde_4 _paragraph_xtcu6_10 layout-component text-serif-m layout-normal text-serif-m layout-padded\">Den ukrainske presidenten <a href=\"https:\/\/www.vg.no\/nyheter\/i\/Gx1XKl\/zelensky-aapner-for-valg-i-ukraina\" data-track-element-type=\"Link\" data-track-id=\"link:Gx1XKl\" class=\"_link_o9xde_39\" rel=\"nofollow noopener\" target=\"_blank\">bekreftet torsdag at han er klar<\/a> til \u00e5 gjennomf\u00f8re presidentvalg, men krevde v\u00e5penhvile som forutsetning. <\/p>\n<p class=\"_paragraph_o9xde_4 _paragraph_xtcu6_10 layout-component text-serif-m layout-normal text-serif-m layout-padded\">Han sa at Ukraina kan v\u00e6re klar for valg innen 60 til 90 dager, dersom sikkerheten kan garanteres av USA og andre allierte.<\/p>\n<p class=\"_paragraph_o9xde_4 _paragraph_xtcu6_10 layout-component text-serif-m layout-normal layout-padded\"><strong class=\"_strong_o9xde_25\">Les ogs\u00e5:<\/strong> <a href=\"https:\/\/www.vg.no\/i\/Gx1XKl\" data-track-element-type=\"Link\" data-track-id=\"link:Gx1XKl\" class=\"_link_o9xde_39\" rel=\"nofollow noopener\" target=\"_blank\">Kai Eide: \u2013 Valg i Ukraina er en illusjon<\/a><\/p>\n<p class=\"_paragraph_o9xde_4 _paragraph_xtcu6_10 layout-component text-serif-m layout-normal text-serif-m layout-padded\">\u2013 Det er ikke utenkelig at han vil betrakte dette som en mulighet til ganske enkelt \u00e5 oppn\u00e5 midlertidig v\u00e5penhvile, sier russiske Usjakov i en kommentar til TV-kanalen RT, if\u00f8lge <a href=\"https:\/\/www.interfax.ru\/russia\/1062892\" class=\"_link_o9xde_39\" rel=\"nofollow noopener\" target=\"_blank\">Interfax<\/a>.<\/p>\n<p class=\"_paragraph_o9xde_4 _paragraph_xtcu6_10 layout-component text-serif-m layout-normal text-serif-m layout-padded\">Den russiske president\u00adr\u00e5dgiveren presenterer en visjon der Donbas i realiteten er helt og endelig okkupert av Russland, der det ikke lenger er behov for milit\u00e6re styrker.<\/p>\n<p class=\"_paragraph_o9xde_4 _paragraph_xtcu6_10 layout-component text-serif-m layout-normal text-serif-m layout-padded\">\u2013 Men at det vil v\u00e6re nasjonalgarde, politi og alt som er n\u00f8dvendig for \u00e5 opprettholde orden der, sier han, og holder fast ved at hele den ukrainske regionen tilh\u00f8rer Russland.<\/p>\n<p class=\"_paragraph_o9xde_4 _paragraph_xtcu6_10 layout-component text-serif-m layout-normal text-serif-m layout-padded\">\u2013 Uansett hvordan situasjonen blir, er dette territoriet en del av Den russiske f\u00f8derasjonenDen russiske f\u00f8derasjonenDet offisielle navnet p\u00e5 Russland, som er en f\u00f8deral stat best\u00e5ende av flere regioner og republikker., og det vil v\u00e6re under ledelse av v\u00e5r administrasjon, understreket Usjakov.<\/p>\n<p class=\"_paragraph_o9xde_4 _paragraph_xtcu6_10 layout-component text-serif-m layout-normal text-serif-m layout-padded\">Russland kontrollerer i dag mesteparten av de to fylkene Donetsk og Luhansk som utgj\u00f8r Donbas, og gj\u00f8r krav p\u00e5 hele regionen.<\/p>\n<p class=\"_paragraph_o9xde_4 _paragraph_xtcu6_10 layout-component text-serif-m layout-normal layout-padded\"><strong class=\"_strong_o9xde_25\">Les ogs\u00e5:<\/strong> <a href=\"https:\/\/www.vg.no\/i\/m0gnzq\" data-track-element-type=\"Link\" data-track-id=\"link:m0gnzq\" class=\"_link_o9xde_39\" rel=\"nofollow noopener\" target=\"_blank\">Hvem sladret? Og hvorfor?<\/a><\/p>\n<p>    <img decoding=\"async\" alt=\"Tips oss illustrasjon\" src=\"https:\/\/www.europesays.com\/no\/wp-content\/uploads\/2025\/10\/pssst-small.webp.webp\"\/>    <\/p>\n<p class=\"title-serif-s\">Har du tips?<\/p>\n<p class=\"text-sans-m\">Send oss informasjon, bilder eller video.<\/p>\n<p>  <a href=\"https:\/\/www.vg.no\/tips-oss\" rel=\"nofollow noopener\" target=\"_blank\"> Tips oss <\/a>      <\/p>\n","protected":false},"excerpt":{"rendered":"Russland har ikke sett de reviderte amerikanske fredsplanene for Ukraina og frykter misn\u00f8ye med innholdet. R\u00e5dgiver Jurij Usjakov&hellip;\n","protected":false},"author":2,"featured_media":111809,"comment_status":"","ping_status":"","sticky":false,"template":"","format":"standard","meta":{"footnotes":""},"categories":[12],"tags":[1238,31,20,21,24,25,15,179,22,23,13,30,28,29,14,16,363,26,27,42,186,43,44,45],"class_list":{"0":"post-111808","1":"post","2":"type-post","3":"status-publish","4":"format-standard","5":"has-post-thumbnail","7":"category-verden","8":"tag-amerikansk-politikk","9":"tag-breaking","10":"tag-breaking-news","11":"tag-breakingnews","12":"tag-featured-news","13":"tag-featurednews","14":"tag-headlines","15":"tag-krigen-i-ukraina","16":"tag-latest-news","17":"tag-latestnews","18":"tag-news","19":"tag-no","20":"tag-norge","21":"tag-norway","22":"tag-nyheter","23":"tag-overskrifter","24":"tag-steve-witkoff","25":"tag-top-stories","26":"tag-topstories","27":"tag-verden","28":"tag-vladimir-putin","29":"tag-world","30":"tag-world-news","31":"tag-worldnews"},"share_on_mastodon":{"url":"https:\/\/pubeurope.com\/@no\/115709152182907346","error":""},"_links":{"self":[{"href":"https:\/\/www.europesays.com\/no\/wp-json\/wp\/v2\/posts\/111808","targetHints":{"allow":["GET"]}}],"collection":[{"href":"https:\/\/www.europesays.com\/no\/wp-json\/wp\/v2\/posts"}],"about":[{"href":"https:\/\/www.europesays.com\/no\/wp-json\/wp\/v2\/types\/post"}],"author":[{"embeddable":true,"href":"https:\/\/www.europesays.com\/no\/wp-json\/wp\/v2\/users\/2"}],"replies":[{"embeddable":true,"href":"https:\/\/www.europesays.com\/no\/wp-json\/wp\/v2\/comments?post=111808"}],"version-history":[{"count":0,"href":"https:\/\/www.europesays.com\/no\/wp-json\/wp\/v2\/posts\/111808\/revisions"}],"wp:featuredmedia":[{"embeddable":true,"href":"https:\/\/www.europesays.com\/no\/wp-json\/wp\/v2\/media\/111809"}],"wp:attachment":[{"href":"https:\/\/www.europesays.com\/no\/wp-json\/wp\/v2\/media?parent=111808"}],"wp:term":[{"taxonomy":"category","embeddable":true,"href":"https:\/\/www.europesays.com\/no\/wp-json\/wp\/v2\/categories?post=111808"},{"taxonomy":"post_tag","embeddable":true,"href":"https:\/\/www.europesays.com\/no\/wp-json\/wp\/v2\/tags?post=111808"}],"curies":[{"name":"wp","href":"https:\/\/api.w.org\/{rel}","templated":true}]}}