{"id":111812,"date":"2025-12-12T23:27:13","date_gmt":"2025-12-12T23:27:13","guid":{"rendered":"https:\/\/www.europesays.com\/no\/111812\/"},"modified":"2025-12-12T23:27:13","modified_gmt":"2025-12-12T23:27:13","slug":"venezuelas-eksport-av-olje-kraftig-ned","status":"publish","type":"post","link":"https:\/\/www.europesays.com\/no\/111812\/","title":{"rendered":"Venezuelas eksport av olje kraftig ned"},"content":{"rendered":"\n<p class=\"_lead_o9xde_2 _lead_xtcu6_50 layout-component text-serif-m layout-normal text-serif-l layout-component layout-wide layout-padded _wide_17hqh_1 layout-padded\">Venezuelas eksport av olje har falt kraftig etter at USA beslagla et tankskip tidligere i uka og innf\u00f8rte nye sanksjoner mot landets oljeeksport.<\/p>\n<p><img alt=\"Et bilde fra en video som USAs justisminister Pam Bondi har lagt ut, som viser beslaget av et tankskip p\u00e5 vei fra Venezuela med olje.  Foto: U.S. Attorney General's Office \/ X via AP \/ NTB\" class=\"_image_qp4xg_65 layout-component layout-wide\" data-fullscreen- data-track-element-type=\"Article image fullscreen\" data-track-name=\"ImageFullscreen\" fetchpriority=\"high\" decoding=\"sync\" loading=\"eager\" height=\"2687\" itemprop=\"image\"  src=\"https:\/\/www.europesays.com\/no\/wp-content\/uploads\/2025\/12\/783caba8-b65c-4b0d-b13a-64efb71d2da4\"  style=\"object-position:0% 0%\" width=\"4031\"\/>Et bilde fra en video som USAs justisminister Pam Bondi har lagt ut, som viser beslaget av et tankskip p\u00e5 vei fra Venezuela med olje.  Foto: U.S. Attorney General&#8217;s Office \/ X via AP \/ NTB<\/p>\n<ul aria-hidden=\"true\" class=\"_images_ntbth_112\">\n<li><a class=\"_link_ntbth_117\" href=\"https:\/\/www.vg.no\/forfatter\/ntb\" style=\"z-index:1\" title=\"NTB\" rel=\"nofollow noopener\" target=\"_blank\"><img alt=\"Bilde av NTB\" class=\"_image_ntbth_93\" fetchpriority=\"low\" loading=\"lazy\" decoding=\"async\" itemprop=\"image\"  src=\"https:\/\/www.europesays.com\/no\/wp-content\/uploads\/2025\/12\/1765582033_585_c33980b0-5d07-4027-84a1-813f90a7c8d6\"  width=\"480\"\/><\/a><\/li>\n<\/ul>\n<p> Oppdatert fredag 12. desember kl. 22:43     <\/p>\n<p class=\"_paragraph_o9xde_4 _paragraph_xtcu6_10 layout-component text-serif-m layout-normal text-serif-m layout-padded\">Siden beslaget onsdag har kun tankskip som er chartret av det amerikanske selskapet Chevron, seilt ut fra <a href=\"https:\/\/www.vg.no\/tag\/venezuela?utm_source=vg-article&amp;utm_medium=auto-tagger&amp;utm_campaign=e714qg\" class=\"_link_o9xde_39\" rel=\"nofollow noopener\" target=\"_blank\">Venezuela<\/a> med olje. <\/p>\n<p class=\"_paragraph_o9xde_4 _paragraph_xtcu6_10 layout-component text-serif-m layout-normal text-serif-m layout-padded\">Ingen andre skip har kastet loss, og skip med totalt 11 millioner fat olje om bord holder seg i venezuelansk farvann, av frykt for \u00e5 bli beslaglagt.<\/p>\n<p class=\"_paragraph_o9xde_4 _paragraph_xtcu6_10 layout-component text-serif-m layout-normal text-serif-m layout-padded\">Noe av lasten befinner seg om bord i skip som er ilagt sanksjoner i forbindelse med USAs sanksjoner mot Iran og Russland, og som USA har merket ut som mulige m\u00e5l for nye beslag.<\/p>\n<p class=\"_paragraph_o9xde_4 _paragraph_xtcu6_10 layout-component text-serif-m layout-normal text-serif-m layout-padded\">En rekke kilder sier til Reuters at USA forbereder seg p\u00e5 \u00e5 gj\u00f8re flere beslag av tankskip denne uka.<\/p>\n","protected":false},"excerpt":{"rendered":"Venezuelas eksport av olje har falt kraftig etter at USA beslagla et tankskip tidligere i uka og innf\u00f8rte&hellip;\n","protected":false},"author":2,"featured_media":111813,"comment_status":"","ping_status":"","sticky":false,"template":"","format":"standard","meta":{"footnotes":""},"categories":[12],"tags":[20,21,24,25,15,22,23,13,30,28,29,14,1194,16,26,27,50,95,42,43,44,45],"class_list":{"0":"post-111812","1":"post","2":"type-post","3":"status-publish","4":"format-standard","5":"has-post-thumbnail","7":"category-verden","8":"tag-breaking-news","9":"tag-breakingnews","10":"tag-featured-news","11":"tag-featurednews","12":"tag-headlines","13":"tag-latest-news","14":"tag-latestnews","15":"tag-news","16":"tag-no","17":"tag-norge","18":"tag-norway","19":"tag-nyheter","20":"tag-olje","21":"tag-overskrifter","22":"tag-top-stories","23":"tag-topstories","24":"tag-usa","25":"tag-venezuela","26":"tag-verden","27":"tag-world","28":"tag-world-news","29":"tag-worldnews"},"share_on_mastodon":{"url":"https:\/\/pubeurope.com\/@no\/115709191621923020","error":""},"_links":{"self":[{"href":"https:\/\/www.europesays.com\/no\/wp-json\/wp\/v2\/posts\/111812","targetHints":{"allow":["GET"]}}],"collection":[{"href":"https:\/\/www.europesays.com\/no\/wp-json\/wp\/v2\/posts"}],"about":[{"href":"https:\/\/www.europesays.com\/no\/wp-json\/wp\/v2\/types\/post"}],"author":[{"embeddable":true,"href":"https:\/\/www.europesays.com\/no\/wp-json\/wp\/v2\/users\/2"}],"replies":[{"embeddable":true,"href":"https:\/\/www.europesays.com\/no\/wp-json\/wp\/v2\/comments?post=111812"}],"version-history":[{"count":0,"href":"https:\/\/www.europesays.com\/no\/wp-json\/wp\/v2\/posts\/111812\/revisions"}],"wp:featuredmedia":[{"embeddable":true,"href":"https:\/\/www.europesays.com\/no\/wp-json\/wp\/v2\/media\/111813"}],"wp:attachment":[{"href":"https:\/\/www.europesays.com\/no\/wp-json\/wp\/v2\/media?parent=111812"}],"wp:term":[{"taxonomy":"category","embeddable":true,"href":"https:\/\/www.europesays.com\/no\/wp-json\/wp\/v2\/categories?post=111812"},{"taxonomy":"post_tag","embeddable":true,"href":"https:\/\/www.europesays.com\/no\/wp-json\/wp\/v2\/tags?post=111812"}],"curies":[{"name":"wp","href":"https:\/\/api.w.org\/{rel}","templated":true}]}}