{"id":111814,"date":"2025-12-12T23:41:01","date_gmt":"2025-12-12T23:41:01","guid":{"rendered":"https:\/\/www.europesays.com\/no\/111814\/"},"modified":"2025-12-12T23:41:01","modified_gmt":"2025-12-12T23:41:01","slug":"trygve-slagsvold-vedum-sier-det-er-mindre-aktuelt-med-hoyre-samarbeid-pa-grunn-av-ny-ledertrio","status":"publish","type":"post","link":"https:\/\/www.europesays.com\/no\/111814\/","title":{"rendered":"Trygve Slagsvold Vedum sier det er mindre aktuelt med H\u00f8yre-samarbeid p\u00e5 grunn av ny ledertrio"},"content":{"rendered":"\n<p class=\"_paragraph_o9xde_4 _paragraph_xtcu6_10 layout-component text-serif-m layout-normal text-serif-m layout-padded\">\u2013 H\u00f8yre skal velge en \u00abT-bane-trio\u00bb som ledelse. De bor alle i T-bane-avstand fra Oslo sentrum, og det sier litt om partiet, sier <a href=\"https:\/\/www.vg.no\/tag\/trygve-slagsvold-vedum?utm_source=vg-article&amp;utm_medium=auto-tagger&amp;utm_campaign=xrRy9X\" class=\"_link_o9xde_39\" rel=\"nofollow noopener\" target=\"_blank\">Trygve Slagsvold Vedum<\/a> til VG \u2013 like etter at innstillingen fra <a href=\"https:\/\/www.vg.no\/nyheter\/i\/2p145x\/opplysninger-til-vg-hoeyres-valgkomite-har-bestemt-seg-presenterer-ny-ledelse\" data-track-element-type=\"Link\" data-track-id=\"link:2p145x\" class=\"_link_o9xde_39\" rel=\"nofollow noopener\" target=\"_blank\">partiets valgkomit\u00e9<\/a> er lagt fram.<\/p>\n<p class=\"_paragraph_o9xde_4 _paragraph_xtcu6_10 layout-component text-serif-m layout-normal text-serif-m layout-padded\">\u00abT-bane-trioen\u00bb Vedum sikter til er Ine Eriksen S\u00f8reide, Henrik Asheim og Ola Svenneby, som H\u00f8yres valgkomit\u00e9 har foresl\u00e5tt som henholdsvis <a href=\"https:\/\/www.vg.no\/i\/2p145x\" data-track-element-type=\"Link\" data-track-id=\"link:2p145x\" class=\"_link_o9xde_39\" rel=\"nofollow noopener\" target=\"_blank\">leder og nestledere i partiet.<\/a><\/p>\n<p><img alt=\"NY LEDELSE: H\u00f8yres valgkomit\u00e9 \u00f8nsker disse tre i H\u00f8yres nye ledelse, etter det ble kjent at Erna Solberg trer av som partileder.  Foto: Cornelius Poppe \/ NTB\" class=\"_image_qp4xg_65 layout-component layout-normal\" data-fullscreen- data-track-element-type=\"Article image fullscreen\" data-track-name=\"ImageFullscreen\" decoding=\"async\" loading=\"lazy\" height=\"5760\" itemprop=\"image\"  src=\"https:\/\/www.europesays.com\/no\/wp-content\/uploads\/2025\/12\/d5ae948f-db1c-4b87-95b2-e621ca2d8e28\"  style=\"object-position:0% 0%\" width=\"8640\"\/>NY LEDELSE: H\u00f8yres valgkomit\u00e9 \u00f8nsker disse tre i H\u00f8yres nye ledelse, etter det ble kjent at Erna Solberg trer av som partileder.  Foto: Cornelius Poppe \/ NTB<\/p>\n<p class=\"_paragraph_o9xde_4 _paragraph_xtcu6_10 layout-component text-serif-m layout-normal text-serif-m layout-padded\">Dette har ogs\u00e5 skapt furore innad i H\u00f8yre. B\u00f8-ordf\u00f8rer Sture Pedersen (H) har meldt at han vil pr\u00f8ve \u00e5 endre partiledelsen.<\/p>\n<p class=\"_paragraph_o9xde_4 _paragraph_xtcu6_10 layout-component text-serif-m layout-normal text-serif-m layout-padded\">\u2013 Vi kan ikke ha en partiledelse som alle holder til i Karl Johans gate, sa han til <a href=\"https:\/\/www.vg.no\/i\/2p145x\" data-track-element-type=\"Link\" data-track-id=\"link:2p145x\" class=\"_link_o9xde_39\" rel=\"nofollow noopener\" target=\"_blank\">VG torsdag.<\/a><\/p>\n<p>Ut mot hele trioen<\/p>\n<p class=\"_paragraph_o9xde_4 _paragraph_xtcu6_10 layout-component text-serif-m layout-normal text-serif-m layout-padded\">Vedum benytter ogs\u00e5 anledningen til \u00e5 minne om at H\u00f8yres nye leder S\u00f8reide, ikke hater EU:<\/p>\n<p class=\"_paragraph_o9xde_4 _paragraph_xtcu6_10 layout-component text-serif-m layout-normal text-serif-m layout-padded\">\u2013 Faktisk s\u00e5 tror jeg ikke det finnes noen som elsker EU mer enn henne. Hun dr\u00f8mmer om EU hver eneste natt. <\/p>\n<p class=\"_paragraph_o9xde_4 _paragraph_xtcu6_10 layout-component text-serif-m layout-normal text-serif-m layout-padded\">Han tar for seg resten av ledelsen: <\/p>\n<p class=\"_paragraph_o9xde_4 _paragraph_xtcu6_10 layout-component text-serif-m layout-normal text-serif-m layout-padded\">\u2013 Svenneby etterlyste faktisk mer sentralisering i et intervju med VG.<\/p>\n<p class=\"_paragraph_o9xde_4 _paragraph_xtcu6_10 layout-component text-serif-m layout-normal text-serif-m layout-padded\">\u00abH\u00f8yre burde t\u00f8rre \u00e5 g\u00e5 til valg p\u00e5\u00a0mer\u00a0sentralisering. N\u00e5 later alle partiene som om man kan opprettholde tjenestetilbudet i distriktene. Men det kan vi ikke. Det er p\u00e5 tide at noen sier det\u00bb <a href=\"https:\/\/www.vg.no\/nyheter\/i\/kEA3w9\/unge-hoeyre-leder-ola-svenneby-alle-partiene-lyver\" data-track-element-type=\"Link\" data-track-id=\"link:kEA3w9\" class=\"_link_o9xde_39\" rel=\"nofollow noopener\" target=\"_blank\">uttalte Svenneby til VG<\/a> i mars 2024.<\/p>\n<p class=\"_paragraph_o9xde_4 _paragraph_xtcu6_10 layout-component text-serif-m layout-normal text-serif-m layout-padded\">Ogs\u00e5 Asheim f\u00e5r gjennomg\u00e5:<\/p>\n<p class=\"_paragraph_o9xde_4 _paragraph_xtcu6_10 layout-component text-serif-m layout-normal text-serif-m layout-padded\">\u2013 Han er partiets avgiftsarkitekt, og har lagt fram tidligere alternative statsbudsjett med kraftig \u00f8kning i avgift p\u00e5 drivstoff.<\/p>\n<p>\u2013 Utenkelig<\/p>\n<p class=\"_paragraph_o9xde_4 _paragraph_xtcu6_10 layout-component text-serif-m layout-normal text-serif-m layout-padded\">Vedum mener den nye partiledelsens politikk er enda lengre fra Senterpartiet enn hva H\u00f8yre har v\u00e6rt tidligere. <\/p>\n<p class=\"_paragraph_o9xde_4 _paragraph_xtcu6_10 layout-component text-serif-m layout-normal text-serif-m layout-padded\">Hvis H\u00f8yre ikke f\u00e5r med Senterpartiet, kan de glemme \u00e5 ta over regjeringsmakten i l\u00f8pet av de neste fire \u00e5rene. Etter Senterpartiet br\u00f8t ut av regjeringen tidligere i \u00e5r, har flere dr\u00f8mt om at de skal skifte side.<\/p>\n<p class=\"_paragraph_o9xde_4 _paragraph_xtcu6_10 layout-component text-serif-m layout-normal text-serif-m layout-padded\">Sp har samarbeidet med h\u00f8yresiden om flere saker i Stortinget etter valget. De har ogs\u00e5 tidligere v\u00e6rt i regjering med borgerlige partier. De satt i regjering med KrF og Venstre fra 1997 til 2000.<\/p>\n<p class=\"_paragraph_o9xde_4 _paragraph_xtcu6_10 layout-component text-serif-m layout-normal text-serif-m layout-padded\">Men det er mindre aktuelt n\u00e5, skal vi tro Vedum.<\/p>\n<p class=\"_paragraph_o9xde_4 _paragraph_xtcu6_10 layout-component text-serif-m layout-normal text-serif-m layout-padded\">\u2013 Med den linjen ledelsen i H\u00f8yre har til EU og sentralisering, s\u00e5 gj\u00f8r det at et\u00a0regjeringssamarbeid med H\u00f8yre\u00a0blir enda mer utenkelig, sier Vedum, og legger til:<\/p>\n<p class=\"_paragraph_o9xde_4 _paragraph_xtcu6_10 layout-component text-serif-m layout-normal text-serif-m layout-padded\">\u2013 Jeg opplevde i det minste at Erna Solberg hadde et genuint engasjement for \u00e5 flytte statlige arbeidsplasser ut av Oslo,\u00a0selv om hun sentraliserte alt annet.\u00a0Men n\u00e5 f\u00e5r H\u00f8yre en ledelse som\u00a0konsekvent\u00a0etterlyser mer sentralisering<\/p>\n<p>Svenneby : \u2013 Han er forelsket i Moxnes og Hermstad<\/p>\n<p class=\"_paragraph_o9xde_4 _paragraph_xtcu6_10 layout-component text-serif-m layout-normal text-serif-m layout-padded\">Ola Svenneby, som er innstilt som ny nestleder, forteller til VG at Vedum var p\u00e5 bes\u00f8k p\u00e5 g\u00e5rden han vokste opp p\u00e5, tilbake til 2013. Bes\u00f8ket ble dokumentert av lokalavisen <a href=\"https:\/\/www.ostlendingen.no\/nyheter\/solor\/nyheter\/solor-landbruket-viktig-for-norge\/s\/2-2.2757-1.7919171\" class=\"_link_o9xde_39\" rel=\"nofollow noopener\" target=\"_blank\">\u00d8stlendingen<\/a>.<\/p>\n<p class=\"_paragraph_o9xde_4 _paragraph_xtcu6_10 layout-component text-serif-m layout-normal text-serif-m layout-padded\">N\u00e5 inviterer han Vedum tilbake til gards, for \u00e5 snakke politikk.<\/p>\n<p><img decoding=\"async\" alt=\"Bilde av Ola Svenneby\" class=\"_image_ygndg_42\" height=\"27\" itemprop=\"image\" loading=\"lazy\"  src=\"https:\/\/www.europesays.com\/no\/wp-content\/uploads\/2025\/12\/fd746be0-fe8c-4a5b-8885-ea1aa800166a\"  width=\"40\"\/><strong class=\"_name_ygndg_51 title-serif-xs\">Ola Svenneby<\/strong><\/p>\n<p class=\"_paragraph_o9xde_4 text-sans-m _description_ygndg_56\">Innstilt som ny nestleder i H\u00f8yre<\/p>\n<p class=\"_paragraph_o9xde_4 _paragraph_xtcu6_10 layout-component text-serif-m layout-normal text-serif-m layout-padded\">\u2013 I utgangspunktet skulle man tro at det er mange ting vi kunne blitt enige om, som lavere skatter for b\u00f8nder og vanlige folk, integreringspolitikk og oljepolitikk, sier Svenneby.<\/p>\n<p class=\"_paragraph_o9xde_4 _paragraph_xtcu6_10 layout-component text-serif-m layout-normal text-serif-m layout-padded\">I stedet har Senterpartilederen blitt \u00aben l\u00f8pegutt for MDG og R\u00f8dt\u00bb, mener den potensielt nye nestlederen.<\/p>\n<p class=\"_paragraph_o9xde_4 _paragraph_xtcu6_10 layout-component text-serif-m layout-normal text-serif-m layout-padded\">\u2013 Han er den f\u00f8rste Senterpartilederen noensinne som gir MDG og R\u00f8dt innflytelse i norsk politikk. Jeg inviterer ham til g\u00e5rds, vi har mye vi kan snakke om, men det virker som han har forelsket seg i Bj\u00f8rnar Moxnes og Arild Hermstad i stedet.<\/p>\n","protected":false},"excerpt":{"rendered":"\u2013 H\u00f8yre skal velge en \u00abT-bane-trio\u00bb som ledelse. De bor alle i T-bane-avstand fra Oslo sentrum, og det&hellip;\n","protected":false},"author":2,"featured_media":111815,"comment_status":"","ping_status":"","sticky":false,"template":"","format":"standard","meta":{"footnotes":""},"categories":[10],"tags":[20,21,24,25,15,1213,22,23,13,30,28,29,14,16,26,27,280,205],"class_list":{"0":"post-111814","1":"post","2":"type-post","3":"status-publish","4":"format-standard","5":"has-post-thumbnail","7":"category-norge","8":"tag-breaking-news","9":"tag-breakingnews","10":"tag-featured-news","11":"tag-featurednews","12":"tag-headlines","13":"tag-hoyre-h","14":"tag-latest-news","15":"tag-latestnews","16":"tag-news","17":"tag-no","18":"tag-norge","19":"tag-norway","20":"tag-nyheter","21":"tag-overskrifter","22":"tag-top-stories","23":"tag-topstories","24":"tag-trygve-slagsvold-vedum","25":"tag-vgsamfunn"},"share_on_mastodon":{"url":"https:\/\/pubeurope.com\/@no\/115709246558365156","error":""},"_links":{"self":[{"href":"https:\/\/www.europesays.com\/no\/wp-json\/wp\/v2\/posts\/111814","targetHints":{"allow":["GET"]}}],"collection":[{"href":"https:\/\/www.europesays.com\/no\/wp-json\/wp\/v2\/posts"}],"about":[{"href":"https:\/\/www.europesays.com\/no\/wp-json\/wp\/v2\/types\/post"}],"author":[{"embeddable":true,"href":"https:\/\/www.europesays.com\/no\/wp-json\/wp\/v2\/users\/2"}],"replies":[{"embeddable":true,"href":"https:\/\/www.europesays.com\/no\/wp-json\/wp\/v2\/comments?post=111814"}],"version-history":[{"count":0,"href":"https:\/\/www.europesays.com\/no\/wp-json\/wp\/v2\/posts\/111814\/revisions"}],"wp:featuredmedia":[{"embeddable":true,"href":"https:\/\/www.europesays.com\/no\/wp-json\/wp\/v2\/media\/111815"}],"wp:attachment":[{"href":"https:\/\/www.europesays.com\/no\/wp-json\/wp\/v2\/media?parent=111814"}],"wp:term":[{"taxonomy":"category","embeddable":true,"href":"https:\/\/www.europesays.com\/no\/wp-json\/wp\/v2\/categories?post=111814"},{"taxonomy":"post_tag","embeddable":true,"href":"https:\/\/www.europesays.com\/no\/wp-json\/wp\/v2\/tags?post=111814"}],"curies":[{"name":"wp","href":"https:\/\/api.w.org\/{rel}","templated":true}]}}