{"id":111818,"date":"2025-12-13T00:28:19","date_gmt":"2025-12-13T00:28:19","guid":{"rendered":"https:\/\/www.europesays.com\/no\/111818\/"},"modified":"2025-12-13T00:28:19","modified_gmt":"2025-12-13T00:28:19","slug":"utsagnet-vekker-reaksjoner-foles-unodvendig-adressa-no","status":"publish","type":"post","link":"https:\/\/www.europesays.com\/no\/111818\/","title":{"rendered":"Utsagnet vekker reaksjoner: \u2013 F\u00f8les un\u00f8dvendig &#8211; adressa.no"},"content":{"rendered":"<ol>\n<li><a href=\"https:\/\/news.google.com\/rss\/articles\/CBMijgFBVV95cUxOanN2T2d2TUVnNDNkYTVuakRGV2RUYzlweENpaWdnRmRiRzZHTUtLWXBHLVBIVmh6OWVJRFhCT3pCX1VpbXZtM3BXT1E4QW1QVDhtaWRiRzByQjVTUTJKcXlTMWRTMXlRMDhESHVrTm91Yk15QzlNYWo3bWIyS094b3hIVmZpdzIxMWNEMkNB?oc=5\" target=\"_blank\" rel=\"nofollow noopener\">Utsagnet vekker reaksjoner: \u2013 F\u00f8les un\u00f8dvendig<\/a>&nbsp;&nbsp;adressa.no<\/li>\n<li><a href=\"https:\/\/news.google.com\/rss\/articles\/CBMiiwFBVV95cUxQYWQ3VWlHVWlrRjdaUmhkVklwUVdmb3lOaUdyR2hPZTRQTks4X0c0cnFRdTBTTG4yVGhMT1FnVkZ4OWx2VWpoaGFVNDRoemNFUXBEWHY2MnBUX1UxZ2RFaDVoZFRmYjhVVnQwc2lCYVkzRVotcXBOd1BjVDhnNno5NTJxNFZkQS1MaXRv?oc=5\" target=\"_blank\" rel=\"nofollow noopener\">Kl\u00e6bo stusser over tr\u00f8nderens utspill: \u2013\u2060 Det hjelper ikke \u00e5 ha g\u00e5tt fort om sommeren<\/a>&nbsp;&nbsp;VG<\/li>\n<li><a href=\"https:\/\/news.google.com\/rss\/articles\/CBMiZ0FVX3lxTE5xakNMZVJ5RVMxUWpRcjBfbFJWcTZNUkhJQXJGMG5KbzNhdDg2UXlnVkQzT0czcENmX1RWcUJvX0dURWtvdENwVFRsZkhWRndtdDd0Uncza01YX3JXZ0J6VmFNNnpWODQ?oc=5\" target=\"_blank\" rel=\"nofollow noopener\">Vraket: &#8211; En nedtur<\/a>&nbsp;&nbsp;Dagbladet<\/li>\n<li><a href=\"https:\/\/news.google.com\/rss\/articles\/CBMirAFBVV95cUxPeTdIbHp4VVZLUWpTTEo4S05LdGNrX3VRaFJjRGlnNXcyQUhoVlp3d0wtcTktdVRIeTY3UnlUVUlCd0J1T28yM0FqaDg5XzNDbk4yVXZrOFRxdEtBTERBVEpVZjFSMUVEaF8xdTZsTFFCZm1ILW04WVU5dy00RWlOaVo5SnpuSWFjZkFudXpTTE5pbzlLMXFMUkg3TUhfZXMtOFplOVFmZ2E3RDY4?oc=5\" target=\"_blank\" rel=\"nofollow noopener\">LANGRENN: Kommentar: Landslagsledelsen i spagat \u2013 n\u00e5 skal dr\u00f8mmer knuses<\/a>&nbsp;&nbsp;NRK<\/li>\n<li><a href=\"https:\/\/news.google.com\/rss\/articles\/CBMif0FVX3lxTE5jbG5yWEpkbXFQX2VDUXgxenJ4YUFQazgzN1Fmc1BfSTk0MmVmY1NCV3FZRTQ4RFNLUldudko0T2dnc1ppcHNwVGVKWG9Pa0YweXZqZWtCM2VJZV9XSkFrUy05YkhUZ3FCTG5ZbjNqZ1JmY01IcFplX01MaC1uZ1k?oc=5\" target=\"_blank\" rel=\"nofollow noopener\">Reagerer p\u00e5 utspill: \u2013 Litt tidlig<\/a>&nbsp;&nbsp;Aftenposten<\/li>\n<\/ol>\n","protected":false},"excerpt":{"rendered":"Utsagnet vekker reaksjoner: \u2013 F\u00f8les un\u00f8dvendig&nbsp;&nbsp;adressa.no Kl\u00e6bo stusser over tr\u00f8nderens utspill: \u2013\u2060 Det hjelper ikke \u00e5 ha g\u00e5tt&hellip;\n","protected":false},"author":2,"featured_media":111819,"comment_status":"","ping_status":"","sticky":false,"template":"","format":"standard","meta":{"footnotes":""},"categories":[59],"tags":[30,28,29,83,82],"class_list":{"0":"post-111818","1":"post","2":"type-post","3":"status-publish","4":"format-standard","5":"has-post-thumbnail","7":"category-sport","8":"tag-no","9":"tag-norge","10":"tag-norway","11":"tag-sport","12":"tag-sports"},"share_on_mastodon":{"url":"https:\/\/pubeurope.com\/@no\/115709431196022590","error":""},"_links":{"self":[{"href":"https:\/\/www.europesays.com\/no\/wp-json\/wp\/v2\/posts\/111818","targetHints":{"allow":["GET"]}}],"collection":[{"href":"https:\/\/www.europesays.com\/no\/wp-json\/wp\/v2\/posts"}],"about":[{"href":"https:\/\/www.europesays.com\/no\/wp-json\/wp\/v2\/types\/post"}],"author":[{"embeddable":true,"href":"https:\/\/www.europesays.com\/no\/wp-json\/wp\/v2\/users\/2"}],"replies":[{"embeddable":true,"href":"https:\/\/www.europesays.com\/no\/wp-json\/wp\/v2\/comments?post=111818"}],"version-history":[{"count":0,"href":"https:\/\/www.europesays.com\/no\/wp-json\/wp\/v2\/posts\/111818\/revisions"}],"wp:featuredmedia":[{"embeddable":true,"href":"https:\/\/www.europesays.com\/no\/wp-json\/wp\/v2\/media\/111819"}],"wp:attachment":[{"href":"https:\/\/www.europesays.com\/no\/wp-json\/wp\/v2\/media?parent=111818"}],"wp:term":[{"taxonomy":"category","embeddable":true,"href":"https:\/\/www.europesays.com\/no\/wp-json\/wp\/v2\/categories?post=111818"},{"taxonomy":"post_tag","embeddable":true,"href":"https:\/\/www.europesays.com\/no\/wp-json\/wp\/v2\/tags?post=111818"}],"curies":[{"name":"wp","href":"https:\/\/api.w.org\/{rel}","templated":true}]}}