{"id":111820,"date":"2025-12-13T00:32:09","date_gmt":"2025-12-13T00:32:09","guid":{"rendered":"https:\/\/www.europesays.com\/no\/111820\/"},"modified":"2025-12-13T00:32:09","modified_gmt":"2025-12-13T00:32:09","slug":"diamanter-pagrepet-stoppet-med-11-000-diamanter","status":"publish","type":"post","link":"https:\/\/www.europesays.com\/no\/111820\/","title":{"rendered":"Diamanter, P\u00e5grepet | Stoppet med 11.000 diamanter"},"content":{"rendered":"\n<p>Den 53 \u00e5r gamle mannen som hadde med seg den rikholdige h\u00e5ndbagasjen, ble p\u00e5grepet og sitter i politiets varetekt. <\/p>\n<p>Han hadde fl\u00f8yet fra Angola til Frankfurt, men hadde ikke deklarert de uslepne diamantene, slik reglene krever. Han kunne heller ikke legge fram dokumentasjonen som kreves, opplyser tollvesenet og politiet i en uttalelse.<\/p>\n<p>Verdien av diamantene er ikke kjent, men skal vurderes og fastsettes av en ekspert. (\u00a9NTB)<\/p>\n","protected":false},"excerpt":{"rendered":"Den 53 \u00e5r gamle mannen som hadde med seg den rikholdige h\u00e5ndbagasjen, ble p\u00e5grepet og sitter i politiets&hellip;\n","protected":false},"author":2,"featured_media":3844,"comment_status":"","ping_status":"","sticky":false,"template":"","format":"standard","meta":{"footnotes":""},"categories":[12],"tags":[20,21,24,25,15,22,23,13,30,28,29,14,16,26,27,42,43,44,45],"class_list":{"0":"post-111820","1":"post","2":"type-post","3":"status-publish","4":"format-standard","5":"has-post-thumbnail","7":"category-verden","8":"tag-breaking-news","9":"tag-breakingnews","10":"tag-featured-news","11":"tag-featurednews","12":"tag-headlines","13":"tag-latest-news","14":"tag-latestnews","15":"tag-news","16":"tag-no","17":"tag-norge","18":"tag-norway","19":"tag-nyheter","20":"tag-overskrifter","21":"tag-top-stories","22":"tag-topstories","23":"tag-verden","24":"tag-world","25":"tag-world-news","26":"tag-worldnews"},"share_on_mastodon":{"url":"https:\/\/pubeurope.com\/@no\/115709446905186608","error":""},"_links":{"self":[{"href":"https:\/\/www.europesays.com\/no\/wp-json\/wp\/v2\/posts\/111820","targetHints":{"allow":["GET"]}}],"collection":[{"href":"https:\/\/www.europesays.com\/no\/wp-json\/wp\/v2\/posts"}],"about":[{"href":"https:\/\/www.europesays.com\/no\/wp-json\/wp\/v2\/types\/post"}],"author":[{"embeddable":true,"href":"https:\/\/www.europesays.com\/no\/wp-json\/wp\/v2\/users\/2"}],"replies":[{"embeddable":true,"href":"https:\/\/www.europesays.com\/no\/wp-json\/wp\/v2\/comments?post=111820"}],"version-history":[{"count":0,"href":"https:\/\/www.europesays.com\/no\/wp-json\/wp\/v2\/posts\/111820\/revisions"}],"wp:featuredmedia":[{"embeddable":true,"href":"https:\/\/www.europesays.com\/no\/wp-json\/wp\/v2\/media\/3844"}],"wp:attachment":[{"href":"https:\/\/www.europesays.com\/no\/wp-json\/wp\/v2\/media?parent=111820"}],"wp:term":[{"taxonomy":"category","embeddable":true,"href":"https:\/\/www.europesays.com\/no\/wp-json\/wp\/v2\/categories?post=111820"},{"taxonomy":"post_tag","embeddable":true,"href":"https:\/\/www.europesays.com\/no\/wp-json\/wp\/v2\/tags?post=111820"}],"curies":[{"name":"wp","href":"https:\/\/api.w.org\/{rel}","templated":true}]}}