{"id":111821,"date":"2025-12-13T00:39:08","date_gmt":"2025-12-13T00:39:08","guid":{"rendered":"https:\/\/www.europesays.com\/no\/111821\/"},"modified":"2025-12-13T00:39:08","modified_gmt":"2025-12-13T00:39:08","slug":"russland-dommer-icc-dommere-og-aktor-in-absentia","status":"publish","type":"post","link":"https:\/\/www.europesays.com\/no\/111821\/","title":{"rendered":"Russland d\u00f8mmer ICC-dommere og aktor in absentia"},"content":{"rendered":"\n<p class=\"_lead_o9xde_2 _lead_xtcu6_50 layout-component text-serif-m layout-normal text-serif-l layout-component layout-wide layout-padded _wide_17hqh_1 layout-padded\">Russland d\u00f8mte fredag toppdommere og hovedaktor i Den internasjonale straffedomstolen ICC til fengsel in absentia for arrestordren p\u00e5 Vladimir Putin.<\/p>\n<ul aria-hidden=\"true\" class=\"_images_ntbth_112\">\n<li><a class=\"_link_ntbth_117\" href=\"https:\/\/www.vg.no\/forfatter\/ntb\" style=\"z-index:1\" title=\"NTB\" rel=\"nofollow noopener\" target=\"_blank\"><img alt=\"Bilde av NTB\" class=\"_image_ntbth_93\" fetchpriority=\"low\" loading=\"lazy\" decoding=\"async\" itemprop=\"image\"  src=\"https:\/\/www.europesays.com\/no\/wp-content\/uploads\/2025\/12\/1765586348_689_c33980b0-5d07-4027-84a1-813f90a7c8d6\"  width=\"480\"\/><\/a><\/li>\n<\/ul>\n<p> Oppdatert fredag 12. desember kl. 23:57     <\/p>\n<p class=\"_paragraph_o9xde_4 _paragraph_xtcu6_10 layout-component text-serif-m layout-normal text-serif-m layout-padded\">Hovedaktor Karim Khan utstedte i 2023 arrestordre p\u00e5 den russiske presidenten for bortf\u00f8ring av barn fra okkuperte omr\u00e5der i Ukraina. N\u00e5 er han d\u00f8mt til 15 \u00e5rs fengsel i en domstol i Moskva.<\/p>\n<p class=\"_paragraph_o9xde_4 _paragraph_xtcu6_10 layout-component text-serif-m layout-normal text-serif-m layout-padded\">I dommen heter det at Khan \u00abp\u00e5 ulovlig vis stilte russiske statsborgere for retten i Haag, og at ICC instruerte dommerne til \u00e5 utstede klart ulovlige arrestordrer\u00bb.<\/p>\n<p class=\"_paragraph_o9xde_4 _paragraph_xtcu6_10 layout-component text-serif-m layout-normal text-serif-m layout-padded\"><a href=\"https:\/\/www.vg.no\/tag\/russland?utm_source=vg-article&amp;utm_medium=auto-tagger&amp;utm_campaign=d4d8Gz\" class=\"_link_o9xde_39\" rel=\"nofollow noopener\" target=\"_blank\">Russland<\/a> er ikke medlem av ICC, og ingen av de tiltalte var til stede i retten i Moskva. I tillegg til Khan ble \u00e5tte andre d\u00f8mt til mellom 3,5 og 15 \u00e5rs fengsel.<\/p>\n<p class=\"_paragraph_o9xde_4 _paragraph_xtcu6_10 layout-component text-serif-m layout-normal text-serif-m layout-padded\">Khan er ogs\u00e5 blitt sanksjonert av USA p\u00e5 grunn av straffedomstolens etterforskning av amerikanske og israelske tjenestemenn. I likhet med Russland er heller ikke USA eller Israel medlemmer av ICC.<\/p>\n<p class=\"_paragraph_o9xde_4 _paragraph_xtcu6_10 layout-component text-serif-m layout-normal text-serif-m layout-padded\">Siden Russland invaderte Ukraina, har Russland d\u00f8mt en rekke dissidenter, journalister og utenlandske politikere i utlandet til fengsel in absentia.<\/p>\n","protected":false},"excerpt":{"rendered":"Russland d\u00f8mte fredag toppdommere og hovedaktor i Den internasjonale straffedomstolen ICC til fengsel in absentia for arrestordren p\u00e5&hellip;\n","protected":false},"author":2,"featured_media":111822,"comment_status":"","ping_status":"","sticky":false,"template":"","format":"standard","meta":{"footnotes":""},"categories":[12],"tags":[20,21,9003,24,25,15,22,23,13,30,28,29,14,16,188,26,27,42,43,44,45],"class_list":{"0":"post-111821","1":"post","2":"type-post","3":"status-publish","4":"format-standard","5":"has-post-thumbnail","7":"category-verden","8":"tag-breaking-news","9":"tag-breakingnews","10":"tag-den-internasjonale-straffedomstolen","11":"tag-featured-news","12":"tag-featurednews","13":"tag-headlines","14":"tag-latest-news","15":"tag-latestnews","16":"tag-news","17":"tag-no","18":"tag-norge","19":"tag-norway","20":"tag-nyheter","21":"tag-overskrifter","22":"tag-russland","23":"tag-top-stories","24":"tag-topstories","25":"tag-verden","26":"tag-world","27":"tag-world-news","28":"tag-worldnews"},"share_on_mastodon":{"url":"https:\/\/pubeurope.com\/@no\/115709474787783887","error":""},"_links":{"self":[{"href":"https:\/\/www.europesays.com\/no\/wp-json\/wp\/v2\/posts\/111821","targetHints":{"allow":["GET"]}}],"collection":[{"href":"https:\/\/www.europesays.com\/no\/wp-json\/wp\/v2\/posts"}],"about":[{"href":"https:\/\/www.europesays.com\/no\/wp-json\/wp\/v2\/types\/post"}],"author":[{"embeddable":true,"href":"https:\/\/www.europesays.com\/no\/wp-json\/wp\/v2\/users\/2"}],"replies":[{"embeddable":true,"href":"https:\/\/www.europesays.com\/no\/wp-json\/wp\/v2\/comments?post=111821"}],"version-history":[{"count":0,"href":"https:\/\/www.europesays.com\/no\/wp-json\/wp\/v2\/posts\/111821\/revisions"}],"wp:featuredmedia":[{"embeddable":true,"href":"https:\/\/www.europesays.com\/no\/wp-json\/wp\/v2\/media\/111822"}],"wp:attachment":[{"href":"https:\/\/www.europesays.com\/no\/wp-json\/wp\/v2\/media?parent=111821"}],"wp:term":[{"taxonomy":"category","embeddable":true,"href":"https:\/\/www.europesays.com\/no\/wp-json\/wp\/v2\/categories?post=111821"},{"taxonomy":"post_tag","embeddable":true,"href":"https:\/\/www.europesays.com\/no\/wp-json\/wp\/v2\/tags?post=111821"}],"curies":[{"name":"wp","href":"https:\/\/api.w.org\/{rel}","templated":true}]}}