{"id":111825,"date":"2025-12-13T00:46:56","date_gmt":"2025-12-13T00:46:56","guid":{"rendered":"https:\/\/www.europesays.com\/no\/111825\/"},"modified":"2025-12-13T00:46:56","modified_gmt":"2025-12-13T00:46:56","slug":"dode-storker-ved-manzanares-fugleinfluensa-bekreftet-i-madrid","status":"publish","type":"post","link":"https:\/\/www.europesays.com\/no\/111825\/","title":{"rendered":"D\u00f8de storker ved Manzanares: Fugleinfluensa bekreftet i Madrid"},"content":{"rendered":"<p class=\"kicker \" style=\"\">Madrid:<\/p>\n<p>  &#8211;\u00a0Det var forferdelig, sier en lokal brannmann.\u00a0<\/p>\n<p>\n    D\u00d8DE: Opp mot 500 storker er funnet d\u00f8de langs elvebredden i Madrid. Foto: OSCAR DEL POZO \/ AFP\n  <\/p>\n<p>Hundrevis av d\u00f8de storker har de siste dagene dukket opp i og rundt elva Manzanares, ved Perales del R\u00edo og La Mara\u00f1osa i Getafe, s\u00f8r for Madrid.<\/p>\n<p>\u2013 Det var et forferdelig syn. De fleste storkene hadde d\u00f8dd de siste dagene, men andre var i oppl\u00f8sning eller hadde blitt bitt av andre dyr.<\/p>\n<p>Det forteller en av brannmennene som deltok i arbeidet til avisa <a href=\"https:\/\/elpais.com\/espana\/madrid\/2025-12-09\/un-brote-no-declarado-de-gripe-aviar-deja-cientos-de-ciguenas-muertas-en-el-manzanares.html\" rel=\"nofollow noopener\" target=\"_blank\">El Pais<\/a>.\u00a0<\/p>\n<p>    <a itemprop=\"url\" href=\"https:\/\/sol.no\/nyheter\/anmeldt-etter-kreftavsloring\/83971414\" rel=\"nofollow noopener\" target=\"_blank\"><\/p>\n<p>        <img loading=\"lazy\" decoding=\"async\" src=\"https:\/\/www.europesays.com\/no\/wp-content\/uploads\/2025\/12\/83971421.webp\" width=\"980\" height=\"441\" title=\"Anmeldt etter kreftavsl\u00f8ring\" alt=\"\" class=\"lazyload\" style=\"--aspect-ratio-image: 2.22; \"\/><\/p>\n<p>        Anmeldt etter kreftavsl\u00f8ring<\/p>\n<p>sol.no<\/p>\n<p>    <\/a><\/p>\n<p>Stille fra myndighetene\t<\/p>\n<p>Til tross for de dramatiske bildene skal myndighetene i Madrid ha forholdt seg stille. Milj\u00f8departementet skal likevel ha bekreftet at d\u00f8dsfallene skyldes et utbrudd av fugleinfluensa.<\/p>\n<p>De spanske myndighetene meldte f\u00f8rst at fuglene trolig var rammet av lavpatogen influensa (LPAI), subtype H5. Men b\u00e5de lokale fagmilj\u00f8er og ornitologer frykter at det i realiteten kan dreie seg om den langt mer aggressive H5N1-varianten.<\/p>\n<p>    <a itemprop=\"url\" href=\"https:\/\/sol.no\/nyheter\/kan-gjore-deg-biologisk-yngre\/83970121\" rel=\"nofollow noopener\" target=\"_blank\"><\/p>\n<p>        <img loading=\"lazy\" decoding=\"async\" src=\"https:\/\/www.europesays.com\/no\/wp-content\/uploads\/2025\/12\/83971061.webp\" width=\"980\" height=\"441\" title=\"Kan gj\u00f8re deg biologisk yngre\" alt=\"\" class=\"lazyload\" style=\"--aspect-ratio-image: 2.22; \"\/><\/p>\n<p>        Kan gj\u00f8re deg biologisk yngre<\/p>\n<p>sol.no<\/p>\n<p>    <\/a><\/p>\n<p>Den danske storkeforeningen peker if\u00f8lge<a href=\"https:\/\/www.bt.dk\/udland\/mindst-500-storke-fundet-doede-ved-spansk-flod\" rel=\"nofollow noopener\" target=\"_blank\"> BT<\/a>, p\u00e5 at det uvanlig h\u00f8ye antallet d\u00f8de fugler gir grunn til bekymring.<\/p>\n<p>\u2013 Det er et usedvanlig stort antall d\u00f8de storker, skriver de i en pressemelding.<\/p>\n<p>Pr\u00f8ver fra fuglene er n\u00e5 sendt til videre analyse for \u00e5 avklare smittebildet.<\/p>\n<p>Uvisst smitterisiko \u2013 frustrerte mannskaper\t<\/p>\n<p>Mannskapet som har jobbet p\u00e5 stedet, skal ha f\u00e5tt ordre om \u00e5 hente fuglene ut av vannet og legge dem langs elvebredden, f\u00f8r skogvoktere tok over.\u00a0<\/p>\n<p>        <img loading=\"lazy\" decoding=\"async\" src=\"https:\/\/www.europesays.com\/no\/wp-content\/uploads\/2025\/12\/83971718.webp\" width=\"980\" height=\"559\" title=\"D\u00f8de storker i poser ved elvebredden. Foto: OSCAR DEL POZO\" alt=\"\" class=\"\" style=\"--aspect-ratio-image: 1.75; \"\/><\/p>\n<p>\n        D\u00f8de storker i poser ved elvebredden. Foto: OSCAR DEL POZO\n    <\/p>\n<p>Men de som har st\u00e5tt til knes i smitteutsatt vann, sier de ikke har f\u00e5tt noen formell informasjon om hva analysene faktisk viser.<\/p>\n<p>\u2013 Dette er en biologisk risikosituasjon, og det skal rutinemessig f\u00f8lges opp. Det skjer ikke, sier Israel Naveso i brannvesenets fagforening til El Pais.<\/p>\n<p>Regionmyndighetene hevder p\u00e5 sin side at pr\u00f8vene viser \u00abfugleinfluensa med lav patogenitet\u00bb, noe som if\u00f8lge dem ikke krever varsling til landbruksdepartementet.\u00a0<\/p>\n<p>Men denne forklaringen krasjer med <a href=\"https:\/\/www.mapa.gob.es\/es\/ganaderia\/temas\/sanidad-animal-higiene-ganadera\/sanidad-animal\/enfermedades\/influenza-aviar\/influenza_aviar\" rel=\"nofollow noopener\" target=\"_blank\">departementets<\/a> egne beskrivelser.\u00a0<\/p>\n<p>        Influensa med lav patogenitet gir vanligvis milde symptomer, mens h\u00f8ypatogen influensa kan gi massed\u00f8d<\/p>\n<p class=\"author \" style=\"\">Landbruks-, fiskeri- og matdepartementet<\/p>\n<p>Betydelig \u00f8kning\u00a0\t<\/p>\n<p>Utbruddet kommer i en periode hvor fugleinfluensa har sl\u00e5tt hardt ned p\u00e5 flere arter over hele Europa. Likevel er det lite som tyder p\u00e5 at storkebestanden som helhet st\u00e5r i fare.<\/p>\n<p>    <a itemprop=\"url\" href=\"https:\/\/sol.no\/nyheter\/far-kritikk-det-skurrer-litt\/83970407\" rel=\"nofollow noopener\" target=\"_blank\"><\/p>\n<p>        <img loading=\"lazy\" decoding=\"async\" src=\"https:\/\/www.europesays.com\/no\/wp-content\/uploads\/2025\/12\/83970435.webp\" width=\"980\" height=\"441\" title=\"F\u00e5r kritikk: - Det skurrer litt\" alt=\"\" class=\"lazyload\" style=\"--aspect-ratio-image: 2.22; \"\/><\/p>\n<p>        F\u00e5r kritikk: &#8211; Det skurrer litt<\/p>\n<p>sol.no<\/p>\n<p>    <\/a><\/p>\n<p>\u2013 Tidligere utbrudd har hatt lokale og kortvarige effekter. P\u00e5 europeisk niv\u00e5 har storkene vist seg robuste, sier Jesper Leegaard fra Storkene.dk.<\/p>\n<p>\u2013 Selv i dype kriser er det h\u00e5p. Bestanden har en dokumentert evne til \u00e5 reise seg igjen.<\/p>\n<p>Han understreker at den globale bestanden av hvite storker aldri har v\u00e6rt st\u00f8rre enn n\u00e5.<\/p>\n","protected":false},"excerpt":{"rendered":"Madrid: &#8211;\u00a0Det var forferdelig, sier en lokal brannmann.\u00a0 D\u00d8DE: Opp mot 500 storker er funnet d\u00f8de langs elvebredden&hellip;\n","protected":false},"author":2,"featured_media":111826,"comment_status":"","ping_status":"","sticky":false,"template":"","format":"standard","meta":{"footnotes":""},"categories":[12],"tags":[20,21,1279,24,25,3669,15,736,22,23,13,30,28,29,14,16,26,27,42,43,44,45],"class_list":{"0":"post-111825","1":"post","2":"type-post","3":"status-publish","4":"format-standard","5":"has-post-thumbnail","7":"category-verden","8":"tag-breaking-news","9":"tag-breakingnews","10":"tag-dyr","11":"tag-featured-news","12":"tag-featurednews","13":"tag-fugleinfluensa","14":"tag-headlines","15":"tag-helse","16":"tag-latest-news","17":"tag-latestnews","18":"tag-news","19":"tag-no","20":"tag-norge","21":"tag-norway","22":"tag-nyheter","23":"tag-overskrifter","24":"tag-top-stories","25":"tag-topstories","26":"tag-verden","27":"tag-world","28":"tag-world-news","29":"tag-worldnews"},"share_on_mastodon":{"url":"https:\/\/pubeurope.com\/@no\/115709506129422262","error":""},"_links":{"self":[{"href":"https:\/\/www.europesays.com\/no\/wp-json\/wp\/v2\/posts\/111825","targetHints":{"allow":["GET"]}}],"collection":[{"href":"https:\/\/www.europesays.com\/no\/wp-json\/wp\/v2\/posts"}],"about":[{"href":"https:\/\/www.europesays.com\/no\/wp-json\/wp\/v2\/types\/post"}],"author":[{"embeddable":true,"href":"https:\/\/www.europesays.com\/no\/wp-json\/wp\/v2\/users\/2"}],"replies":[{"embeddable":true,"href":"https:\/\/www.europesays.com\/no\/wp-json\/wp\/v2\/comments?post=111825"}],"version-history":[{"count":0,"href":"https:\/\/www.europesays.com\/no\/wp-json\/wp\/v2\/posts\/111825\/revisions"}],"wp:featuredmedia":[{"embeddable":true,"href":"https:\/\/www.europesays.com\/no\/wp-json\/wp\/v2\/media\/111826"}],"wp:attachment":[{"href":"https:\/\/www.europesays.com\/no\/wp-json\/wp\/v2\/media?parent=111825"}],"wp:term":[{"taxonomy":"category","embeddable":true,"href":"https:\/\/www.europesays.com\/no\/wp-json\/wp\/v2\/categories?post=111825"},{"taxonomy":"post_tag","embeddable":true,"href":"https:\/\/www.europesays.com\/no\/wp-json\/wp\/v2\/tags?post=111825"}],"curies":[{"name":"wp","href":"https:\/\/api.w.org\/{rel}","templated":true}]}}