{"id":111840,"date":"2025-12-13T02:13:40","date_gmt":"2025-12-13T02:13:40","guid":{"rendered":"https:\/\/www.europesays.com\/no\/111840\/"},"modified":"2025-12-13T02:13:40","modified_gmt":"2025-12-13T02:13:40","slug":"fot-flekkefjord-magisk-forjulsopplevelse-i-jernbanetunnelen-polarexpressen-ruller-igjen","status":"publish","type":"post","link":"https:\/\/www.europesays.com\/no\/111840\/","title":{"rendered":"FOT, Flekkefjord | Magisk f\u00f8rjulsopplevelse i jernbanetunnelen: Polarexpressen ruller igjen"},"content":{"rendered":"\n<p>I anledning Friluftslivets \u00e5r gjentas suksessen. Lerret og kraftig lydanlegg er allerede p\u00e5 plass, og den karakteristiske tunnelakustikken gir en virkningsfull opplevelse n\u00e5r toget i filmen dundrer frem. Publikum oppfordres til \u00e5 kle seg godt og gjerne ta med tepper, soveposer eller dyner for maksimal komfort. Sist gang kom folk i alt fra vinterjakker til varme sokker \u2013 og det ble en del av sjarmen.<\/p>\n<p>Flekkefjord og Opland Turistforening har, i samarbeid med Frivilligsentralen, ordnet alt det praktiske: Benker med ryggst\u00f8 er leid inn fra Pinsemenigheten, og Ole Hansen har sikret film, prosjektor og teknikk. Ved tunnelinngangen blir det satt opp beachflagg og bannere. Det tennes b\u00e5lpanne, og alle som kommer f\u00e5r servert varm gl\u00f8gg og pepperkaker.<\/p>\n<p>\u2013 Arrangementet er helt gratis og vel verd \u00e5 f\u00e5 med seg, sier Lilly Marie Kongevold, leder for FOT.<\/p>\n<p>   <img decoding=\"async\" width=\"400\" height=\"600\" fetchpriority=\"low\"  loading=\"lazy\"  src=\"https:\/\/www.europesays.com\/no\/wp-content\/uploads\/2025\/12\/image001+%283%29.jpg\" alt=\"\" class=\"brick-c-cFOWSL\" style=\"--brick-image-ratio: 400 \/ 600;\"\/><\/p>\n<p>Polarekspressen er en moderne juleklassiker fra 2004, basert p\u00e5 Chris Van Allsburgs prisbel\u00f8nte barnebok. Filmen f\u00f8lger en gutt som i undring og tvil n\u00e6rmer seg julealderen der troen utfordres \u2013 helt til et mystisk tog stopper utenfor d\u00f8ren hans p\u00e5 julaften.<\/p>\n<p>Eventyret tar b\u00e5de ham og publikum med p\u00e5 en magisk reise mot Nordpolen, der sp\u00f8rsm\u00e5l om tro, vennskap og julens betydning f\u00e5r nye perspektiver. Filmen er kjent for sin stemningsfulle musikk, spektakul\u00e6re togreise og varme budskap \u2013 og er av mange regnet som en av de mest stemningsfulle julefilmene som finnes.<\/p>\n<p>\u2013 Dette er noe jeg har hatt lyst til \u00e5 f\u00e5 til igjen i flere \u00e5r. Det betyr mye \u00e5 kunne tilby en s\u00e5 spesiell opplevelse til folk, og jeg tror dette kan bli helt kanon, sier Lilly Marie Kongevold.<\/p>\n<p>Det er omtrent 180 sitteplasser tilgjengelig. For de som kommer litt sent, kan det v\u00e6re lurt \u00e5 ta med egen campingstol \u2013 bare for sikkerhets skyld.<\/p>\n<p>Alt ligger til rette for en stemningsfull f\u00f8rjulsl\u00f8rdag med frisk luft, varme kopper og filmopplevelse utenom det vanlige.<\/p>\n<p>\u2013 Dette blir en opplevelse det er verdt \u00e5 m\u00f8te opp til \u2013 gjerne godt pakket inn i noe varmt, anbefaler Lilly Marie Kongevold.<\/p>\n","protected":false},"excerpt":{"rendered":"I anledning Friluftslivets \u00e5r gjentas suksessen. Lerret og kraftig lydanlegg er allerede p\u00e5 plass, og den karakteristiske tunnelakustikken&hellip;\n","protected":false},"author":2,"featured_media":111841,"comment_status":"","ping_status":"","sticky":false,"template":"","format":"standard","meta":{"footnotes":""},"categories":[58],"tags":[36,71,573,12047,461,30,28,29,1510,72],"class_list":{"0":"post-111840","1":"post","2":"type-post","3":"status-publish","4":"format-standard","5":"has-post-thumbnail","7":"category-underholdning","8":"tag-art","9":"tag-entertainment","10":"tag-flekkefjord","11":"tag-fot","12":"tag-kino","13":"tag-no","14":"tag-norge","15":"tag-norway","16":"tag-story","17":"tag-underholdning"},"share_on_mastodon":{"url":"https:\/\/pubeurope.com\/@no\/115709844427888878","error":""},"_links":{"self":[{"href":"https:\/\/www.europesays.com\/no\/wp-json\/wp\/v2\/posts\/111840","targetHints":{"allow":["GET"]}}],"collection":[{"href":"https:\/\/www.europesays.com\/no\/wp-json\/wp\/v2\/posts"}],"about":[{"href":"https:\/\/www.europesays.com\/no\/wp-json\/wp\/v2\/types\/post"}],"author":[{"embeddable":true,"href":"https:\/\/www.europesays.com\/no\/wp-json\/wp\/v2\/users\/2"}],"replies":[{"embeddable":true,"href":"https:\/\/www.europesays.com\/no\/wp-json\/wp\/v2\/comments?post=111840"}],"version-history":[{"count":0,"href":"https:\/\/www.europesays.com\/no\/wp-json\/wp\/v2\/posts\/111840\/revisions"}],"wp:featuredmedia":[{"embeddable":true,"href":"https:\/\/www.europesays.com\/no\/wp-json\/wp\/v2\/media\/111841"}],"wp:attachment":[{"href":"https:\/\/www.europesays.com\/no\/wp-json\/wp\/v2\/media?parent=111840"}],"wp:term":[{"taxonomy":"category","embeddable":true,"href":"https:\/\/www.europesays.com\/no\/wp-json\/wp\/v2\/categories?post=111840"},{"taxonomy":"post_tag","embeddable":true,"href":"https:\/\/www.europesays.com\/no\/wp-json\/wp\/v2\/tags?post=111840"}],"curies":[{"name":"wp","href":"https:\/\/api.w.org\/{rel}","templated":true}]}}