{"id":111848,"date":"2025-12-13T02:56:10","date_gmt":"2025-12-13T02:56:10","guid":{"rendered":"https:\/\/www.europesays.com\/no\/111848\/"},"modified":"2025-12-13T02:56:10","modified_gmt":"2025-12-13T02:56:10","slug":"rana-dodsfall-mindrearig-gutt-funnet-omkommet-pa-branntomta-pa-gruben","status":"publish","type":"post","link":"https:\/\/www.europesays.com\/no\/111848\/","title":{"rendered":"Rana, D\u00f8dsfall | Mindre\u00e5rig gutt funnet omkommet p\u00e5 branntomta p\u00e5 Gruben"},"content":{"rendered":"\n<p>Klokken 0042 natt til l\u00f8rdag melder Nordland politidistrikt at det er gjort funn av en omkommet person i omsorgsboligen i Svalbardgata p\u00e5 Gruben i Rana som brant fredag kveld.<\/p>\n<p>Politiet opplyser at det etter evakueringen av beboere fredag kveld raskt ble avklart at en person ikke var gjort rede for.<\/p>\n<p>Dessverre ble denne personen sent fredag kveld funnet omkommet i den brannskadde omsorgsboligen.<\/p>\n<p>Den omkomne er en mindre\u00e5rig gutt som bodde i omsorgsboligen.<\/p>\n<p>Politiet opplyser at den omkomnes p\u00e5r\u00f8rende er varslet, og Rana kommunes kriseteam er til stede for disse.<\/p>\n<p>Politiet opplyser at de jobber ut fra ulike hypoteser om hvordan brannen har startet og etterforsker denne tragiske hendelsen videre<\/p>\n<p><b>Les mer: <a class=\"simple-relation related-teaser article--c-eRUmMG article--c-eRUmMG-jKCPdD-design-default article--c-eRUmMG-iBPVJb-cv\" href=\"https:\/\/www.ranablad.no\/dette-vet-vi-per-na-om-brannen-i-omsorgsboligen-pa-gruben\/s\/5-42-1532692\" rel=\"nofollow noopener\" target=\"_blank\">Dette vet vi per n\u00e5 om brannen i omsorgsboligen p\u00e5 Gruben<\/a><\/b><\/p>\n","protected":false},"excerpt":{"rendered":"Klokken 0042 natt til l\u00f8rdag melder Nordland politidistrikt at det er gjort funn av en omkommet person i&hellip;\n","protected":false},"author":2,"featured_media":5826,"comment_status":"","ping_status":"","sticky":false,"template":"","format":"standard","meta":{"footnotes":""},"categories":[10],"tags":[36,367,20,21,576,24,25,11557,15,22,23,13,30,28,29,14,16,1360,1510,26,27],"class_list":{"0":"post-111848","1":"post","2":"type-post","3":"status-publish","4":"format-standard","5":"has-post-thumbnail","7":"category-norge","8":"tag-art","9":"tag-brann","10":"tag-breaking-news","11":"tag-breakingnews","12":"tag-dodsfall","13":"tag-featured-news","14":"tag-featurednews","15":"tag-gruben","16":"tag-headlines","17":"tag-latest-news","18":"tag-latestnews","19":"tag-news","20":"tag-no","21":"tag-norge","22":"tag-norway","23":"tag-nyheter","24":"tag-overskrifter","25":"tag-rana","26":"tag-story","27":"tag-top-stories","28":"tag-topstories"},"share_on_mastodon":{"url":"https:\/\/pubeurope.com\/@no\/115710013163566432","error":""},"_links":{"self":[{"href":"https:\/\/www.europesays.com\/no\/wp-json\/wp\/v2\/posts\/111848","targetHints":{"allow":["GET"]}}],"collection":[{"href":"https:\/\/www.europesays.com\/no\/wp-json\/wp\/v2\/posts"}],"about":[{"href":"https:\/\/www.europesays.com\/no\/wp-json\/wp\/v2\/types\/post"}],"author":[{"embeddable":true,"href":"https:\/\/www.europesays.com\/no\/wp-json\/wp\/v2\/users\/2"}],"replies":[{"embeddable":true,"href":"https:\/\/www.europesays.com\/no\/wp-json\/wp\/v2\/comments?post=111848"}],"version-history":[{"count":0,"href":"https:\/\/www.europesays.com\/no\/wp-json\/wp\/v2\/posts\/111848\/revisions"}],"wp:featuredmedia":[{"embeddable":true,"href":"https:\/\/www.europesays.com\/no\/wp-json\/wp\/v2\/media\/5826"}],"wp:attachment":[{"href":"https:\/\/www.europesays.com\/no\/wp-json\/wp\/v2\/media?parent=111848"}],"wp:term":[{"taxonomy":"category","embeddable":true,"href":"https:\/\/www.europesays.com\/no\/wp-json\/wp\/v2\/categories?post=111848"},{"taxonomy":"post_tag","embeddable":true,"href":"https:\/\/www.europesays.com\/no\/wp-json\/wp\/v2\/tags?post=111848"}],"curies":[{"name":"wp","href":"https:\/\/api.w.org\/{rel}","templated":true}]}}