{"id":111853,"date":"2025-12-13T03:32:16","date_gmt":"2025-12-13T03:32:16","guid":{"rendered":"https:\/\/www.europesays.com\/no\/111853\/"},"modified":"2025-12-13T03:32:16","modified_gmt":"2025-12-13T03:32:16","slug":"ud-advarer-ikke-lenger-mot-a-besoke-betlehem","status":"publish","type":"post","link":"https:\/\/www.europesays.com\/no\/111853\/","title":{"rendered":"UD advarer ikke lenger mot \u00e5 bes\u00f8ke Betlehem"},"content":{"rendered":"<p>\n        Utenriksdepartementet frar\u00e5der ikke lenger \u00e5 bes\u00f8ke Betlehem p\u00e5 den okkuperte Vestbredden.<br \/>\n        AP \/ NTB\n    <\/p>\n<p>    Utenriksdepartementet har endret reiseadvarselen for enkelte deler av Palestina, blant annet Betlehem. <\/p>\n<p>\n\u2013 UD har besluttet \u00e5 fjerne reiseadvarselen for Betlehem by, Jeriko by, grenseovergangen\u202fKing Hussein Bridge (Allenby), den palestinske d\u00f8dehavskysten og hovedveiene fra \u00d8st-Jerusalem til nevnte\u202fsteder, <a href=\"https:\/\/www.regjeringen.no\/no\/aktuelt\/utenriksdepartementet-endrer-reiseadvarselen-for-palestina3\/id3142940\/\" rel=\"nofollow noopener\" target=\"_blank\">heter det<\/a>.<\/p>\n<p>Dette blir begrunnet med at sikkerhetssituasjonen i disse omr\u00e5dene har v\u00e6rt stabil den siste tiden, til tross for at det nylig har v\u00e6rt enkelte hendelser i distriktene utenfor de to byene.<\/p>\n<p>De opprettholder reiseadvarselen som gjelder for de \u00f8vrige delene av Palestina og frar\u00e5der reiser dit. <\/p>\n","protected":false},"excerpt":{"rendered":"Utenriksdepartementet frar\u00e5der ikke lenger \u00e5 bes\u00f8ke Betlehem p\u00e5 den okkuperte Vestbredden. AP \/ NTB Utenriksdepartementet har endret reiseadvarselen&hellip;\n","protected":false},"author":2,"featured_media":111854,"comment_status":"","ping_status":"","sticky":false,"template":"","format":"standard","meta":{"footnotes":""},"categories":[12],"tags":[20,21,24,25,15,22,23,13,30,28,29,14,16,26,27,42,43,44,45],"class_list":{"0":"post-111853","1":"post","2":"type-post","3":"status-publish","4":"format-standard","5":"has-post-thumbnail","7":"category-verden","8":"tag-breaking-news","9":"tag-breakingnews","10":"tag-featured-news","11":"tag-featurednews","12":"tag-headlines","13":"tag-latest-news","14":"tag-latestnews","15":"tag-news","16":"tag-no","17":"tag-norge","18":"tag-norway","19":"tag-nyheter","20":"tag-overskrifter","21":"tag-top-stories","22":"tag-topstories","23":"tag-verden","24":"tag-world","25":"tag-world-news","26":"tag-worldnews"},"share_on_mastodon":{"url":"https:\/\/pubeurope.com\/@no\/115710154706074799","error":""},"_links":{"self":[{"href":"https:\/\/www.europesays.com\/no\/wp-json\/wp\/v2\/posts\/111853","targetHints":{"allow":["GET"]}}],"collection":[{"href":"https:\/\/www.europesays.com\/no\/wp-json\/wp\/v2\/posts"}],"about":[{"href":"https:\/\/www.europesays.com\/no\/wp-json\/wp\/v2\/types\/post"}],"author":[{"embeddable":true,"href":"https:\/\/www.europesays.com\/no\/wp-json\/wp\/v2\/users\/2"}],"replies":[{"embeddable":true,"href":"https:\/\/www.europesays.com\/no\/wp-json\/wp\/v2\/comments?post=111853"}],"version-history":[{"count":0,"href":"https:\/\/www.europesays.com\/no\/wp-json\/wp\/v2\/posts\/111853\/revisions"}],"wp:featuredmedia":[{"embeddable":true,"href":"https:\/\/www.europesays.com\/no\/wp-json\/wp\/v2\/media\/111854"}],"wp:attachment":[{"href":"https:\/\/www.europesays.com\/no\/wp-json\/wp\/v2\/media?parent=111853"}],"wp:term":[{"taxonomy":"category","embeddable":true,"href":"https:\/\/www.europesays.com\/no\/wp-json\/wp\/v2\/categories?post=111853"},{"taxonomy":"post_tag","embeddable":true,"href":"https:\/\/www.europesays.com\/no\/wp-json\/wp\/v2\/tags?post=111853"}],"curies":[{"name":"wp","href":"https:\/\/api.w.org\/{rel}","templated":true}]}}