{"id":111855,"date":"2025-12-13T03:40:14","date_gmt":"2025-12-13T03:40:14","guid":{"rendered":"https:\/\/www.europesays.com\/no\/111855\/"},"modified":"2025-12-13T03:40:14","modified_gmt":"2025-12-13T03:40:14","slug":"trondheim-krim-etterforsker-mistenkelig-dodsfall-nidaros","status":"publish","type":"post","link":"https:\/\/www.europesays.com\/no\/111855\/","title":{"rendered":"Trondheim, Krim | Etterforsker mistenkelig d\u00f8dsfall &#8211; Nidaros"},"content":{"rendered":"<ol>\n<li><a href=\"https:\/\/news.google.com\/rss\/articles\/CBMie0FVX3lxTFBFQ0hIdkZTM1RkZmp4SFZvYXZxTk0wYlZTdGd1Q1BnaU04ZzBwbEYzWUl3RGFITFZxN1BwbmlabFFVeVpSNThZMTVUWE8tdGNTazlvLUh5cE81RHlyNUkwOE1xdF9FMkphNnozWE5KZ1Q1UnJSbGJIV1p3QQ?oc=5\" target=\"_blank\" rel=\"nofollow noopener\">Trondheim, Krim | Etterforsker mistenkelig d\u00f8dsfall<\/a>&nbsp;&nbsp;Nidaros<\/li>\n<li><a href=\"https:\/\/news.google.com\/rss\/articles\/CBMijgFBVV95cUxNdmVFb2RwcU5hQnJyQXR5bjQ5dGJTS3JCWXZwa19NTHRneHJjQTRMUzJHOHZiREJsR0RTNGJRdFREa2Z0T2hrRzFEUFZ3RmVTYVIzTkFXU1podF9uZzYya3BueUYyUzV6eGtnSnB4Y1V6Tjk2M2U0SjRNR20wLWZGN01Za1hLb255VjBlWUhn?oc=5\" target=\"_blank\" rel=\"nofollow noopener\">Etterforsker mistenkelig d\u00f8dsfall i Trondheim<\/a>&nbsp;&nbsp;NRK<\/li>\n<li><a href=\"https:\/\/news.google.com\/rss\/articles\/CBMihgFBVV95cUxQcl82LTFtX1diN0s5enBRazg2WU5yaGYtYzNCNHBkNkgtajE1SzItWEdHWmZLZVZYbzlGdFV0bng5RW9PLVNZN0prZU9qT0o3YzM2R1ZfeW1PNWRxQW9feTFZZF9GTEFFeUhhU2lxNDlaRWswQ3V2UkJVY21aTU5rQy14WE5wQQ?oc=5\" target=\"_blank\" rel=\"nofollow noopener\">Raser over funn: &#8211; Ondskapsfulle j\u00e6vler<\/a>&nbsp;&nbsp;Dagbladet<\/li>\n<li><a href=\"https:\/\/news.google.com\/rss\/articles\/CBMivgFBVV95cUxQN3BKeml2al9wR05wNlZzY1FBTmZ2ZTJiUVhLdVV1cXZwYnNiZTB3b2YxTkNoWllzZWw0YmdhdTlxMHdIM1lfZ29IQWN5YW9qY1Atc0FLN2pRenM0UlZ1VXJBS25oYjRDcHVvNEQ3WDBybTgxbi1jdkNjaWFLWjdhWUFXamtiRmszMlppTnYwVzZ4WXBfclo3ZHcwNEp3bkNlVzU3REtGdW9Fa195MndWQ1RXX0ZyczJXRUFKU1hR?oc=5\" target=\"_blank\" rel=\"nofollow noopener\">Etter\u00adforsker misten\u00adkelig d\u00f8dsfall i Trond\u00adheim \u2013 krimtek\u00adnikere p\u00e5 stedet<\/a>&nbsp;&nbsp;adressa.no<\/li>\n<li><a href=\"https:\/\/news.google.com\/rss\/articles\/CBMinwFBVV95cUxNXzRJejZHLUNzbUlpWmpNTjgzN2RZcUhTZ1VudkktZlBvSjZzaUJZdHRyNjlPMXBzeW9GQzVzckF1azRpT0ViS00tTnJGNld1S1N4UTQ2RVFsQmZDYjFlaHN1ZnZHalBLeWtzZlN3aUNleUgtQVcwQ2xoa2JoQklHUkI2dW1jNmNBbmhhNGJLTUpmT2JPWm9sQUx1aXdTeWs?oc=5\" target=\"_blank\" rel=\"nofollow noopener\">Elgseter: Mistenkelig d\u00f8dsfall, politiet rykket ut med krimteknikere \u2013<\/a>&nbsp;&nbsp;trondheim24<\/li>\n<\/ol>\n","protected":false},"excerpt":{"rendered":"Trondheim, Krim | Etterforsker mistenkelig d\u00f8dsfall&nbsp;&nbsp;Nidaros Etterforsker mistenkelig d\u00f8dsfall i Trondheim&nbsp;&nbsp;NRK Raser over funn: &#8211; Ondskapsfulle j\u00e6vler&nbsp;&nbsp;Dagbladet Etter\u00adforsker&hellip;\n","protected":false},"author":2,"featured_media":111856,"comment_status":"","ping_status":"","sticky":false,"template":"","format":"standard","meta":{"footnotes":""},"categories":[12],"tags":[20,21,24,25,15,22,23,13,30,28,29,14,16,26,27,42,43,44,45],"class_list":{"0":"post-111855","1":"post","2":"type-post","3":"status-publish","4":"format-standard","5":"has-post-thumbnail","7":"category-verden","8":"tag-breaking-news","9":"tag-breakingnews","10":"tag-featured-news","11":"tag-featurednews","12":"tag-headlines","13":"tag-latest-news","14":"tag-latestnews","15":"tag-news","16":"tag-no","17":"tag-norge","18":"tag-norway","19":"tag-nyheter","20":"tag-overskrifter","21":"tag-top-stories","22":"tag-topstories","23":"tag-verden","24":"tag-world","25":"tag-world-news","26":"tag-worldnews"},"share_on_mastodon":{"url":"https:\/\/pubeurope.com\/@no\/115710186181099305","error":""},"_links":{"self":[{"href":"https:\/\/www.europesays.com\/no\/wp-json\/wp\/v2\/posts\/111855","targetHints":{"allow":["GET"]}}],"collection":[{"href":"https:\/\/www.europesays.com\/no\/wp-json\/wp\/v2\/posts"}],"about":[{"href":"https:\/\/www.europesays.com\/no\/wp-json\/wp\/v2\/types\/post"}],"author":[{"embeddable":true,"href":"https:\/\/www.europesays.com\/no\/wp-json\/wp\/v2\/users\/2"}],"replies":[{"embeddable":true,"href":"https:\/\/www.europesays.com\/no\/wp-json\/wp\/v2\/comments?post=111855"}],"version-history":[{"count":0,"href":"https:\/\/www.europesays.com\/no\/wp-json\/wp\/v2\/posts\/111855\/revisions"}],"wp:featuredmedia":[{"embeddable":true,"href":"https:\/\/www.europesays.com\/no\/wp-json\/wp\/v2\/media\/111856"}],"wp:attachment":[{"href":"https:\/\/www.europesays.com\/no\/wp-json\/wp\/v2\/media?parent=111855"}],"wp:term":[{"taxonomy":"category","embeddable":true,"href":"https:\/\/www.europesays.com\/no\/wp-json\/wp\/v2\/categories?post=111855"},{"taxonomy":"post_tag","embeddable":true,"href":"https:\/\/www.europesays.com\/no\/wp-json\/wp\/v2\/tags?post=111855"}],"curies":[{"name":"wp","href":"https:\/\/api.w.org\/{rel}","templated":true}]}}