{"id":111857,"date":"2025-12-13T03:51:18","date_gmt":"2025-12-13T03:51:18","guid":{"rendered":"https:\/\/www.europesays.com\/no\/111857\/"},"modified":"2025-12-13T03:51:18","modified_gmt":"2025-12-13T03:51:18","slug":"han-lever-pa-hveteboller","status":"publish","type":"post","link":"https:\/\/www.europesays.com\/no\/111857\/","title":{"rendered":"&#8211; Han lever p\u00e5 hveteboller"},"content":{"rendered":"<p class=\"kicker \" style=\"\">Emil Iversen:<\/p>\n<p>  Emil Iversen (34) syns det er ironisk at pappa Ole Morten Iversen (66) p\u00e5peker endringer i kostholdet til s\u00f8nnen.<\/p>\n<p>\n    OL NESTE?: Tour de Ski skal han nok v\u00e6re kvalifisert til, men det er gode sjanser for at vi f\u00e5r se Emil Iversen i OL i februar denne sesongen etter en str\u00e5lende helg i Trondheim. Foto: Maxim Thore \/ Bildbyr\u00e5n\n  <\/p>\n<p>TRONDHEIM (Dagbladet): For noen uker det har v\u00e6rt for Emil Iversen.<\/p>\n<ul>\n<li class=\"lab-bodytext-line\">8. og 18. plass <a href=\"https:\/\/www.dagbladet.no\/sport\/helt-vilt\/83889261\" rel=\"nofollow noopener\" target=\"_blank\">p\u00e5 Beitost\u00f8len<\/a> i den norske sesong\u00e5pningen. Terningkast\u00a0\u00e9n, oppsummerte han overfor Dagbladet.<\/li>\n<li class=\"lab-bodytext-line\">Til tross for terningkast\u00a0\u00e9n-helg: <a href=\"https:\/\/www.dagbladet.no\/sport\/hores-veldig-rart-ut\/83907335\" rel=\"nofollow noopener\" target=\"_blank\">Han refset<\/a>\u00a0forbundet for at han ikke var med til verdenscupen i Ruka. <a href=\"https:\/\/www.dagbladet.no\/sport\/syrlig-stikk\/83913439\" rel=\"nofollow noopener\" target=\"_blank\">P\u00e5 G\u00e5l\u00e5<\/a> samme helg vant han to renn.<\/li>\n<li class=\"lab-bodytext-line\">Det ga ham friplasser til verdenscup i Trondheim, der han fikk <a href=\"https:\/\/www.dagbladet.no\/sport\/feiret-med-forloveden\/83947095\" rel=\"nofollow noopener\" target=\"_blank\">pallplass<\/a> og en sterk <a href=\"https:\/\/www.dagbladet.no\/sport\/dette-blir-kaos\/83950410\" rel=\"nofollow noopener\" target=\"_blank\">fjerdeplass<\/a> p\u00e5 OL-distansene skiatlon og 10 kilometer fri teknikk.<\/li>\n<li class=\"lab-bodytext-line\">Per n\u00e5 er han inne i en OL-tropp, hvis du sp\u00f8r flere eksperter og synsere.<\/li>\n<\/ul>\n<p>&#8211; Det har egentlig g\u00e5tt til helvete hele tida siden VM i Oberstdorf (2021). Jeg har ikke f\u00e5tt til en skitt, sier Iversen til Dagbladet etter sin tredjeplass l\u00f8rdag i Trondheim.<\/p>\n<p>Det var hans f\u00f8rste pallplass p\u00e5 nesten fem \u00e5r.<\/p>\n<p>        GRAN\u00c5SEN: Emil Iversen gikk et nytt fantastisk l\u00f8p, og endte som nummer fire p\u00e5 en distanse som egentlig ikke passer han spesielt godt. Han framsto nerv\u00f8s i m\u00e5lomr\u00e5det da de andre skil\u00f8perne passerte m\u00e5lstreken. Video\/reporter: B\u00e5rd S\u00f8r\u00f8 Olsen<\/p>\n<p>Sesongoppladningen, der <a href=\"https:\/\/www.dagbladet.no\/sport\/usa-opphold-vekker-oppsikt\/83644938\" rel=\"nofollow noopener\" target=\"_blank\">han har v\u00e6rt tett<\/a> p\u00e5 Johannes H\u00f8sflot Kl\u00e6bo i h\u00f8yden i USA og italienske Livigno, gir resultater. N\u00e5 venter nytt verdenscuprenn s\u00f8ndag i sveitsiske Davos. Et nytt viktig renn for OL i februar i Italia.<\/p>\n<p class=\"italic m-italic\" data-lab-italic=\"italic\">&#8211; N\u00e5r vi nevner Tour de Ski og OL, hva tenker du da?<\/p>\n<p>&#8211; Jeg har bare tenkt at OL er en vag dr\u00f8m. Men n\u00e5 er jeg s\u00e5 n\u00e6rme \u00e5 kunne v\u00e6re kvalifisert at jeg skj\u00f8nner ikke at det g\u00e5r an. Jeg har ikke ord.<\/p>\n<p>        TRONDHEIM: Emil Iversen er i t\u00e5rer etter l\u00f8rdagens skiatlon. Video: Dagbladet<\/p>\n<p>Pappa Iversen: &#8211; Han har v\u00e6rt sl\u00f8v\t<\/p>\n<p>Hvor mye av \u00e6ren Johannes H\u00f8sflot Kl\u00e6bo skal ha for denne utviklingen er uvisst, men han skal kanskje ha noen prosenter. 99,9 if\u00f8lge en fleipete Iversen, mens en ydmyk Kl\u00e6bo sier han ikke skal ha noe \u00e6re.<\/p>\n<p>Men det som det i hvert fall er bred enighet om, er endringen i kostholdet.<\/p>\n<p>&#8211; Jeg har gitt det en siste sjanse. Jeg ble med Johannes til h\u00f8yden. Jeg trener bedre, jeg trener hardere, jeg legger meg tidligere, spiser sunnere.<\/p>\n<p>        <img loading=\"lazy\" decoding=\"async\" src=\"https:\/\/www.europesays.com\/no\/wp-content\/uploads\/2025\/12\/83960341.webp\" width=\"686\" height=\"392\" title=\"PAPPA: Ole Morten Iversen i intervju med Dagbladet etter at Emil Iversen ble nummer tre p\u00e5 Skiatlon. Foto: B\u00e5rd S\u00f8r\u00f8 Olsen \/ Dagbladet\" alt=\"\" class=\"\" style=\"--aspect-ratio-image: 1.75; \"\/><\/p>\n<p>\n        PAPPA: Ole Morten Iversen i intervju med Dagbladet etter at Emil Iversen ble nummer tre p\u00e5 Skiatlon. Foto: B\u00e5rd S\u00f8r\u00f8 Olsen \/ Dagbladet\n    <\/p>\n<p>Pappa Ole Morten Iversen istemmer.<\/p>\n<p>&#8211; For oss som har kjent ham i mange \u00e5r, s\u00e5 har han v\u00e6rt sl\u00f8v p\u00e5 det, men da har han g\u00e5tt fort p\u00e5 ski, l\u00e6ll. N\u00e5 har det v\u00e6rt noen \u00e5r hvor han ikke har gjort det (g\u00e5tt fort p\u00e5 ski, red.anm.), s\u00e5 det var kanskje p\u00e5 tide \u00e5 ta noen grep der ogs\u00e5.\u00a0<\/p>\n<p class=\"italic m-italic\" data-lab-italic=\"italic\">&#8211; Tenkte du p\u00e5 det for noen \u00e5r siden at han spiste sm\u00e5ting som han ikke burde ha gjort?<\/p>\n<p>&#8211; Det har han h\u00f8rt selv. Det er opp til ham selv, og jeg tror han fl\u00f8t litt for lenge p\u00e5 at han klarer seg selv med sin m\u00e5te \u00e5 ta vare p\u00e5 seg selv og v\u00e6re litt atypisk toppidrettsut\u00f8ver.\u00a0<\/p>\n<p>Svarer faren: &#8211; Han er jo hvetebollens mann!\t<\/p>\n<p>Emil Iversen ler da Dagbladet konfronterer ham med at b\u00e5de faren og Kl\u00e6bo har p\u00e5pekt endringer i kostholdet.<\/p>\n<p>&#8211; Det er artig at pappa drar fram det, for han er jo hvetebollens mann!<\/p>\n<p>34-\u00e5ringen legger til:<\/p>\n<p>&#8211; Han lever p\u00e5 hveteboller og kaffe. Han blir jo sur n\u00e5r jeg sier at jeg ikke vil ha det, og jeg vil heller ha kombucha, gr\u00f8nnsaker og ting laget fra bunnen.<\/p>\n<p>    <a itemprop=\"url\" href=\"https:\/\/www.dagbladet.no\/sport\/kalt-inn-til-juryen\/83950198\" rel=\"nofollow noopener\" target=\"_blank\"><\/p>\n<p>        <img loading=\"lazy\" decoding=\"async\" src=\"https:\/\/www.europesays.com\/no\/wp-content\/uploads\/2025\/12\/1765597877_295_83950337.webp\" width=\"980\" height=\"441\" title=\"Kalt inn til juryen\" alt=\"\" class=\"lazyload\" style=\"--aspect-ratio-image: 2.22; \"\/><\/p>\n<p>        Kalt inn til juryen<\/p>\n<p>    <\/a><\/p>\n<p>Bonuspappa?\t<\/p>\n<p>P\u00e5 h\u00f8ydesamlingene i sommer og h\u00f8st har han nesten f\u00e5tt seg en bonuspappa, litt tullete skrevet, i Haakon Kl\u00e6bo.\u00a0<\/p>\n<p>Iversen ga en god og lang klem til pappa Kl\u00e6bo etter at tredjeplassen var et faktum p\u00e5 l\u00f8rdagens skiatlon.<\/p>\n<p>        <img loading=\"lazy\" decoding=\"async\" src=\"https:\/\/www.europesays.com\/no\/wp-content\/uploads\/2025\/12\/83960150.webp\" width=\"686\" height=\"392\" title=\"KLEM: Emil Iversen gikk rett til Haakon Kl\u00e6bo etter m\u00e5lgang. Foto: Maxim Thore \/ BILDBYR\u00c5N\" alt=\"\" class=\"\" style=\"--aspect-ratio-image: 1.75; \"\/><\/p>\n<p>\n        KLEM: Emil Iversen gikk rett til Haakon Kl\u00e6bo etter m\u00e5lgang. Foto: Maxim Thore \/ BILDBYR\u00c5N\n    <\/p>\n<p>Han forklarer klemmen slik:<\/p>\n<p> &#8211; Han har v\u00e6rt med, og jeg har blitt kjent med ham i USA og Livigno. Han ringte meg seinest forrige helg f\u00f8r G\u00e5l\u00e5. Det var ti minutter. Han sa s\u00e5 mye r\u00e5tt. Da jeg la p\u00e5, tenkte jeg at han har helt rett. S\u00e5nn m\u00e5 jeg gj\u00f8re det. Det var en viktig samtale rett og slett. Jeg fikk melding av ham f\u00f8r start (skiatlon) i dag ogs\u00e5. S\u00e5 jeg vet at han heier litt ekstra p\u00e5 meg, og da fortjente han en klem, for han har hjulpet meg ogs\u00e5. <\/p>\n<p>&#8211; Er du blitt en bonuss\u00f8nn?<\/p>\n<p>&#8211; Haha. Jeg tror det kanskje er han som er mest glad for at det har v\u00e6rt med en ekstra p\u00e5 h\u00f8ydesamlingene, sier han og sikter til at Johannes H\u00f8sflot Kl\u00e6bo ogs\u00e5 har v\u00e6rt en del av laget.<\/p>\n<p>        LEI: Den nye svenske vinen innen langrenn er lei av \u00e5 f\u00e5 det samme sp\u00f8rsm\u00e5let hele tiden. Video: Schjesvold\/S\u00f8r\u00f8 Olsen\/Dagbladet TV-sporten<\/p>\n<p>Iversen vil ikke r\u00f8pe detaljene fra telefonsamtalen.<\/p>\n<p>&#8211; Men han sa mye r\u00e5tt. Det blir mellom meg og Haakon. Men jeg kan si at det var en veldig fin telefonsamtale, som gikk inn p\u00e5 meg.\u00a0<\/p>\n<p>Emil Iversen skal ikke delta i sprintene i Davos fredag og l\u00f8rdag, men g\u00e5r et viktig uttaksrenn til OL: 10 kilometer fri s\u00f8ndag.<\/p>\n","protected":false},"excerpt":{"rendered":"Emil Iversen: Emil Iversen (34) syns det er ironisk at pappa Ole Morten Iversen (66) p\u00e5peker endringer i&hellip;\n","protected":false},"author":2,"featured_media":111858,"comment_status":"","ping_status":"","sticky":false,"template":"","format":"standard","meta":{"footnotes":""},"categories":[59],"tags":[3647,711,398,30,28,29,13684,83,82],"class_list":{"0":"post-111857","1":"post","2":"type-post","3":"status-publish","4":"format-standard","5":"has-post-thumbnail","7":"category-sport","8":"tag-emil-iversen","9":"tag-johannes-hosflot-klaebo","10":"tag-langrenn","11":"tag-no","12":"tag-norge","13":"tag-norway","14":"tag-ole-morten-iversen","15":"tag-sport","16":"tag-sports"},"share_on_mastodon":{"url":"https:\/\/pubeurope.com\/@no\/115710229619750110","error":""},"_links":{"self":[{"href":"https:\/\/www.europesays.com\/no\/wp-json\/wp\/v2\/posts\/111857","targetHints":{"allow":["GET"]}}],"collection":[{"href":"https:\/\/www.europesays.com\/no\/wp-json\/wp\/v2\/posts"}],"about":[{"href":"https:\/\/www.europesays.com\/no\/wp-json\/wp\/v2\/types\/post"}],"author":[{"embeddable":true,"href":"https:\/\/www.europesays.com\/no\/wp-json\/wp\/v2\/users\/2"}],"replies":[{"embeddable":true,"href":"https:\/\/www.europesays.com\/no\/wp-json\/wp\/v2\/comments?post=111857"}],"version-history":[{"count":0,"href":"https:\/\/www.europesays.com\/no\/wp-json\/wp\/v2\/posts\/111857\/revisions"}],"wp:featuredmedia":[{"embeddable":true,"href":"https:\/\/www.europesays.com\/no\/wp-json\/wp\/v2\/media\/111858"}],"wp:attachment":[{"href":"https:\/\/www.europesays.com\/no\/wp-json\/wp\/v2\/media?parent=111857"}],"wp:term":[{"taxonomy":"category","embeddable":true,"href":"https:\/\/www.europesays.com\/no\/wp-json\/wp\/v2\/categories?post=111857"},{"taxonomy":"post_tag","embeddable":true,"href":"https:\/\/www.europesays.com\/no\/wp-json\/wp\/v2\/tags?post=111857"}],"curies":[{"name":"wp","href":"https:\/\/api.w.org\/{rel}","templated":true}]}}